{"id":44153,"date":"2021-11-23T21:52:18","date_gmt":"2021-11-24T00:52:18","guid":{"rendered":"https:\/\/vocesparalelas.com.ar\/sitio\/?p=44153"},"modified":"2021-11-25T00:18:56","modified_gmt":"2021-11-25T03:18:56","slug":"la-feria-educativa-2021-con-la-faud-de-la-unsj","status":"publish","type":"post","link":"https:\/\/vocesparalelas.com.ar\/sitio\/la-feria-educativa-2021-con-la-faud-de-la-unsj\/","title":{"rendered":"La Feria Educativa 2021 con la FAUD de la UNSJ"},"content":{"rendered":"<p>En los jardines del Complejo Universitario Islas Malvinas &#8211; CUIM &#8211; de la Universidad Nacional de San Juan se desarroll\u00f3 la Feria Educativa 2021 presencial.<\/p>\n<p>Voces Paralelas asisti\u00f3 y la Facultad de Arquitectura, Urbanismo y Dise\u00f1o de la UNSJ, estuvo presente, donde se brind\u00f3 la producci\u00f3n del Taller de Dise\u00f1o de Indumentaria, maquetas arquitect\u00f3nicas y dise\u00f1os gr\u00e1ficos que permiti\u00f3 a los visitantes visualidad lo que se aprende en las carreras de grado que se dictan en la Unidad Acad\u00e9mica.<\/p>\n<p><img loading=\"lazy\" decoding=\"async\" class=\"alignnone wp-image-44170 size-full\" src=\"https:\/\/vocesparalelas.com.ar\/sitio\/wp-content\/uploads\/2021\/11\/FERIA-FAUD-02.jpg\" alt=\"\" width=\"800\" height=\"533\" srcset=\"https:\/\/vocesparalelas.com.ar\/sitio\/wp-content\/uploads\/2021\/11\/FERIA-FAUD-02.jpg 800w, https:\/\/vocesparalelas.com.ar\/sitio\/wp-content\/uploads\/2021\/11\/FERIA-FAUD-02-300x200.jpg 300w, https:\/\/vocesparalelas.com.ar\/sitio\/wp-content\/uploads\/2021\/11\/FERIA-FAUD-02-768x512.jpg 768w\" sizes=\"auto, (max-width: 800px) 100vw, 800px\" \/><\/p>\n<p>Asistieron alumnos del \u00faltimo a\u00f1o del secundario y otros interesados en conocer lo que contiene la carrera de grado que les interesa.<\/p>\n<p>Voces Paralelas encontr\u00f3 a estudiantes de diferentes carreras de grado como Yohana Rey, que estudia Arquitectura pero adem\u00e1s, es la Presidente del Centro de estudiante de la FAUD y Brenda Suizer Riveros, alumna de Dise\u00f1o Industrial y Secretaria de Extensi\u00f3n del Centro de estudiante. Ellas se manifestaron apasionadas de su carrera y de estudiar en la FAUD de la UNSJ, fundamentalmente, tener la posibilidad de quedarse a estudiar en San Juan.<\/p>\n<p>Por ello, Voces Paralelas entrevist\u00f3 a Yohana Rey, quien destac\u00f3 la gran posibilidad de estudiar en la Nacional y en la FAUD de la UNSJ aplaudi\u00f3 Arquitectura y el nivel de aprendizaje que adquieren con la gu\u00eda de sus profesores.<\/p>\n<p><iframe loading=\"lazy\" title=\"FAUD UNSJ YOHANA REY\" width=\"800\" height=\"450\" src=\"https:\/\/www.youtube.com\/embed\/ChiEEHaST9o?feature=oembed\" frameborder=\"0\" allow=\"accelerometer; autoplay; clipboard-write; encrypted-media; gyroscope; picture-in-picture\" allowfullscreen><\/iframe><\/p>\n<p>&nbsp;<\/p>\n<p>Lo m\u00e1s importante en esta propuesta para los interesados es estudiar y formarse como profesional en la Nacional donde se brinda muchas posibilidades y con gran apoyo de contenci\u00f3n por parte de los profesores y de la Facultad.<\/p>\n<p><img loading=\"lazy\" decoding=\"async\" class=\"alignnone wp-image-44243 size-full\" src=\"https:\/\/vocesparalelas.com.ar\/sitio\/wp-content\/uploads\/2021\/11\/FERIA-FAUD-09.jpg\" alt=\"\" width=\"800\" height=\"533\" srcset=\"https:\/\/vocesparalelas.com.ar\/sitio\/wp-content\/uploads\/2021\/11\/FERIA-FAUD-09.jpg 800w, https:\/\/vocesparalelas.com.ar\/sitio\/wp-content\/uploads\/2021\/11\/FERIA-FAUD-09-300x200.jpg 300w, https:\/\/vocesparalelas.com.ar\/sitio\/wp-content\/uploads\/2021\/11\/FERIA-FAUD-09-768x512.jpg 768w\" sizes=\"auto, (max-width: 800px) 100vw, 800px\" \/><\/p>\n<p><img loading=\"lazy\" decoding=\"async\" class=\"alignnone wp-image-44242 size-full\" src=\"https:\/\/vocesparalelas.com.ar\/sitio\/wp-content\/uploads\/2021\/11\/FERIA-FAUD-08.jpg\" alt=\"\" width=\"800\" height=\"533\" srcset=\"https:\/\/vocesparalelas.com.ar\/sitio\/wp-content\/uploads\/2021\/11\/FERIA-FAUD-08.jpg 800w, https:\/\/vocesparalelas.com.ar\/sitio\/wp-content\/uploads\/2021\/11\/FERIA-FAUD-08-300x200.jpg 300w, https:\/\/vocesparalelas.com.ar\/sitio\/wp-content\/uploads\/2021\/11\/FERIA-FAUD-08-768x512.jpg 768w\" sizes=\"auto, (max-width: 800px) 100vw, 800px\" \/><\/p>\n<p><img loading=\"lazy\" decoding=\"async\" class=\"alignnone wp-image-9761 size-large\" src=\"https:\/\/vocesparalelas.com.ar\/sitio\/wp-content\/uploads\/2018\/02\/FAUD-UNSJ-800x600.jpg\" alt=\"\" width=\"800\" height=\"600\" srcset=\"https:\/\/vocesparalelas.com.ar\/sitio\/wp-content\/uploads\/2018\/02\/FAUD-UNSJ-800x600.jpg 800w, https:\/\/vocesparalelas.com.ar\/sitio\/wp-content\/uploads\/2018\/02\/FAUD-UNSJ-300x225.jpg 300w, https:\/\/vocesparalelas.com.ar\/sitio\/wp-content\/uploads\/2018\/02\/FAUD-UNSJ-768x576.jpg 768w, https:\/\/vocesparalelas.com.ar\/sitio\/wp-content\/uploads\/2018\/02\/FAUD-UNSJ.jpg 900w\" sizes=\"auto, (max-width: 800px) 100vw, 800px\" \/><\/p>\n<p>&nbsp;<\/p>\n","protected":false},"excerpt":{"rendered":"<p>En los jardines del Complejo Universitario Islas Malvinas &#8211; CUIM &#8211; de la Universidad Nacional de San Juan se desarroll\u00f3<\/p>\n","protected":false},"author":3,"featured_media":44169,"comment_status":"closed","ping_status":"closed","sticky":false,"template":"","format":"video","meta":{"_acf_changed":false,"_seopress_robots_primary_cat":"none","_seopress_titles_title":"","_seopress_titles_desc":"","_seopress_robots_index":"","colormag_page_container_layout":"default_layout","colormag_page_sidebar_layout":"default_layout","footnotes":""},"categories":[10,7],"tags":[],"class_list":["post-44153","post","type-post","status-publish","format-video","has-post-thumbnail","hentry","category-opiniones","category-videos","post_format-post-format-video"],"acf":[],"_links":{"self":[{"href":"https:\/\/vocesparalelas.com.ar\/sitio\/wp-json\/wp\/v2\/posts\/44153","targetHints":{"allow":["GET"]}}],"collection":[{"href":"https:\/\/vocesparalelas.com.ar\/sitio\/wp-json\/wp\/v2\/posts"}],"about":[{"href":"https:\/\/vocesparalelas.com.ar\/sitio\/wp-json\/wp\/v2\/types\/post"}],"author":[{"embeddable":true,"href":"https:\/\/vocesparalelas.com.ar\/sitio\/wp-json\/wp\/v2\/users\/3"}],"replies":[{"embeddable":true,"href":"https:\/\/vocesparalelas.com.ar\/sitio\/wp-json\/wp\/v2\/comments?post=44153"}],"version-history":[{"count":5,"href":"https:\/\/vocesparalelas.com.ar\/sitio\/wp-json\/wp\/v2\/posts\/44153\/revisions"}],"predecessor-version":[{"id":44255,"href":"https:\/\/vocesparalelas.com.ar\/sitio\/wp-json\/wp\/v2\/posts\/44153\/revisions\/44255"}],"wp:featuredmedia":[{"embeddable":true,"href":"https:\/\/vocesparalelas.com.ar\/sitio\/wp-json\/wp\/v2\/media\/44169"}],"wp:attachment":[{"href":"https:\/\/vocesparalelas.com.ar\/sitio\/wp-json\/wp\/v2\/media?parent=44153"}],"wp:term":[{"taxonomy":"category","embeddable":true,"href":"https:\/\/vocesparalelas.com.ar\/sitio\/wp-json\/wp\/v2\/categories?post=44153"},{"taxonomy":"post_tag","embeddable":true,"href":"https:\/\/vocesparalelas.com.ar\/sitio\/wp-json\/wp\/v2\/tags?post=44153"}],"curies":[{"name":"wp","href":"https:\/\/api.w.org\/{rel}","templated":true}]}}