{"id":44114,"date":"2021-11-18T20:42:03","date_gmt":"2021-11-18T23:42:03","guid":{"rendered":"https:\/\/vocesparalelas.com.ar\/sitio\/?p=44114"},"modified":"2021-11-21T18:41:23","modified_gmt":"2021-11-21T21:41:23","slug":"elegi-productos-origen-san-juan-en-las-gondolas-de-los-supermercados","status":"publish","type":"post","link":"https:\/\/vocesparalelas.com.ar\/sitio\/elegi-productos-origen-san-juan-en-las-gondolas-de-los-supermercados\/","title":{"rendered":"Eleg\u00ed productos Origen San Juan en las g\u00f3ndolas de los supermercados"},"content":{"rendered":"<p>Con el objetivo de fortalecer la experiencia de compra de los clientes de la provincia, a la vez que se potencia la presencia de pymes locales que ofrecen productos de calidad, los\u00a0productos Origen San Juan ya est\u00e1n especialmente identificados en la g\u00f3ndola de un supermercado.<\/p>\n<p>El Ministerio de Producci\u00f3n y Desarrollo Econ\u00f3mico del Gobierno de San Juan, a trav\u00e9s de la Secretar\u00eda de Industria, Comercio y Servicios, oficializa la presencia en las estanter\u00edas de Av\u00edcola Autoservicio Myriam de alimentos y bebidas; provenientes de 21 empresas sanjuaninas.<\/p>\n<p>Voces Paralelas entrevist\u00f3 al due\u00f1o de Av\u00edcola Autoservicio Myriam, Alejandro Prados, quien destac\u00f3 la importancia de ofrecer a los clientes productos Origen de San Juan porque es otra forma de apoyar a las PyMES de la provincia.<\/p>\n<p><iframe loading=\"lazy\" title=\"ORIGEN SAN JUAN ALEJANDRO PRADOS\" width=\"800\" height=\"450\" src=\"https:\/\/www.youtube.com\/embed\/7zp9U_-RtPM?feature=oembed\" frameborder=\"0\" allow=\"accelerometer; autoplay; clipboard-write; encrypted-media; gyroscope; picture-in-picture\" allowfullscreen><\/iframe><\/p>\n<p>&nbsp;<\/p>\n<p>Forman parte de la oferta local los siguientes productos: aceitunas, aceite de oliva, especias, miel, dulces, frutos secos, conservas gourmet, salsa de tomate, quesos, vinos y huevos. Las pymes participantes son Familia Bosque, Oro Dulce, Grandiet, Natural Gourmet, El \u00c1rbol de Pimiento, Olimatt, De la Presilla, Almar, Pons, La Huerta, X Terra, \u00c1nforas de Oliva, Olivares San Miguel, Casa del Chacinado, Callia, Alma de Rey, Aguma, \u00c1ngel Rojo, Casa Montes, Granja San Fernando, Verbo y Yornet.<\/p>\n<p><img loading=\"lazy\" decoding=\"async\" class=\"alignnone wp-image-44117 size-full\" src=\"https:\/\/vocesparalelas.com.ar\/sitio\/wp-content\/uploads\/2021\/11\/ORIGEN-SAN-JUAN-04.jpg\" alt=\"\" width=\"800\" height=\"533\" srcset=\"https:\/\/vocesparalelas.com.ar\/sitio\/wp-content\/uploads\/2021\/11\/ORIGEN-SAN-JUAN-04.jpg 800w, https:\/\/vocesparalelas.com.ar\/sitio\/wp-content\/uploads\/2021\/11\/ORIGEN-SAN-JUAN-04-300x200.jpg 300w, https:\/\/vocesparalelas.com.ar\/sitio\/wp-content\/uploads\/2021\/11\/ORIGEN-SAN-JUAN-04-768x512.jpg 768w\" sizes=\"auto, (max-width: 800px) 100vw, 800px\" \/><\/p>\n<p>Este mecanismo se ir\u00e1 repitiendo en los pr\u00f3ximos d\u00edas en otras bocas de expendio, provinciales, nacionales y mayoristas. La pr\u00f3xima semana, por ejemplo, quedar\u00e1 habilitada la g\u00f3ndola Origen San Juan en Un Rinc\u00f3n de N\u00e1poli y en el S\u00faper Obrero y despu\u00e9s se ir\u00e1 incorporando paulatinamente en los mayoristas Am\u00e9rica y Cabral; y en las cadenas Hiper Chango Mas, VEA y Libertad, entre otros.<\/p>\n<p>El ingreso de los productos de pymes locales a los nuevos espacios de comercializaci\u00f3n fue producto de los acuerdos de negocios alcanzados en la \u201cExpo Origen San Juan en g\u00f3ndolas\u201d, una feria dise\u00f1ada por la cartera de Producci\u00f3n donde los productores y productoras de San Juan presentaron su oferta frente a supermercadistas, encargados de compras de restaurantes, bares, vinotecas y casas de productos gourmet.<\/p>\n<p>Esa muestra se realiz\u00f3 el pasado 18 de octubre en el Centro C\u00edvico y unos 30 productores locales expusieron principalmente alimentos y bebidas de origen sanjuanino a los directivos mayoristas especializados. Los productos seleccionados lograron un r\u00e1pido ingreso al contar con C\u00f3digo de Barras en sus envases, inscripciones y detalles nutricionales, mientras que el resto est\u00e1n recibiendo ayuda oficial para implementarlos a la brevedad.<\/p>\n<p>Con este paso que se da hoy se cumple el principal objetivo del programa Origen San Juan, que es que los productos locales comiencen a tener mayor presencia en las g\u00f3ndolas de los supermercados, y que se visibilicen los emprendedores y pymes de la provincia.<\/p>\n<p><img loading=\"lazy\" decoding=\"async\" class=\"alignnone wp-image-44116 size-full\" src=\"https:\/\/vocesparalelas.com.ar\/sitio\/wp-content\/uploads\/2021\/11\/ORIGEN-SAN-JUAN-01.jpg\" alt=\"\" width=\"800\" height=\"533\" srcset=\"https:\/\/vocesparalelas.com.ar\/sitio\/wp-content\/uploads\/2021\/11\/ORIGEN-SAN-JUAN-01.jpg 800w, https:\/\/vocesparalelas.com.ar\/sitio\/wp-content\/uploads\/2021\/11\/ORIGEN-SAN-JUAN-01-300x200.jpg 300w, https:\/\/vocesparalelas.com.ar\/sitio\/wp-content\/uploads\/2021\/11\/ORIGEN-SAN-JUAN-01-768x512.jpg 768w\" sizes=\"auto, (max-width: 800px) 100vw, 800px\" \/><\/p>\n","protected":false},"excerpt":{"rendered":"<p>Con el objetivo de fortalecer la experiencia de compra de los clientes de la provincia, a la vez que se<\/p>\n","protected":false},"author":3,"featured_media":44118,"comment_status":"closed","ping_status":"closed","sticky":false,"template":"","format":"video","meta":{"_acf_changed":false,"_seopress_robots_primary_cat":"none","_seopress_titles_title":"","_seopress_titles_desc":"","_seopress_robots_index":"","colormag_page_container_layout":"default_layout","colormag_page_sidebar_layout":"default_layout","footnotes":""},"categories":[6,7],"tags":[],"class_list":["post-44114","post","type-post","status-publish","format-video","has-post-thumbnail","hentry","category-eventos","category-videos","post_format-post-format-video"],"acf":[],"_links":{"self":[{"href":"https:\/\/vocesparalelas.com.ar\/sitio\/wp-json\/wp\/v2\/posts\/44114","targetHints":{"allow":["GET"]}}],"collection":[{"href":"https:\/\/vocesparalelas.com.ar\/sitio\/wp-json\/wp\/v2\/posts"}],"about":[{"href":"https:\/\/vocesparalelas.com.ar\/sitio\/wp-json\/wp\/v2\/types\/post"}],"author":[{"embeddable":true,"href":"https:\/\/vocesparalelas.com.ar\/sitio\/wp-json\/wp\/v2\/users\/3"}],"replies":[{"embeddable":true,"href":"https:\/\/vocesparalelas.com.ar\/sitio\/wp-json\/wp\/v2\/comments?post=44114"}],"version-history":[{"count":1,"href":"https:\/\/vocesparalelas.com.ar\/sitio\/wp-json\/wp\/v2\/posts\/44114\/revisions"}],"predecessor-version":[{"id":44119,"href":"https:\/\/vocesparalelas.com.ar\/sitio\/wp-json\/wp\/v2\/posts\/44114\/revisions\/44119"}],"wp:featuredmedia":[{"embeddable":true,"href":"https:\/\/vocesparalelas.com.ar\/sitio\/wp-json\/wp\/v2\/media\/44118"}],"wp:attachment":[{"href":"https:\/\/vocesparalelas.com.ar\/sitio\/wp-json\/wp\/v2\/media?parent=44114"}],"wp:term":[{"taxonomy":"category","embeddable":true,"href":"https:\/\/vocesparalelas.com.ar\/sitio\/wp-json\/wp\/v2\/categories?post=44114"},{"taxonomy":"post_tag","embeddable":true,"href":"https:\/\/vocesparalelas.com.ar\/sitio\/wp-json\/wp\/v2\/tags?post=44114"}],"curies":[{"name":"wp","href":"https:\/\/api.w.org\/{rel}","templated":true}]}}