{"id":44105,"date":"2021-11-18T00:42:55","date_gmt":"2021-11-18T03:42:55","guid":{"rendered":"https:\/\/vocesparalelas.com.ar\/sitio\/?p=44105"},"modified":"2021-11-18T01:13:57","modified_gmt":"2021-11-18T04:13:57","slug":"entregaron-la-bandera-ciudadana-a-18-escuelas-del-departamento-calingasta","status":"publish","type":"post","link":"https:\/\/vocesparalelas.com.ar\/sitio\/entregaron-la-bandera-ciudadana-a-18-escuelas-del-departamento-calingasta\/","title":{"rendered":"Entregaron la Bandera Ciudadana a 18 Escuelas del Departamento Calingasta"},"content":{"rendered":"<p>En el Departamento Calingasta se desarroll\u00f3 el acto de entrega y bendici\u00f3n de la Bandera Ciudadana a las 18 escuelas del departamento por parte del Ministerio de Educaci\u00f3n del Gobierno de San Juan.<\/p>\n<p>En el patio de la escuela Juan Pedro Esnaola, las instituciones escolares que recibieron fueron:<\/p>\n<ul>\n<li>Juan Pedro Esnaola;<\/li>\n<li>Saturnino S. Araoz;<\/li>\n<li>Jos\u00e9 Clemente Sarmiento;<\/li>\n<li>Mart\u00edn Gil;<\/li>\n<li>Batalla de Chacabuco;<\/li>\n<li>Francisco Javier Mu\u00f1iz;<\/li>\n<li>Batalla de Maip\u00fa;<\/li>\n<li>U.E.P.A. N\u00b07.<\/li>\n<\/ul>\n<p><img loading=\"lazy\" decoding=\"async\" class=\"alignnone wp-image-44107 size-large\" src=\"https:\/\/vocesparalelas.com.ar\/sitio\/wp-content\/uploads\/2021\/11\/BANDERA-CIUDADANA-01-800x316.jpg\" alt=\"\" width=\"800\" height=\"316\" srcset=\"https:\/\/vocesparalelas.com.ar\/sitio\/wp-content\/uploads\/2021\/11\/BANDERA-CIUDADANA-01-800x316.jpg 800w, https:\/\/vocesparalelas.com.ar\/sitio\/wp-content\/uploads\/2021\/11\/BANDERA-CIUDADANA-01-300x118.jpg 300w, https:\/\/vocesparalelas.com.ar\/sitio\/wp-content\/uploads\/2021\/11\/BANDERA-CIUDADANA-01-768x303.jpg 768w, https:\/\/vocesparalelas.com.ar\/sitio\/wp-content\/uploads\/2021\/11\/BANDERA-CIUDADANA-01.jpg 1024w\" sizes=\"auto, (max-width: 800px) 100vw, 800px\" \/><\/p>\n<p>Posteriormente, en la Escuela La Capilla, se realiz\u00f3 otro acto donde recibieron sus banderas las escuelas:<\/p>\n<ul>\n<li>Remedios Escalada de San Mart\u00edn;<\/li>\n<li>La Capilla;<\/li>\n<li>Jorge Newbery;<\/li>\n<li>Luis Pasteur;<\/li>\n<li>Clotilde Guill\u00e9n de Rezzano;<\/li>\n<li>12 de Octubre;<\/li>\n<li>Saturnino M. de Laspiur;<\/li>\n<li>Benito Ju\u00e1rez;<\/li>\n<li>Albergue Teniente Coronel \u00c1lvarez Condarco y<\/li>\n<li>T\u00e9cnica de Capacitaci\u00f3n Laboral N\u00b022.<\/li>\n<\/ul>\n<p>En los actos participaron las supervisoras Escolar Educaci\u00f3n Primaria, Zona 3, Prof. Sandra Caballero y de Educaci\u00f3n Inicial Prof. Alicia G\u00f3mez, Escolar de Albergues Zona 26, Prof. Cristina Vergara; la directora de Comunicaci\u00f3n de la empresa Glencore Pach\u00f3n, Mar\u00eda Eugenia Basualdo y el intendente Jorge Casta\u00f1eda.<\/p>\n<p>La cartera educativa entreg\u00f3 a los establecimientos el pa\u00f1o de la Bandera Ciudadana, mo\u00f1o, cuja y tahal\u00ed. Mientras que la empresa minera Glencore obsequi\u00f3 a 14 establecimiento, el asta.<\/p>\n<p>Es importante destacar que, la Bandera Ciudadana es portada por los alumnos que son los mejores compa\u00f1eros, elegidos por sus pares.<\/p>\n<p>&nbsp;<\/p>\n","protected":false},"excerpt":{"rendered":"<p>En el Departamento Calingasta se desarroll\u00f3 el acto de entrega y bendici\u00f3n de la Bandera Ciudadana a las 18 escuelas<\/p>\n","protected":false},"author":3,"featured_media":44108,"comment_status":"closed","ping_status":"closed","sticky":false,"template":"","format":"standard","meta":{"_acf_changed":false,"_seopress_robots_primary_cat":"none","_seopress_titles_title":"","_seopress_titles_desc":"","_seopress_robots_index":"","colormag_page_container_layout":"default_layout","colormag_page_sidebar_layout":"default_layout","footnotes":""},"categories":[1],"tags":[],"class_list":["post-44105","post","type-post","status-publish","format-standard","has-post-thumbnail","hentry","category-destacadas"],"acf":[],"_links":{"self":[{"href":"https:\/\/vocesparalelas.com.ar\/sitio\/wp-json\/wp\/v2\/posts\/44105","targetHints":{"allow":["GET"]}}],"collection":[{"href":"https:\/\/vocesparalelas.com.ar\/sitio\/wp-json\/wp\/v2\/posts"}],"about":[{"href":"https:\/\/vocesparalelas.com.ar\/sitio\/wp-json\/wp\/v2\/types\/post"}],"author":[{"embeddable":true,"href":"https:\/\/vocesparalelas.com.ar\/sitio\/wp-json\/wp\/v2\/users\/3"}],"replies":[{"embeddable":true,"href":"https:\/\/vocesparalelas.com.ar\/sitio\/wp-json\/wp\/v2\/comments?post=44105"}],"version-history":[{"count":1,"href":"https:\/\/vocesparalelas.com.ar\/sitio\/wp-json\/wp\/v2\/posts\/44105\/revisions"}],"predecessor-version":[{"id":44109,"href":"https:\/\/vocesparalelas.com.ar\/sitio\/wp-json\/wp\/v2\/posts\/44105\/revisions\/44109"}],"wp:featuredmedia":[{"embeddable":true,"href":"https:\/\/vocesparalelas.com.ar\/sitio\/wp-json\/wp\/v2\/media\/44108"}],"wp:attachment":[{"href":"https:\/\/vocesparalelas.com.ar\/sitio\/wp-json\/wp\/v2\/media?parent=44105"}],"wp:term":[{"taxonomy":"category","embeddable":true,"href":"https:\/\/vocesparalelas.com.ar\/sitio\/wp-json\/wp\/v2\/categories?post=44105"},{"taxonomy":"post_tag","embeddable":true,"href":"https:\/\/vocesparalelas.com.ar\/sitio\/wp-json\/wp\/v2\/tags?post=44105"}],"curies":[{"name":"wp","href":"https:\/\/api.w.org\/{rel}","templated":true}]}}