{"id":44096,"date":"2021-11-17T23:57:25","date_gmt":"2021-11-18T02:57:25","guid":{"rendered":"https:\/\/vocesparalelas.com.ar\/sitio\/?p=44096"},"modified":"2021-11-18T00:33:28","modified_gmt":"2021-11-18T03:33:28","slug":"mas-salud-publica-para-san-juan-con-la-ampliacion-del-hospital-dr-marcial-quiroga","status":"publish","type":"post","link":"https:\/\/vocesparalelas.com.ar\/sitio\/mas-salud-publica-para-san-juan-con-la-ampliacion-del-hospital-dr-marcial-quiroga\/","title":{"rendered":"\u201cM\u00e1s salud p\u00fablica para San Juan\u201d con la ampliaci\u00f3n del Hospital Dr. Marcial Quiroga"},"content":{"rendered":"<p>Con la frase \u201cm\u00e1s salud p\u00fablica para San Juan\u201d, la ministro de Salud P\u00fablica de la Naci\u00f3n, Dra. Carla Vizzotti, defini\u00f3 su visita a la obra de ampliaci\u00f3n del Hospital Marcial Quiroga, que cuenta con un 93% de avance de ejecuci\u00f3n y cuya finalizaci\u00f3n est\u00e1 prevista para el primer semestre del 2022, seg\u00fan datos del Ministerio de Obras y Servicio P\u00fablicos del Gobierno de San Juan.<\/p>\n<p>la Dra. Carla Vizzotti estuvo acompa\u00f1ada por la ministro de Salud P\u00fablica del Gobierno de San Juan, Dra. Alejandra Venerando, y todo su equipo de trabajo. Recorrieron el predio ubicado en la esquina de Avenida Libertador y Rastreador Calivar, guiadas por director ejecutivo del nosocomio, Dr. Andr\u00e9s Escudero, y el director m\u00e9dico, Dr. Sergio Albarrac\u00edn.<\/p>\n<p>Desde el imponente frente, pasando por los tres niveles: subsuelo, planta baja y primer piso, Vizzotti resalt\u00f3 la magnificencia de la obra y el aporte que va representar para la atenci\u00f3n sanitaria de los sanjuaninos.<\/p>\n<p>\u201cEsta obra est\u00e1 inmersa en el marco de ampliar y fortalecer el sistema de salud y seguir trabajando para que cada vez m\u00e1s sanjuaninos y sanjuaninas tengan mayor y mejor acceso a la salud\u201d. A su vez, agradeci\u00f3 \u201cal personal de salud que ha dado respuesta a la pandemia, estando todos s\u00faper comprometidos\u201d, y remarc\u00f3 que la obra que se est\u00e1 realizando representa \u201cmucha m\u00e1s salud p\u00fablica para San Juan\u201d.<\/p>\n<p>En tanto que Venerando reconoci\u00f3 el enorme compromiso de todo el personal del Marcial Quiroga, que estuvo representado por un grupo del personal sanitario del hospital que son quienes se van a desempe\u00f1ar en ese sector una vez concluida la obra que tiene una superficie de aproximadamente 5.500m2.<\/p>\n<p>Se trat\u00f3 de la primera visita oficial de la ministro Vizzotti a la obra de ampliaci\u00f3n del hospital , que se vincular\u00e1 al edificio existente a trav\u00e9s de cuatro conectores y que tendr\u00e1 en el subsuelo las salas de m\u00e1quinas, dep\u00f3sito de farmacia, inform\u00e1tica y archivos; en la planta baja los servicios de guardia y emergencias m\u00e9dica y diagn\u00f3stico por imagen. Mientras que en el primer piso estar\u00e1 destinado a los servicios de terapia intensiva y unidad coronaria.<\/p>\n<p>&nbsp;<\/p>\n<p><img loading=\"lazy\" decoding=\"async\" class=\"alignnone wp-image-44100 size-large\" src=\"https:\/\/vocesparalelas.com.ar\/sitio\/wp-content\/uploads\/2021\/11\/HMQ-SALUD-02-800x535.jpg\" alt=\"\" width=\"800\" height=\"535\" srcset=\"https:\/\/vocesparalelas.com.ar\/sitio\/wp-content\/uploads\/2021\/11\/HMQ-SALUD-02-800x535.jpg 800w, https:\/\/vocesparalelas.com.ar\/sitio\/wp-content\/uploads\/2021\/11\/HMQ-SALUD-02-300x201.jpg 300w, https:\/\/vocesparalelas.com.ar\/sitio\/wp-content\/uploads\/2021\/11\/HMQ-SALUD-02-768x514.jpg 768w, https:\/\/vocesparalelas.com.ar\/sitio\/wp-content\/uploads\/2021\/11\/HMQ-SALUD-02.jpg 1023w\" sizes=\"auto, (max-width: 800px) 100vw, 800px\" \/><\/p>\n<p><img loading=\"lazy\" decoding=\"async\" class=\"alignnone wp-image-44099 size-large\" src=\"https:\/\/vocesparalelas.com.ar\/sitio\/wp-content\/uploads\/2021\/11\/HMQ-SALUD-01-800x535.jpg\" alt=\"\" width=\"800\" height=\"535\" srcset=\"https:\/\/vocesparalelas.com.ar\/sitio\/wp-content\/uploads\/2021\/11\/HMQ-SALUD-01-800x535.jpg 800w, https:\/\/vocesparalelas.com.ar\/sitio\/wp-content\/uploads\/2021\/11\/HMQ-SALUD-01-300x201.jpg 300w, https:\/\/vocesparalelas.com.ar\/sitio\/wp-content\/uploads\/2021\/11\/HMQ-SALUD-01-768x514.jpg 768w, https:\/\/vocesparalelas.com.ar\/sitio\/wp-content\/uploads\/2021\/11\/HMQ-SALUD-01.jpg 1023w\" sizes=\"auto, (max-width: 800px) 100vw, 800px\" \/><\/p>\n<blockquote class=\"wp-embedded-content\" data-secret=\"xv89N91nwD\"><p><a href=\"https:\/\/vocesparalelas.com.ar\/sitio\/la-ampliacion-del-hospital-dr-marcial-quiroga-permite-mayor-servicio-de-atencion-en-terapia-intensiva-y-urgencia\/\">La ampliaci\u00f3n del Hospital Dr. Marcial Quiroga permite mayor servicio de atenci\u00f3n en terapia intensiva y urgencia<\/a><\/p><\/blockquote>\n<p><iframe loading=\"lazy\" class=\"wp-embedded-content\" sandbox=\"allow-scripts\" security=\"restricted\" style=\"position: absolute; clip: rect(1px, 1px, 1px, 1px);\" title=\"\u00abLa ampliaci\u00f3n del Hospital Dr. Marcial Quiroga permite mayor servicio de atenci\u00f3n en terapia intensiva y urgencia\u00bb \u2014 Voces Paralelas\" src=\"https:\/\/vocesparalelas.com.ar\/sitio\/la-ampliacion-del-hospital-dr-marcial-quiroga-permite-mayor-servicio-de-atencion-en-terapia-intensiva-y-urgencia\/embed\/#?secret=xv89N91nwD\" data-secret=\"xv89N91nwD\" width=\"600\" height=\"338\" frameborder=\"0\" marginwidth=\"0\" marginheight=\"0\" scrolling=\"no\"><\/iframe><\/p>\n","protected":false},"excerpt":{"rendered":"<p>Con la frase \u201cm\u00e1s salud p\u00fablica para San Juan\u201d, la ministro de Salud P\u00fablica de la Naci\u00f3n, Dra. Carla Vizzotti,<\/p>\n","protected":false},"author":3,"featured_media":44098,"comment_status":"closed","ping_status":"closed","sticky":false,"template":"","format":"standard","meta":{"_acf_changed":false,"_seopress_robots_primary_cat":"none","_seopress_titles_title":"","_seopress_titles_desc":"","_seopress_robots_index":"","colormag_page_container_layout":"default_layout","colormag_page_sidebar_layout":"default_layout","footnotes":""},"categories":[1],"tags":[],"class_list":["post-44096","post","type-post","status-publish","format-standard","has-post-thumbnail","hentry","category-destacadas"],"acf":[],"_links":{"self":[{"href":"https:\/\/vocesparalelas.com.ar\/sitio\/wp-json\/wp\/v2\/posts\/44096","targetHints":{"allow":["GET"]}}],"collection":[{"href":"https:\/\/vocesparalelas.com.ar\/sitio\/wp-json\/wp\/v2\/posts"}],"about":[{"href":"https:\/\/vocesparalelas.com.ar\/sitio\/wp-json\/wp\/v2\/types\/post"}],"author":[{"embeddable":true,"href":"https:\/\/vocesparalelas.com.ar\/sitio\/wp-json\/wp\/v2\/users\/3"}],"replies":[{"embeddable":true,"href":"https:\/\/vocesparalelas.com.ar\/sitio\/wp-json\/wp\/v2\/comments?post=44096"}],"version-history":[{"count":3,"href":"https:\/\/vocesparalelas.com.ar\/sitio\/wp-json\/wp\/v2\/posts\/44096\/revisions"}],"predecessor-version":[{"id":44103,"href":"https:\/\/vocesparalelas.com.ar\/sitio\/wp-json\/wp\/v2\/posts\/44096\/revisions\/44103"}],"wp:featuredmedia":[{"embeddable":true,"href":"https:\/\/vocesparalelas.com.ar\/sitio\/wp-json\/wp\/v2\/media\/44098"}],"wp:attachment":[{"href":"https:\/\/vocesparalelas.com.ar\/sitio\/wp-json\/wp\/v2\/media?parent=44096"}],"wp:term":[{"taxonomy":"category","embeddable":true,"href":"https:\/\/vocesparalelas.com.ar\/sitio\/wp-json\/wp\/v2\/categories?post=44096"},{"taxonomy":"post_tag","embeddable":true,"href":"https:\/\/vocesparalelas.com.ar\/sitio\/wp-json\/wp\/v2\/tags?post=44096"}],"curies":[{"name":"wp","href":"https:\/\/api.w.org\/{rel}","templated":true}]}}