{"id":44056,"date":"2021-11-17T11:36:34","date_gmt":"2021-11-17T14:36:34","guid":{"rendered":"https:\/\/vocesparalelas.com.ar\/sitio\/?p=44056"},"modified":"2021-11-19T00:46:19","modified_gmt":"2021-11-19T03:46:19","slug":"ofrecen-interinatos-y-suplencias-del-gabinetes-tecnicos-interdisciplinarios-de-educacion","status":"publish","type":"post","link":"https:\/\/vocesparalelas.com.ar\/sitio\/ofrecen-interinatos-y-suplencias-del-gabinetes-tecnicos-interdisciplinarios-de-educacion\/","title":{"rendered":"Ofrecen interinatos y suplencias de los Gabinetes T\u00e9cnicos Interdisciplinarios de Educaci\u00f3n"},"content":{"rendered":"<p>El Ministerio de Educaci\u00f3n del Gobierno de San Juan convoca a profesionales psicopedagogos, fonoaudi\u00f3logos y trabajadores sociales, inscriptos en Gabinetes T\u00e9cnicos Interdisciplinarios de Educaci\u00f3n, que se encuentran registrados en el listado de aspirantes valorados para 2020\/2021, al ofrecimiento de interinatos y suplencias de Gabinetes T\u00e9cnicos Interdisciplinarios de Educaci\u00f3n, conforme a la Resoluci\u00f3n N\u00b03065-ME-2020.<\/p>\n<p>El acto se realiza el Jueves, 18 de Noviembre de 2021, a las 8:30, en el Dep\u00f3sito Central del Ministerio de Educaci\u00f3n, 9 de Julio 1.515 &#8211; E &#8211; Santa Luc\u00eda.<\/p>\n<p>El detalle de los cargos ofrecidos se encuentra registrado en la p\u00e1gina del Ministerio de Educaci\u00f3n<\/p>\n<p><a href=\"https:\/\/educacion.sanjuan.gob.ar\/\">https:\/\/educacion.sanjuan.gob.ar\/<\/a>\u00a0en ofrecimiento de cargos en SIGE.<\/p>\n<p><span style=\"color: #33cccc;\"><strong>Documentaci\u00f3n requerida<\/strong><\/span><\/p>\n<p>D.N.I; fotocopia Legalizada de D.N.I, o en su defecto constancia o certificado de Documento en tr\u00e1mite expedido por el Registro del Estado Civil y Capacidad de las Personas; certificado de C\u00f3digo \u00danico Bancario (C.B.U.) en el caso de poseer cuenta bancaria; constancia de C.U.I.L.; declaraci\u00f3n jurada de cargos emitida por SIGE y certificado de la Funci\u00f3n P\u00fablica actualizado.<\/p>\n<p>Si por alguna circunstancia particular el postulante no pudiese concurrir al Acto de Ofrecimiento, podr\u00e1 efectuar su asistencia mediante poder emitido por Escribano P\u00fablico delegando su representaci\u00f3n en otra persona, quien deber\u00e1 concurrir con su documento de identidad y fotocopia legalizada del mismo. Tambi\u00e9n podr\u00e1 delegar su representaci\u00f3n en otra persona, concurriendo ambas partes en forma anticipada a la Divisi\u00f3n Personal Docente a fin de que se otorgue el Formulario de Delegaci\u00f3n de Representaci\u00f3n respectivo.<\/p>\n<p>Por consultas comunicarse de 8 a 13, con la Direcci\u00f3n de Gabinetes T\u00e9cnicos Interdisciplinarios de Educaci\u00f3n al 4305840.<\/p>\n","protected":false},"excerpt":{"rendered":"<p>El Ministerio de Educaci\u00f3n del Gobierno de San Juan convoca a profesionales psicopedagogos, fonoaudi\u00f3logos y trabajadores sociales, inscriptos en Gabinetes<\/p>\n","protected":false},"author":3,"featured_media":37828,"comment_status":"closed","ping_status":"closed","sticky":false,"template":"","format":"standard","meta":{"_acf_changed":false,"_seopress_robots_primary_cat":"none","_seopress_titles_title":"","_seopress_titles_desc":"","_seopress_robots_index":"","colormag_page_container_layout":"default_layout","colormag_page_sidebar_layout":"default_layout","footnotes":""},"categories":[5],"tags":[],"class_list":["post-44056","post","type-post","status-publish","format-standard","has-post-thumbnail","hentry","category-ofrecimientos"],"acf":[],"_links":{"self":[{"href":"https:\/\/vocesparalelas.com.ar\/sitio\/wp-json\/wp\/v2\/posts\/44056","targetHints":{"allow":["GET"]}}],"collection":[{"href":"https:\/\/vocesparalelas.com.ar\/sitio\/wp-json\/wp\/v2\/posts"}],"about":[{"href":"https:\/\/vocesparalelas.com.ar\/sitio\/wp-json\/wp\/v2\/types\/post"}],"author":[{"embeddable":true,"href":"https:\/\/vocesparalelas.com.ar\/sitio\/wp-json\/wp\/v2\/users\/3"}],"replies":[{"embeddable":true,"href":"https:\/\/vocesparalelas.com.ar\/sitio\/wp-json\/wp\/v2\/comments?post=44056"}],"version-history":[{"count":3,"href":"https:\/\/vocesparalelas.com.ar\/sitio\/wp-json\/wp\/v2\/posts\/44056\/revisions"}],"predecessor-version":[{"id":44062,"href":"https:\/\/vocesparalelas.com.ar\/sitio\/wp-json\/wp\/v2\/posts\/44056\/revisions\/44062"}],"wp:featuredmedia":[{"embeddable":true,"href":"https:\/\/vocesparalelas.com.ar\/sitio\/wp-json\/wp\/v2\/media\/37828"}],"wp:attachment":[{"href":"https:\/\/vocesparalelas.com.ar\/sitio\/wp-json\/wp\/v2\/media?parent=44056"}],"wp:term":[{"taxonomy":"category","embeddable":true,"href":"https:\/\/vocesparalelas.com.ar\/sitio\/wp-json\/wp\/v2\/categories?post=44056"},{"taxonomy":"post_tag","embeddable":true,"href":"https:\/\/vocesparalelas.com.ar\/sitio\/wp-json\/wp\/v2\/tags?post=44056"}],"curies":[{"name":"wp","href":"https:\/\/api.w.org\/{rel}","templated":true}]}}