{"id":44030,"date":"2021-11-16T22:41:51","date_gmt":"2021-11-17T01:41:51","guid":{"rendered":"https:\/\/vocesparalelas.com.ar\/sitio\/?p=44030"},"modified":"2021-11-16T22:41:51","modified_gmt":"2021-11-17T01:41:51","slug":"san-juan-cuenta-con-muchas-oportunidades-de-inversion","status":"publish","type":"post","link":"https:\/\/vocesparalelas.com.ar\/sitio\/san-juan-cuenta-con-muchas-oportunidades-de-inversion\/","title":{"rendered":"\u00abSan Juan cuenta con muchas oportunidades de inversi\u00f3n\u00bb"},"content":{"rendered":"<p>El gobernador de San Juan, Dr. Sergio U\u00f1ac, recibi\u00f3 la visita del embajador de Emiratos \u00c1rabes Unidos en la Argentina, Saeed Abdulla Saif Joula Alqemzi.<\/p>\n<p>Acompa\u00f1\u00f3 la ministro de Gobierno, Dra. Fabiola Aubone, recibi\u00f3 los saludos protocolares del diplom\u00e1tico, le brind\u00f3 detalles sobre la diversificaci\u00f3n de la matriz productiva, la miner\u00eda y la industria sanjuanina.<\/p>\n<p><iframe loading=\"lazy\" title=\"U\u00f1ac recibi\u00f3 al Embajador de Emiratos \u00c1rabes Unidos, quien asistir\u00e1 al Estadio del Bicentenario\" width=\"800\" height=\"450\" src=\"https:\/\/www.youtube.com\/embed\/EvsnnnLs2ng?feature=oembed\" frameborder=\"0\" allow=\"accelerometer; autoplay; clipboard-write; encrypted-media; gyroscope; picture-in-picture\" allowfullscreen><\/iframe><\/p>\n<p>&nbsp;<\/p>\n<p>Al t\u00e9rmino del encuentro, el embajador destac\u00f3 que \u201chemos hablado acerca de las oportunidades para fortalecer las relaciones bilaterales siempre esperando seguir trabajando con el gobernador. Esta provincia cuenta con muchas oportunidades de inversi\u00f3n y seguramente vamos a trabajar juntos para los mejores intereses de la provincia y para los Emiratos \u00c1rabes Unidos\u201d.<\/p>\n<p>Otro de los temas abordados durante la reuni\u00f3n fue la miner\u00eda y sus aspectos de investigaci\u00f3n y explotaci\u00f3n responsable, generaci\u00f3n de puestos de trabajo y proyectos que lleva adelante San Juan en este sentido.<\/p>\n<p>Por su parte, la ministra Aubone se\u00f1al\u00f3 que \u00abSan Juan es la primera provincia argentina que visita el embajador desde su llegada al pa\u00eds y afirm\u00f3 que el encuentro en Casa de Gobierno servir\u00e1 para \u201cconstruir una relaci\u00f3n s\u00f3lida, con fluido trato bilateral y generar una provechosa conexi\u00f3n entre la Provincia y los Emiratos\u201d.<\/p>\n<p><img loading=\"lazy\" decoding=\"async\" class=\"alignnone wp-image-44034 size-large\" src=\"https:\/\/vocesparalelas.com.ar\/sitio\/wp-content\/uploads\/2021\/11\/EMIRATOS-03-800x491.jpg\" alt=\"\" width=\"800\" height=\"491\" srcset=\"https:\/\/vocesparalelas.com.ar\/sitio\/wp-content\/uploads\/2021\/11\/EMIRATOS-03-800x491.jpg 800w, https:\/\/vocesparalelas.com.ar\/sitio\/wp-content\/uploads\/2021\/11\/EMIRATOS-03-300x184.jpg 300w, https:\/\/vocesparalelas.com.ar\/sitio\/wp-content\/uploads\/2021\/11\/EMIRATOS-03-768x471.jpg 768w, https:\/\/vocesparalelas.com.ar\/sitio\/wp-content\/uploads\/2021\/11\/EMIRATOS-03.jpg 1023w\" sizes=\"auto, (max-width: 800px) 100vw, 800px\" \/><\/p>\n<p><img loading=\"lazy\" decoding=\"async\" class=\"alignnone wp-image-44033 size-large\" src=\"https:\/\/vocesparalelas.com.ar\/sitio\/wp-content\/uploads\/2021\/11\/EMIRATOS-02-800x489.jpg\" alt=\"\" width=\"800\" height=\"489\" srcset=\"https:\/\/vocesparalelas.com.ar\/sitio\/wp-content\/uploads\/2021\/11\/EMIRATOS-02-800x489.jpg 800w, https:\/\/vocesparalelas.com.ar\/sitio\/wp-content\/uploads\/2021\/11\/EMIRATOS-02-300x183.jpg 300w, https:\/\/vocesparalelas.com.ar\/sitio\/wp-content\/uploads\/2021\/11\/EMIRATOS-02-768x470.jpg 768w, https:\/\/vocesparalelas.com.ar\/sitio\/wp-content\/uploads\/2021\/11\/EMIRATOS-02.jpg 1024w\" sizes=\"auto, (max-width: 800px) 100vw, 800px\" \/><\/p>\n<p><img loading=\"lazy\" decoding=\"async\" class=\"alignnone wp-image-44032 size-large\" src=\"https:\/\/vocesparalelas.com.ar\/sitio\/wp-content\/uploads\/2021\/11\/EMIRATOS-01-800x534.jpg\" alt=\"\" width=\"800\" height=\"534\" srcset=\"https:\/\/vocesparalelas.com.ar\/sitio\/wp-content\/uploads\/2021\/11\/EMIRATOS-01-800x534.jpg 800w, https:\/\/vocesparalelas.com.ar\/sitio\/wp-content\/uploads\/2021\/11\/EMIRATOS-01-300x200.jpg 300w, https:\/\/vocesparalelas.com.ar\/sitio\/wp-content\/uploads\/2021\/11\/EMIRATOS-01-768x512.jpg 768w, https:\/\/vocesparalelas.com.ar\/sitio\/wp-content\/uploads\/2021\/11\/EMIRATOS-01.jpg 1024w\" sizes=\"auto, (max-width: 800px) 100vw, 800px\" \/><\/p>\n","protected":false},"excerpt":{"rendered":"<p>El gobernador de San Juan, Dr. Sergio U\u00f1ac, recibi\u00f3 la visita del embajador de Emiratos \u00c1rabes Unidos en la Argentina,<\/p>\n","protected":false},"author":3,"featured_media":44035,"comment_status":"closed","ping_status":"closed","sticky":false,"template":"","format":"video","meta":{"_acf_changed":false,"_seopress_robots_primary_cat":"none","_seopress_titles_title":"","_seopress_titles_desc":"","_seopress_robots_index":"","colormag_page_container_layout":"default_layout","colormag_page_sidebar_layout":"default_layout","footnotes":""},"categories":[1,7],"tags":[],"class_list":["post-44030","post","type-post","status-publish","format-video","has-post-thumbnail","hentry","category-destacadas","category-videos","post_format-post-format-video"],"acf":[],"_links":{"self":[{"href":"https:\/\/vocesparalelas.com.ar\/sitio\/wp-json\/wp\/v2\/posts\/44030","targetHints":{"allow":["GET"]}}],"collection":[{"href":"https:\/\/vocesparalelas.com.ar\/sitio\/wp-json\/wp\/v2\/posts"}],"about":[{"href":"https:\/\/vocesparalelas.com.ar\/sitio\/wp-json\/wp\/v2\/types\/post"}],"author":[{"embeddable":true,"href":"https:\/\/vocesparalelas.com.ar\/sitio\/wp-json\/wp\/v2\/users\/3"}],"replies":[{"embeddable":true,"href":"https:\/\/vocesparalelas.com.ar\/sitio\/wp-json\/wp\/v2\/comments?post=44030"}],"version-history":[{"count":1,"href":"https:\/\/vocesparalelas.com.ar\/sitio\/wp-json\/wp\/v2\/posts\/44030\/revisions"}],"predecessor-version":[{"id":44036,"href":"https:\/\/vocesparalelas.com.ar\/sitio\/wp-json\/wp\/v2\/posts\/44030\/revisions\/44036"}],"wp:featuredmedia":[{"embeddable":true,"href":"https:\/\/vocesparalelas.com.ar\/sitio\/wp-json\/wp\/v2\/media\/44035"}],"wp:attachment":[{"href":"https:\/\/vocesparalelas.com.ar\/sitio\/wp-json\/wp\/v2\/media?parent=44030"}],"wp:term":[{"taxonomy":"category","embeddable":true,"href":"https:\/\/vocesparalelas.com.ar\/sitio\/wp-json\/wp\/v2\/categories?post=44030"},{"taxonomy":"post_tag","embeddable":true,"href":"https:\/\/vocesparalelas.com.ar\/sitio\/wp-json\/wp\/v2\/tags?post=44030"}],"curies":[{"name":"wp","href":"https:\/\/api.w.org\/{rel}","templated":true}]}}