{"id":44019,"date":"2021-11-16T00:59:49","date_gmt":"2021-11-16T03:59:49","guid":{"rendered":"https:\/\/vocesparalelas.com.ar\/sitio\/?p=44019"},"modified":"2021-11-16T00:59:49","modified_gmt":"2021-11-16T03:59:49","slug":"se-recupero-aves-en-operativos-durante-el-fin-de-semana","status":"publish","type":"post","link":"https:\/\/vocesparalelas.com.ar\/sitio\/se-recupero-aves-en-operativos-durante-el-fin-de-semana\/","title":{"rendered":"Se recuper\u00f3 aves en operativos durante el fin de semana"},"content":{"rendered":"<p>La Secretar\u00eda de Estado de Ambiente y Desarrollo Sustentable del Gobierno de San Juan realiza operativos de control de flora y fauna en toda la provincia.<\/p>\n<p>Para lograr una mayor efectividad en mencionados procedimientos, se intensifican los controles en los centros operativos de cada \u00e1rea protegida y se realizan rondas por toda la provincia.<\/p>\n<p>En estas rondas habituales, en la zona del Paraje Difunta Correa, en el departamento Caucete, uno de los cuerpos de agentes de conservaci\u00f3n, intercepta a una persona transportando producto forestal en una camioneta y en un carro sin dominio. Al solicitar la Gu\u00eda de Transporte otorgada por la Direcci\u00f3n de Bosques Nativos, se corrobora que se exced\u00eda el l\u00edmite permitido por la Secretar\u00eda, por lo que se labra el acta de infracci\u00f3n correspondiente y se decomisa el excedente de le\u00f1a.<\/p>\n<p>Por otra parte, en el Paisaje Protegido Pedernal, m\u00e1s precisamente sobre Ruta N\u00ba 40, en la localidad de Tres Esquinas, el cuerpo de agentes que desempe\u00f1a funciones en la zona, intercept\u00f3 a una persona que se dirig\u00eda en moto y transportaba una diuca, motivo por el que fue labrada la infracci\u00f3n correspondiente.<\/p>\n<p>En la zona del barrio Las Lagunas, tambi\u00e9n en el departamento Sarmiento, y ante la presencia de la movilidad de los agentes, un menor de edad se da a la fuga, abandonando una jaula con un pepitero de collar chico. En esta oportunidad se realiz\u00f3 un acta de constataci\u00f3n y el ave fue recuperada y trasladada hasta el Faun\u00edstico para recibir la atenci\u00f3n necesaria.<\/p>\n<p>Mediante un aviso a la l\u00ednea 4305057, se da aviso sobre la presencia de un ave con dificultades para volar, en el departamento Santa Luc\u00eda. Al llegar al sitio, fue posible corroborar, que se trataba de un gavil\u00e1n mixto. Inmediatamente, el ave fue trasladada al Faun\u00edstico para recibir la atenci\u00f3n veterinaria necesaria.<\/p>\n<p>Personal de la Comisar\u00eda 34, de la Polic\u00eda de San Juan, se comunic\u00f3 con agentes de la Direcci\u00f3n de Conservaci\u00f3n ya que, en un procedimiento realizado en la v\u00eda p\u00fablica, hab\u00edan interceptado a menores con aves en su poder. En la comisar\u00eda, se corrobor\u00f3 que se trataba de cinco aves, un ejemplar de cardenal copete rojo, dos diucas, un vira vira y un jilguerito.<\/p>\n<p><span style=\"color: #339966;\"><strong>Otras actividades<\/strong><\/span><\/p>\n<p>En el Paisaje Protegido Pedernal, los agentes de conservaci\u00f3n recibieron la visita de alumnos de primero y segundo a\u00f1o de la carrera de Guardaparques del instituto Vida Silvestre, algunas de las actividades desarrolladas en conjunto, fueron la observaci\u00f3n y reconocimiento de flora y fauna, adem\u00e1s de realizar el circuito hist\u00f3rico cultural del pueblo.<\/p>\n<p>Alumnos de la Escuela Dr. Alfredo Calcagno, de la localidad de Huaco, visitaron el \u00e1rea protegida La Ci\u00e9naga, donde los agentes de conservaci\u00f3n les brindaron una charla sobre el cuidado del ambiente y se les entreg\u00f3 revistas referidas a estos temas. El cuerpo de agentes adem\u00e1s visit\u00f3 la Escuela de Comercio Eusebio Jes\u00fas Dojorti, del distrito El Rinc\u00f3n, donde hicieron entrega de chalecos, pendrive y se brind\u00f3 una charla informativa sobre los Clubes Ambientales Escolares.<\/p>\n<p><img loading=\"lazy\" decoding=\"async\" class=\"alignnone wp-image-44021 size-large\" src=\"https:\/\/vocesparalelas.com.ar\/sitio\/wp-content\/uploads\/2021\/11\/CLUB-AMBIENTE-800x450.jpg\" alt=\"\" width=\"800\" height=\"450\" srcset=\"https:\/\/vocesparalelas.com.ar\/sitio\/wp-content\/uploads\/2021\/11\/CLUB-AMBIENTE-800x450.jpg 800w, https:\/\/vocesparalelas.com.ar\/sitio\/wp-content\/uploads\/2021\/11\/CLUB-AMBIENTE-300x169.jpg 300w, https:\/\/vocesparalelas.com.ar\/sitio\/wp-content\/uploads\/2021\/11\/CLUB-AMBIENTE-768x432.jpg 768w, https:\/\/vocesparalelas.com.ar\/sitio\/wp-content\/uploads\/2021\/11\/CLUB-AMBIENTE.jpg 1024w\" sizes=\"auto, (max-width: 800px) 100vw, 800px\" \/><\/p>\n<p>&nbsp;<\/p>\n","protected":false},"excerpt":{"rendered":"<p>La Secretar\u00eda de Estado de Ambiente y Desarrollo Sustentable del Gobierno de San Juan realiza operativos de control de flora<\/p>\n","protected":false},"author":3,"featured_media":44022,"comment_status":"closed","ping_status":"closed","sticky":false,"template":"","format":"standard","meta":{"_acf_changed":false,"_seopress_robots_primary_cat":"none","_seopress_titles_title":"","_seopress_titles_desc":"","_seopress_robots_index":"","colormag_page_container_layout":"default_layout","colormag_page_sidebar_layout":"default_layout","footnotes":""},"categories":[1],"tags":[],"class_list":["post-44019","post","type-post","status-publish","format-standard","has-post-thumbnail","hentry","category-destacadas"],"acf":[],"_links":{"self":[{"href":"https:\/\/vocesparalelas.com.ar\/sitio\/wp-json\/wp\/v2\/posts\/44019","targetHints":{"allow":["GET"]}}],"collection":[{"href":"https:\/\/vocesparalelas.com.ar\/sitio\/wp-json\/wp\/v2\/posts"}],"about":[{"href":"https:\/\/vocesparalelas.com.ar\/sitio\/wp-json\/wp\/v2\/types\/post"}],"author":[{"embeddable":true,"href":"https:\/\/vocesparalelas.com.ar\/sitio\/wp-json\/wp\/v2\/users\/3"}],"replies":[{"embeddable":true,"href":"https:\/\/vocesparalelas.com.ar\/sitio\/wp-json\/wp\/v2\/comments?post=44019"}],"version-history":[{"count":1,"href":"https:\/\/vocesparalelas.com.ar\/sitio\/wp-json\/wp\/v2\/posts\/44019\/revisions"}],"predecessor-version":[{"id":44023,"href":"https:\/\/vocesparalelas.com.ar\/sitio\/wp-json\/wp\/v2\/posts\/44019\/revisions\/44023"}],"wp:featuredmedia":[{"embeddable":true,"href":"https:\/\/vocesparalelas.com.ar\/sitio\/wp-json\/wp\/v2\/media\/44022"}],"wp:attachment":[{"href":"https:\/\/vocesparalelas.com.ar\/sitio\/wp-json\/wp\/v2\/media?parent=44019"}],"wp:term":[{"taxonomy":"category","embeddable":true,"href":"https:\/\/vocesparalelas.com.ar\/sitio\/wp-json\/wp\/v2\/categories?post=44019"},{"taxonomy":"post_tag","embeddable":true,"href":"https:\/\/vocesparalelas.com.ar\/sitio\/wp-json\/wp\/v2\/tags?post=44019"}],"curies":[{"name":"wp","href":"https:\/\/api.w.org\/{rel}","templated":true}]}}