{"id":43999,"date":"2021-11-15T19:16:16","date_gmt":"2021-11-15T22:16:16","guid":{"rendered":"https:\/\/vocesparalelas.com.ar\/sitio\/?p=43999"},"modified":"2021-11-16T01:25:06","modified_gmt":"2021-11-16T04:25:06","slug":"el-talentoso-pianista-silas-bassa-en-san-juan","status":"publish","type":"post","link":"https:\/\/vocesparalelas.com.ar\/sitio\/el-talentoso-pianista-silas-bassa-en-san-juan\/","title":{"rendered":"El talentoso pianista Silas Bassa en San Juan"},"content":{"rendered":"<p>El Teatro del Bicentenario, dependiente del Ministerio de Turismo y Cultura del Gobierno de San Juan, presenta a Silas Bassa, el talentoso pianista y compositor santafesino residente en Francia desde hace casi dos d\u00e9cadas.\u00a0El artista pone en escena un espect\u00e1culo multisensorial en un formato de concierto- espect\u00e1culo, abriendo de esta forma nuevos caminos de interacci\u00f3n entre su m\u00fasica y las artes visuales.<\/p>\n<p>El repertorio, por momentos minimalista, por momentos impresionista, es un recorrido por diferentes paisajes sonoros y visuales, donde surge la complejidad hipn\u00f3tica de\u00a0Philip Glass, pasa por el sentimiento repetitivo de\u00a0Erik Satie, el estrepitar tel\u00farico de los acordes de\u00a0Carlos Guastavino, interrelacionados entre s\u00ed con sus propias creaciones.<\/p>\n<p>Un espect\u00e1culo- concierto con producci\u00f3n art\u00edstica y desarrollo audiovisual del Teatro del Bicentenario, con sonidos sutilmente interconectados, invitando al espectador a sumergirse en atm\u00f3sferas evocadoras, a experimentar emociones contrapuestas, de gran euforia, de intimidad, dualidad, luchas de ritmos, manteniendo una tensi\u00f3n constante hasta el \u00faltimo acorde.<\/p>\n<p>El concierto de piano, el S\u00e1bado, 4 de Diciembre, a las\u00a021 hs\u00a0en la Sala Principal del TB. Las entradas de $400, $600 y $800 est\u00e1n en venta en boleter\u00eda del Teatro de lunes a viernes de 9:30 a 14 hs y de 17 a 20 hs.; s\u00e1bado 10 a 13:30hs y dos horas previas a la funci\u00f3n. Tambi\u00e9n se pueden adquirir a trav\u00e9s de\u00a0<a href=\"http:\/\/tuentrada.com\/\" data-saferedirecturl=\"https:\/\/www.google.com\/url?q=http:\/\/tuentrada.com&amp;source=gmail&amp;ust=1636804298714000&amp;usg=AOvVaw3478qD8M-RQpgUJLKaLoV-\">tuentrada.com<\/a>, accediendo a\u00a0<a href=\"https:\/\/tbsj.tuentrada.com\/selection\/event\/date?productId=10228426187821\" data-saferedirecturl=\"https:\/\/www.google.com\/url?q=https:\/\/tbsj.tuentrada.com\/selection\/event\/date?productId%3D10228426187821&amp;source=gmail&amp;ust=1636804298714000&amp;usg=AOvVaw0HnXuOh6j2w1CNfswGVE8H\">https:\/\/tbsj.tuentrada.com\/selection\/event\/date?productId=10228426187821<\/a><\/p>\n<p><span style=\"color: #339966;\"><strong>Promo Ticket Joven<\/strong><\/span><\/p>\n<p>Las personas de hasta 24 a\u00f1os inclusive, pueden acceder a un 50% de descuento en las entradas de $800. Esta promo es v\u00e1lida s\u00f3lo en Boleter\u00eda del TB y es no acumulable con otras promociones vigentes.<\/p>\n<p><strong><span style=\"color: #339966;\">Promo Ticket Ya<\/span><\/strong><\/p>\n<p>Existe el 20% de descuento en las primeras 100 entradas adquiridas. La promo es v\u00e1lida para cualquier ubicaci\u00f3n y est\u00e1 disponible solo en Boleter\u00eda del TB.<\/p>\n<figure id=\"attachment_44003\" aria-describedby=\"caption-attachment-44003\" style=\"width: 800px\" class=\"wp-caption alignnone\"><img loading=\"lazy\" decoding=\"async\" class=\"wp-image-44003 size-large\" src=\"https:\/\/vocesparalelas.com.ar\/sitio\/wp-content\/uploads\/2021\/11\/silas-01-800x534.jpg\" alt=\"\" width=\"800\" height=\"534\" srcset=\"https:\/\/vocesparalelas.com.ar\/sitio\/wp-content\/uploads\/2021\/11\/silas-01-800x534.jpg 800w, https:\/\/vocesparalelas.com.ar\/sitio\/wp-content\/uploads\/2021\/11\/silas-01-300x200.jpg 300w, https:\/\/vocesparalelas.com.ar\/sitio\/wp-content\/uploads\/2021\/11\/silas-01-768x512.jpg 768w, https:\/\/vocesparalelas.com.ar\/sitio\/wp-content\/uploads\/2021\/11\/silas-01.jpg 1024w\" sizes=\"auto, (max-width: 800px) 100vw, 800px\" \/><figcaption id=\"caption-attachment-44003\" class=\"wp-caption-text\">Pianista Silas Bassa<\/figcaption><\/figure>\n","protected":false},"excerpt":{"rendered":"<p>El Teatro del Bicentenario, dependiente del Ministerio de Turismo y Cultura del Gobierno de San Juan, presenta a Silas Bassa,<\/p>\n","protected":false},"author":3,"featured_media":44001,"comment_status":"closed","ping_status":"closed","sticky":false,"template":"","format":"standard","meta":{"_acf_changed":false,"_seopress_robots_primary_cat":"none","_seopress_titles_title":"","_seopress_titles_desc":"","_seopress_robots_index":"","colormag_page_container_layout":"default_layout","colormag_page_sidebar_layout":"default_layout","footnotes":""},"categories":[20],"tags":[],"class_list":["post-43999","post","type-post","status-publish","format-standard","has-post-thumbnail","hentry","category-cartelera"],"acf":[],"_links":{"self":[{"href":"https:\/\/vocesparalelas.com.ar\/sitio\/wp-json\/wp\/v2\/posts\/43999","targetHints":{"allow":["GET"]}}],"collection":[{"href":"https:\/\/vocesparalelas.com.ar\/sitio\/wp-json\/wp\/v2\/posts"}],"about":[{"href":"https:\/\/vocesparalelas.com.ar\/sitio\/wp-json\/wp\/v2\/types\/post"}],"author":[{"embeddable":true,"href":"https:\/\/vocesparalelas.com.ar\/sitio\/wp-json\/wp\/v2\/users\/3"}],"replies":[{"embeddable":true,"href":"https:\/\/vocesparalelas.com.ar\/sitio\/wp-json\/wp\/v2\/comments?post=43999"}],"version-history":[{"count":1,"href":"https:\/\/vocesparalelas.com.ar\/sitio\/wp-json\/wp\/v2\/posts\/43999\/revisions"}],"predecessor-version":[{"id":44004,"href":"https:\/\/vocesparalelas.com.ar\/sitio\/wp-json\/wp\/v2\/posts\/43999\/revisions\/44004"}],"wp:featuredmedia":[{"embeddable":true,"href":"https:\/\/vocesparalelas.com.ar\/sitio\/wp-json\/wp\/v2\/media\/44001"}],"wp:attachment":[{"href":"https:\/\/vocesparalelas.com.ar\/sitio\/wp-json\/wp\/v2\/media?parent=43999"}],"wp:term":[{"taxonomy":"category","embeddable":true,"href":"https:\/\/vocesparalelas.com.ar\/sitio\/wp-json\/wp\/v2\/categories?post=43999"},{"taxonomy":"post_tag","embeddable":true,"href":"https:\/\/vocesparalelas.com.ar\/sitio\/wp-json\/wp\/v2\/tags?post=43999"}],"curies":[{"name":"wp","href":"https:\/\/api.w.org\/{rel}","templated":true}]}}