{"id":43994,"date":"2021-11-15T19:05:07","date_gmt":"2021-11-15T22:05:07","guid":{"rendered":"https:\/\/vocesparalelas.com.ar\/sitio\/?p=43994"},"modified":"2021-11-15T19:05:07","modified_gmt":"2021-11-15T22:05:07","slug":"operativo-de-valoracion-cognitiva-y-sociocultural-para-los-alumnos-de-la-eee-india-mariana","status":"publish","type":"post","link":"https:\/\/vocesparalelas.com.ar\/sitio\/operativo-de-valoracion-cognitiva-y-sociocultural-para-los-alumnos-de-la-eee-india-mariana\/","title":{"rendered":"Operativo de valoraci\u00f3n cognitiva y sociocultural para los alumnos de la EEE \u00abIndia Mariana\u201d"},"content":{"rendered":"<p>Desde el \u00c1rea Program\u00e1tica Pocito, dependiente de la Zona Sanitaria V del Ministerio de Salud P\u00fablica del Gobierno de San Juan, se ha llevado a cabo un gran operativo de valoraci\u00f3n cognitiva y sociocultural para los alumnos de la Escuela de Educaci\u00f3n Especial \u201cIndia Mariana\u201d, de aquel departamento.<\/p>\n<div class=\"g-container\">\n<div class=\"g-grid\">\n<div class=\"g-block size-100\">\n<div class=\"g-content\">\n<div class=\"platform-content row-fluid\">\n<div class=\"span12\">\n<div id=\"k2Container\" class=\"itemView \">\n<div class=\"cuerpo-principal\">\n<div class=\"itemBody\">\n<div class=\"itemFullText\">\n<p>En total, 24 alumnos, de entre 13 a 18 a\u00f1os fueron atendidos por las profesionales del \u00c1rea Salud Mental, Psic\u00f3loga Ana Grynszpan, Psicopedagoga Laura Balmaceda y M\u00e9dica Psiquiatra Lorena Suvire , que evaluaron la situaci\u00f3n de cada uno en cuanto al rendimiento cognitivo, intelectual, y contexto sociocultural de los alumnos.<\/p>\n<p>Tambi\u00e9n la intervenci\u00f3n incluy\u00f3 entrevistas con los padres y el estudio de la realidad contextual, el tipo de discapacidad, si la misma es de implicancia solo intelectual o asociada a otras particularidades.<\/p>\n<p>Entre las tareas que realiz\u00f3 el Equipo de Salud Mental estuvo la confecci\u00f3n del formulario para presentar en la Junta Evaluadora, dependiente de la Direcci\u00f3n de Discapacidad del Ministerio de Desarrollo Humano.<\/p>\n<p>El formulario es un informe de la valoraci\u00f3n cognitiva y contextual del usuario que se lleva a cabo con la finalidad de brindar la informaci\u00f3n necesaria para realizar el tr\u00e1mite de Certificado \u00danico de Discapacidad y que se presenta ante los organismos mencionados.<\/p>\n<p>El operativo fue muy significativo porque se cumpli\u00f3 con el objetivo primario para el cual se hizo. Evitar el traslado de los 24 alumnos a los centros sanitarios para buscar la valoraci\u00f3n m\u00e9dica que se les pide. \u201cDirectamente en un mismo d\u00eda se los atendi\u00f3 y se les llen\u00f3 el formulario\u201d, dijo la psic\u00f3loga Ana Grynszpan, que particip\u00f3 de la visita a la Escuela India Mariana.<\/p>\n<p>La profesional consider\u00f3 como muy importante la articulaci\u00f3n llevada a cabo con la Junta Evaluadora y tambi\u00e9n con la escuela, \u201cporque entendemos como prioritario el an\u00e1lisis del docente sobre las caracter\u00edsticas del alumno\u201d.<\/p>\n<p>Otra de las tareas importantes que realizaron las tres expertas, fue solicitar una actualizaci\u00f3n de estudios m\u00e9dicos para los alumnos, porque en varios casos, los chequeos eran prepandemia. \u201cEn estos casos se les hizo la derivaci\u00f3n al hospital para un nuevo chequeo m\u00e9dico\u201d explic\u00f3 Grynszpan.<\/p>\n<p>Finalmente la psic\u00f3loga dej\u00f3 claro que la idea es que estos operativos contin\u00faen en el tiempo para facilitar la atenci\u00f3n a los alumnos, y que lo ideal ser\u00eda una vez al mes. \u201cla actividad es muy fruct\u00edfera porque acorta los tiempos y es muy eficaz para los usuarios\u201d, aclar\u00f3 la licenciada.<\/p>\n<\/div>\n<div class=\"clr\"><\/div>\n<\/div>\n<\/div>\n<\/div>\n<\/div>\n<\/div>\n<\/div>\n<\/div>\n<\/div>\n<\/div>\n<p>&nbsp;<\/p>\n<section id=\"g-debajo\">\n<div class=\"g-container\">\n<div class=\"g-grid\">\n<div class=\"g-block size-100\">\n<div class=\"g-content\">\n<div class=\"platform-content\">\n<div class=\"moduletable loultimo\">\n<h3 class=\"g-title\"><\/h3>\n<\/div>\n<\/div>\n<\/div>\n<\/div>\n<\/div>\n<\/div>\n<\/section>\n","protected":false},"excerpt":{"rendered":"<p>Desde el \u00c1rea Program\u00e1tica Pocito, dependiente de la Zona Sanitaria V del Ministerio de Salud P\u00fablica del Gobierno de San<\/p>\n","protected":false},"author":3,"featured_media":43996,"comment_status":"closed","ping_status":"closed","sticky":false,"template":"","format":"standard","meta":{"_acf_changed":false,"_seopress_robots_primary_cat":"none","_seopress_titles_title":"","_seopress_titles_desc":"","_seopress_robots_index":"","colormag_page_container_layout":"default_layout","colormag_page_sidebar_layout":"default_layout","footnotes":""},"categories":[1],"tags":[],"class_list":["post-43994","post","type-post","status-publish","format-standard","has-post-thumbnail","hentry","category-destacadas"],"acf":[],"_links":{"self":[{"href":"https:\/\/vocesparalelas.com.ar\/sitio\/wp-json\/wp\/v2\/posts\/43994","targetHints":{"allow":["GET"]}}],"collection":[{"href":"https:\/\/vocesparalelas.com.ar\/sitio\/wp-json\/wp\/v2\/posts"}],"about":[{"href":"https:\/\/vocesparalelas.com.ar\/sitio\/wp-json\/wp\/v2\/types\/post"}],"author":[{"embeddable":true,"href":"https:\/\/vocesparalelas.com.ar\/sitio\/wp-json\/wp\/v2\/users\/3"}],"replies":[{"embeddable":true,"href":"https:\/\/vocesparalelas.com.ar\/sitio\/wp-json\/wp\/v2\/comments?post=43994"}],"version-history":[{"count":2,"href":"https:\/\/vocesparalelas.com.ar\/sitio\/wp-json\/wp\/v2\/posts\/43994\/revisions"}],"predecessor-version":[{"id":43998,"href":"https:\/\/vocesparalelas.com.ar\/sitio\/wp-json\/wp\/v2\/posts\/43994\/revisions\/43998"}],"wp:featuredmedia":[{"embeddable":true,"href":"https:\/\/vocesparalelas.com.ar\/sitio\/wp-json\/wp\/v2\/media\/43996"}],"wp:attachment":[{"href":"https:\/\/vocesparalelas.com.ar\/sitio\/wp-json\/wp\/v2\/media?parent=43994"}],"wp:term":[{"taxonomy":"category","embeddable":true,"href":"https:\/\/vocesparalelas.com.ar\/sitio\/wp-json\/wp\/v2\/categories?post=43994"},{"taxonomy":"post_tag","embeddable":true,"href":"https:\/\/vocesparalelas.com.ar\/sitio\/wp-json\/wp\/v2\/tags?post=43994"}],"curies":[{"name":"wp","href":"https:\/\/api.w.org\/{rel}","templated":true}]}}