{"id":43986,"date":"2021-11-15T13:15:34","date_gmt":"2021-11-15T16:15:34","guid":{"rendered":"https:\/\/vocesparalelas.com.ar\/sitio\/?p=43986"},"modified":"2021-11-15T13:15:34","modified_gmt":"2021-11-15T16:15:34","slug":"el-frente-gremial-solicito-un-bono-de-fin-de-ano-para-el-personal-de-la-unsj","status":"publish","type":"post","link":"https:\/\/vocesparalelas.com.ar\/sitio\/el-frente-gremial-solicito-un-bono-de-fin-de-ano-para-el-personal-de-la-unsj\/","title":{"rendered":"El Frente Gremial solicit\u00f3 un bono de fin de a\u00f1o para el personal de la UNSJ"},"content":{"rendered":"<p>El Frente Gremial de la Universidad Nacional de San Juan, present\u00f3 una nota dirigida al Rector Ing. Tadeo Berenguer firmada por APUNSJ, SIDUNSJ, UDA y ADICUS.<\/p>\n<p>En la misma, el Frente Gremial le solicita al Rector que tenga a bien considerar el pago de un bono de fin de a\u00f1o con un valor de $15.000 para cada trabajador de la UNSJ, destinado a paliar el d\u00e9ficit en los salarios a causa de la inflaci\u00f3n que a\u00fan no puede ser controlada.<\/p>\n<p>La participaci\u00f3n de todos los gremios y el trabajo en unidad de todas y todos los trabajadores de nuestra Universidad es imprescindible para llevar adelante estos pedidos que benefician significativamente el bolsillo de cada uno\/a, como as\u00ed tambi\u00e9n las condiciones laborales en nuestra Universidad.<\/p>\n<p>Desde ADICUS seguimos trabajando para garantizarle a cada docente un buen final y comienzo de a\u00f1o, y celebramos esta iniciativa del Frente Gremial que sigue estando presente para representar la voluntad de cada trabajador y de cada trabajadora de la Universidad Nacional de San Juan.<\/p>\n<p>&nbsp;<\/p>\n<p><img loading=\"lazy\" decoding=\"async\" class=\"alignnone wp-image-43988 size-large\" src=\"https:\/\/vocesparalelas.com.ar\/sitio\/wp-content\/uploads\/2021\/11\/ADICUS-NOTA-800x800.jpg\" alt=\"\" width=\"800\" height=\"800\" \/><\/p>\n<p><a href=\"https:\/\/vocesparalelas.com.ar\/sitio\/wp-content\/uploads\/2021\/11\/NOTA-FRENTE-GREMIAL.pdf\">NOTA FRENTE GREMIAL<\/a><\/p>\n","protected":false},"excerpt":{"rendered":"<p>El Frente Gremial de la Universidad Nacional de San Juan, present\u00f3 una nota dirigida al Rector Ing. Tadeo Berenguer firmada<\/p>\n","protected":false},"author":3,"featured_media":12481,"comment_status":"closed","ping_status":"closed","sticky":false,"template":"","format":"standard","meta":{"_acf_changed":false,"_seopress_robots_primary_cat":"none","_seopress_titles_title":"","_seopress_titles_desc":"","_seopress_robots_index":"","colormag_page_container_layout":"default_layout","colormag_page_sidebar_layout":"default_layout","footnotes":""},"categories":[1],"tags":[],"class_list":["post-43986","post","type-post","status-publish","format-standard","has-post-thumbnail","hentry","category-destacadas"],"acf":[],"_links":{"self":[{"href":"https:\/\/vocesparalelas.com.ar\/sitio\/wp-json\/wp\/v2\/posts\/43986","targetHints":{"allow":["GET"]}}],"collection":[{"href":"https:\/\/vocesparalelas.com.ar\/sitio\/wp-json\/wp\/v2\/posts"}],"about":[{"href":"https:\/\/vocesparalelas.com.ar\/sitio\/wp-json\/wp\/v2\/types\/post"}],"author":[{"embeddable":true,"href":"https:\/\/vocesparalelas.com.ar\/sitio\/wp-json\/wp\/v2\/users\/3"}],"replies":[{"embeddable":true,"href":"https:\/\/vocesparalelas.com.ar\/sitio\/wp-json\/wp\/v2\/comments?post=43986"}],"version-history":[{"count":1,"href":"https:\/\/vocesparalelas.com.ar\/sitio\/wp-json\/wp\/v2\/posts\/43986\/revisions"}],"predecessor-version":[{"id":43990,"href":"https:\/\/vocesparalelas.com.ar\/sitio\/wp-json\/wp\/v2\/posts\/43986\/revisions\/43990"}],"wp:featuredmedia":[{"embeddable":true,"href":"https:\/\/vocesparalelas.com.ar\/sitio\/wp-json\/wp\/v2\/media\/12481"}],"wp:attachment":[{"href":"https:\/\/vocesparalelas.com.ar\/sitio\/wp-json\/wp\/v2\/media?parent=43986"}],"wp:term":[{"taxonomy":"category","embeddable":true,"href":"https:\/\/vocesparalelas.com.ar\/sitio\/wp-json\/wp\/v2\/categories?post=43986"},{"taxonomy":"post_tag","embeddable":true,"href":"https:\/\/vocesparalelas.com.ar\/sitio\/wp-json\/wp\/v2\/tags?post=43986"}],"curies":[{"name":"wp","href":"https:\/\/api.w.org\/{rel}","templated":true}]}}