{"id":43944,"date":"2021-11-13T11:05:48","date_gmt":"2021-11-13T14:05:48","guid":{"rendered":"https:\/\/vocesparalelas.com.ar\/sitio\/?p=43944"},"modified":"2021-11-13T11:05:48","modified_gmt":"2021-11-13T14:05:48","slug":"tarea-del-distrito-electoral-san-juan-elecciones-legislativas-2021","status":"publish","type":"post","link":"https:\/\/vocesparalelas.com.ar\/sitio\/tarea-del-distrito-electoral-san-juan-elecciones-legislativas-2021\/","title":{"rendered":"Tarea del Distrito Electoral \u201cSan Juan\u201d Elecciones Legislativas 2021"},"content":{"rendered":"<p>El Comando del Distrito Electoral \u201cSan Juan\u201d, planifica, programa y conduce las actividades de guardia y custodia de las Elecciones Legislativas 2021, hasta la finalizaci\u00f3n del escrutinio definitivo, en el \u00e1mbito de la provincia de San Juan, para la Custodia y Seguridad del acto comicial a fin de dar cumplimiento a las ordenes emitidas por el Comandante General Electoral.<\/p>\n<p>Para la Custodia y Seguridad del Acto Comicial se encuentran a \u00f3rdenes del Comandante Electoral personal del Ej\u00e9rcito Argentino, Gendarmer\u00eda Nacional Argentina, Policial Federal Argentina y Polic\u00eda de la Provincia de San Juan.<\/p>\n<p>La Seguridad externa de los locales de votaci\u00f3n se encuentra a cargo de la Polic\u00eda de la provincia de San Juan, en tanto que en el interior est\u00e1 a cargo de personal del Ej\u00e9rcito Argentino y Gendarmer\u00eda Nacional Argentina.<\/p>\n<p>Asimismo, Polic\u00eda Federal Argentina brinda la seguridad interior al lugar de Escrutinio Definitivo y Centro de Gesti\u00f3n de Datos.<\/p>\n<p>El Comandante de Distrito Electoral \u201cSan Juan\u201d, Coronel Rolando Alberto Labrousse y el \u00f3rgano de difusi\u00f3n del Comando del Distrito Electoral San Juan, son los \u00fanicos autorizados a brindar informaci\u00f3n a los Medios de Comunicaci\u00f3n Social de la Provincia de San Juan.<\/p>\n<p><span style=\"color: #339966;\"><strong>Datos de Inter\u00e9s<\/strong><\/span><\/p>\n<p>Iniciaci\u00f3n y cierre del Acto Electoral<\/p>\n<ul>\n<li>Iniciaci\u00f3n: 0800 hs<\/li>\n<li>Cierre: 1800 hs (Cierre del Establecimiento)<\/li>\n<\/ul>\n<p>Oportunidad de despliegue de las Fuerzas afectadas a la Seguridad<\/p>\n<ul>\n<li>A partir del Viernes, 12 de Noviembre de 2021.<\/li>\n<\/ul>\n<p>Oportunidad de despliegue de Urnas por parte del Correo Argentino.<\/p>\n<ul>\n<li>D\u00eda S\u00e1bado 13 de noviembre de 2021.<\/li>\n<\/ul>\n<p>Existen Delegados de la Justicia Nacional Electoral designados para actuar en cualquier local de votaci\u00f3n, con el deber de colaborar con las autoridades de mesa en el desarrollo de sus tareas.<\/p>\n<p>Los delegados portaran una credencial para facilitar su identificaci\u00f3n por parte de las autoridades de mesa.<\/p>\n<p>Responsabilidades en la seguridad en los locales de votaci\u00f3n:<\/p>\n<ul>\n<li>Interno: Fuerzas Armadas (Ej\u00e9rcito Argentino) y Fuerzas de Seguridad (Gendarmer\u00eda Nacional Argentina y Polic\u00eda Federal Argentina)<\/li>\n<li>Externa: Fuerzas Policiales<\/li>\n<\/ul>\n<p>Se recomienda a los electores, concurrir en forma temprana para ejercer el derecho a voto a fin de facilitar el acto comicial.<\/p>\n<p><span style=\"color: #339966;\"><strong>N\u00f3mina de Autoridades<\/strong><\/span><\/p>\n<ul>\n<li>Juez Federal Electoral Dr. Miguel \u00c1ngel Galvez Atienza<\/li>\n<li>Secretario Electoral Dr. Edgardo Gustavo Benitez<\/li>\n<li>Comandante Distrito Electoral \u201cSan Juan\u201d Coronel Rolando Alberto Labrousse<\/li>\n<\/ul>\n<p><span style=\"color: #339966;\"><strong>Tel\u00e9fonos \u00datiles<\/strong><\/span><\/p>\n<ul>\n<li>Juzgado Federal Electoral, Av. Rioja 280 (S) Ciudad, Capital, Tel\u00e9fono 0264 \u2013 4223367<\/li>\n<li>Secretario Electoral, Av Rioja 280 (S) Ciudad, Capital, Tel\u00e9fono 0264 \u2013 4203367<\/li>\n<\/ul>\n<p><span style=\"color: #339966;\"><strong>Puesto Comando Distrito Electoral\u00a0<\/strong><strong>\u201cSan Juan\u201d<\/strong><\/span><\/p>\n<p>RIM 22 &#8211; Baigorria y Conscripto Argentino S\/N Marquesado, San Juan<\/p>\n<ul>\n<li>TEL: 4334271<\/li>\n<li>TEL: 4330101<\/li>\n<li>TEL: 4330003<\/li>\n<\/ul>\n<p><strong><span style=\"color: #339966;\">Datos a tener en cuenta<\/span><\/strong><\/p>\n<ul>\n<li>Electores: 579.913<\/li>\n<li>Mesas: 1.728<\/li>\n<\/ul>\n<p><strong><span style=\"color: #339966;\">Cantidad de lugares de Votaci\u00f3n<\/span><\/strong><\/p>\n<ul>\n<li>Escuelas: 271<\/li>\n<li>Servicio Penitenciario U \u2013 1: 1<\/li>\n<\/ul>\n<p><span style=\"color: #339966;\"><strong>Personal afectado a la Seguridad<\/strong><\/span><\/p>\n<p>1371\u00a0 efectivos pertenecientes a:<\/p>\n<ul>\n<li>Ej\u00e9rcito Argentino<\/li>\n<li>Gendarmer\u00eda Nacional<\/li>\n<li>Polic\u00eda Federal Argentina<\/li>\n<li>Polic\u00eda de San Juan<\/li>\n<li>Polic\u00eda Seguridad Aeroportuaria.<\/li>\n<\/ul>\n<p>&nbsp;<\/p>\n<p><img loading=\"lazy\" decoding=\"async\" class=\"alignnone wp-image-41762 size-full\" src=\"https:\/\/vocesparalelas.com.ar\/sitio\/wp-content\/uploads\/2021\/09\/PASO-MAPA-01.jpg\" alt=\"\" width=\"800\" height=\"608\" srcset=\"https:\/\/vocesparalelas.com.ar\/sitio\/wp-content\/uploads\/2021\/09\/PASO-MAPA-01.jpg 800w, https:\/\/vocesparalelas.com.ar\/sitio\/wp-content\/uploads\/2021\/09\/PASO-MAPA-01-300x228.jpg 300w, https:\/\/vocesparalelas.com.ar\/sitio\/wp-content\/uploads\/2021\/09\/PASO-MAPA-01-768x584.jpg 768w\" sizes=\"auto, (max-width: 800px) 100vw, 800px\" \/><\/p>\n<p><img loading=\"lazy\" decoding=\"async\" class=\"alignnone wp-image-41761 size-full\" src=\"https:\/\/vocesparalelas.com.ar\/sitio\/wp-content\/uploads\/2021\/09\/PASO-LOGOS.jpg\" alt=\"\" width=\"800\" height=\"621\" srcset=\"https:\/\/vocesparalelas.com.ar\/sitio\/wp-content\/uploads\/2021\/09\/PASO-LOGOS.jpg 800w, https:\/\/vocesparalelas.com.ar\/sitio\/wp-content\/uploads\/2021\/09\/PASO-LOGOS-300x233.jpg 300w, https:\/\/vocesparalelas.com.ar\/sitio\/wp-content\/uploads\/2021\/09\/PASO-LOGOS-768x596.jpg 768w\" sizes=\"auto, (max-width: 800px) 100vw, 800px\" \/><\/p>\n","protected":false},"excerpt":{"rendered":"<p>El Comando del Distrito Electoral \u201cSan Juan\u201d, planifica, programa y conduce las actividades de guardia y custodia de las Elecciones<\/p>\n","protected":false},"author":3,"featured_media":41650,"comment_status":"closed","ping_status":"closed","sticky":false,"template":"","format":"standard","meta":{"_acf_changed":false,"_seopress_robots_primary_cat":"none","_seopress_titles_title":"","_seopress_titles_desc":"","_seopress_robots_index":"","colormag_page_container_layout":"default_layout","colormag_page_sidebar_layout":"default_layout","footnotes":""},"categories":[1],"tags":[],"class_list":["post-43944","post","type-post","status-publish","format-standard","has-post-thumbnail","hentry","category-destacadas"],"acf":[],"_links":{"self":[{"href":"https:\/\/vocesparalelas.com.ar\/sitio\/wp-json\/wp\/v2\/posts\/43944","targetHints":{"allow":["GET"]}}],"collection":[{"href":"https:\/\/vocesparalelas.com.ar\/sitio\/wp-json\/wp\/v2\/posts"}],"about":[{"href":"https:\/\/vocesparalelas.com.ar\/sitio\/wp-json\/wp\/v2\/types\/post"}],"author":[{"embeddable":true,"href":"https:\/\/vocesparalelas.com.ar\/sitio\/wp-json\/wp\/v2\/users\/3"}],"replies":[{"embeddable":true,"href":"https:\/\/vocesparalelas.com.ar\/sitio\/wp-json\/wp\/v2\/comments?post=43944"}],"version-history":[{"count":1,"href":"https:\/\/vocesparalelas.com.ar\/sitio\/wp-json\/wp\/v2\/posts\/43944\/revisions"}],"predecessor-version":[{"id":43947,"href":"https:\/\/vocesparalelas.com.ar\/sitio\/wp-json\/wp\/v2\/posts\/43944\/revisions\/43947"}],"wp:featuredmedia":[{"embeddable":true,"href":"https:\/\/vocesparalelas.com.ar\/sitio\/wp-json\/wp\/v2\/media\/41650"}],"wp:attachment":[{"href":"https:\/\/vocesparalelas.com.ar\/sitio\/wp-json\/wp\/v2\/media?parent=43944"}],"wp:term":[{"taxonomy":"category","embeddable":true,"href":"https:\/\/vocesparalelas.com.ar\/sitio\/wp-json\/wp\/v2\/categories?post=43944"},{"taxonomy":"post_tag","embeddable":true,"href":"https:\/\/vocesparalelas.com.ar\/sitio\/wp-json\/wp\/v2\/tags?post=43944"}],"curies":[{"name":"wp","href":"https:\/\/api.w.org\/{rel}","templated":true}]}}