{"id":43929,"date":"2021-11-14T20:59:01","date_gmt":"2021-11-14T23:59:01","guid":{"rendered":"https:\/\/vocesparalelas.com.ar\/sitio\/?p=43929"},"modified":"2021-11-16T00:45:42","modified_gmt":"2021-11-16T03:45:42","slug":"la-poblacion-puede-colocarse-la-segunda-dosis-de-sputnik-v-por-demanda-espontanea","status":"publish","type":"post","link":"https:\/\/vocesparalelas.com.ar\/sitio\/la-poblacion-puede-colocarse-la-segunda-dosis-de-sputnik-v-por-demanda-espontanea\/","title":{"rendered":"La poblaci\u00f3n puede colocarse la segunda dosis de Sputnik V por demanda espont\u00e1nea"},"content":{"rendered":"<p>Las personas que deseen vacunarse y completar el esquema de vacunaci\u00f3n, pueden acercarse por los centros de vacunaci\u00f3n contra el COVID-19, por demanda espont\u00e1nea y as\u00ed continuar con la inmunizaci\u00f3n a la poblaci\u00f3n.<\/p>\n<p><strong><span style=\"color: #ff0000;\">Las personas que vayan a colocarse la vacuna deben concurrir con los siguientes requisitos:<\/span><\/strong><\/p>\n<ul>\n<li>DNI<\/li>\n<li>Asistir sin s\u00edntomas<\/li>\n<li>Carnet de Vacunaci\u00f3n COVID-19<\/li>\n<\/ul>\n<p><strong><span style=\"color: #ff0000;\">Lugares de vacunaci\u00f3n<\/span><\/strong><\/p>\n<ul>\n<li>Albard\u00f3n: CIC La Laja.<\/li>\n<li>Angaco: Uni\u00f3n Vecinal Villa El Salvador.<\/li>\n<li>Calingasta: Uni\u00f3n Vecinal Villa Calingasta \u2013 Barreal: Polideportivo Barreal.<\/li>\n<li>Capital: Polideportivo escuela San Mart\u00edn \u2013 Estadio Aldo Cantoni \u2013\u00a0<strong>AutoVac:\u00a0<\/strong>Centro Comercial H\u00edper Libertad<\/li>\n<li>Caucete: Sal\u00f3n San Isidro \u2013\u00a0<strong>AutoVac:\u00a0<\/strong>Predio Municipal<\/li>\n<li>Chimbas: Parque de Chimbas \u2013\u00a0<strong>AutoVac<\/strong>: Parque de Chimbas<\/li>\n<li>Iglesia: Polideportivo Municipal de Rodeo.<\/li>\n<li>J\u00e1chal: Teatro del Bicentenario.<\/li>\n<li>9 de Julio: Centro de Jubilados.<\/li>\n<li>Pocito: Sal\u00f3n La Posta (Mendoza entre calles 10 y 11) \u2013 Camping del Colegio M\u00e9dico<\/li>\n<li>Rawson: Teatro Kummel.<\/li>\n<li>Rivadavia: CUIM Islas Malvinas, Facultad de Ciencias Sociales. Rivadavia<\/li>\n<li>San Mart\u00edn: Estadio Marta Orellana.<\/li>\n<li>Santa Luc\u00eda: Uni\u00f3n Vecinal Santa Luc\u00eda Centro.<\/li>\n<li>Sarmiento: Centro Cultural.<\/li>\n<li>Ullum: CIC Ullum.<\/li>\n<li>Valle F\u00e9rtil: Sal\u00f3n Cultural.<\/li>\n<li>25 de Mayo: CIC Santa Rosa<\/li>\n<li>Zonda: Sal\u00f3n de Eventos del Centro de Jubilados.<\/li>\n<\/ul>\n","protected":false},"excerpt":{"rendered":"<p>Las personas que deseen vacunarse y completar el esquema de vacunaci\u00f3n, pueden acercarse por los centros de vacunaci\u00f3n contra el<\/p>\n","protected":false},"author":3,"featured_media":36768,"comment_status":"closed","ping_status":"closed","sticky":false,"template":"","format":"standard","meta":{"_acf_changed":false,"_seopress_robots_primary_cat":"none","_seopress_titles_title":"","_seopress_titles_desc":"","_seopress_robots_index":"","colormag_page_container_layout":"default_layout","colormag_page_sidebar_layout":"default_layout","footnotes":""},"categories":[6],"tags":[],"class_list":["post-43929","post","type-post","status-publish","format-standard","has-post-thumbnail","hentry","category-eventos"],"acf":[],"_links":{"self":[{"href":"https:\/\/vocesparalelas.com.ar\/sitio\/wp-json\/wp\/v2\/posts\/43929","targetHints":{"allow":["GET"]}}],"collection":[{"href":"https:\/\/vocesparalelas.com.ar\/sitio\/wp-json\/wp\/v2\/posts"}],"about":[{"href":"https:\/\/vocesparalelas.com.ar\/sitio\/wp-json\/wp\/v2\/types\/post"}],"author":[{"embeddable":true,"href":"https:\/\/vocesparalelas.com.ar\/sitio\/wp-json\/wp\/v2\/users\/3"}],"replies":[{"embeddable":true,"href":"https:\/\/vocesparalelas.com.ar\/sitio\/wp-json\/wp\/v2\/comments?post=43929"}],"version-history":[{"count":1,"href":"https:\/\/vocesparalelas.com.ar\/sitio\/wp-json\/wp\/v2\/posts\/43929\/revisions"}],"predecessor-version":[{"id":43931,"href":"https:\/\/vocesparalelas.com.ar\/sitio\/wp-json\/wp\/v2\/posts\/43929\/revisions\/43931"}],"wp:featuredmedia":[{"embeddable":true,"href":"https:\/\/vocesparalelas.com.ar\/sitio\/wp-json\/wp\/v2\/media\/36768"}],"wp:attachment":[{"href":"https:\/\/vocesparalelas.com.ar\/sitio\/wp-json\/wp\/v2\/media?parent=43929"}],"wp:term":[{"taxonomy":"category","embeddable":true,"href":"https:\/\/vocesparalelas.com.ar\/sitio\/wp-json\/wp\/v2\/categories?post=43929"},{"taxonomy":"post_tag","embeddable":true,"href":"https:\/\/vocesparalelas.com.ar\/sitio\/wp-json\/wp\/v2\/tags?post=43929"}],"curies":[{"name":"wp","href":"https:\/\/api.w.org\/{rel}","templated":true}]}}