{"id":43912,"date":"2021-11-11T23:46:03","date_gmt":"2021-11-12T02:46:03","guid":{"rendered":"https:\/\/vocesparalelas.com.ar\/sitio\/?p=43912"},"modified":"2021-11-12T01:46:47","modified_gmt":"2021-11-12T04:46:47","slug":"lo-mas-importante-es-que-los-ciudadanos-de-san-juan-asistan-a-emitir-su-voto","status":"publish","type":"post","link":"https:\/\/vocesparalelas.com.ar\/sitio\/lo-mas-importante-es-que-los-ciudadanos-de-san-juan-asistan-a-emitir-su-voto\/","title":{"rendered":"\u00abLo m\u00e1s importante es que los ciudadanos de San Juan asistan a emitir su voto\u00bb"},"content":{"rendered":"<p>En un sal\u00f3n de eventos de Santa Luc\u00eda, los candidatos de Frente de Todos San Juan realizaron un encuentro con los periodistas San Juan y con un desayuno de trabajo para dar inicio al cierre de campa\u00f1a.<\/p>\n<p>Estuvieron presentes\u00a0los candidatos a diputados nacionales Walberto Allende, Fabiola Aubone, Luis Rueda, Marita Benavente, Marcelo Trujillo y Noelia Tortarolo junto al apoyo del Gobernador, Dr. Sergio U\u00f1ac.<\/p>\n<p>Por ello, el Gobernador, Dr. Sergio U\u00f1ac manifest\u00f3 que lo m\u00e1s importante es que el Domingo, 14 de Noviembre, los ciudadanos de San Juan asistan a emitir su voto. Esta responsabilidad es una situaci\u00f3n de todos para que a nivel Nacional, San Juan est\u00e9 representado por los candidatos que apuesten a proyectos que beneficien a la provincia.<\/p>\n<figure id=\"attachment_43901\" aria-describedby=\"caption-attachment-43901\" style=\"width: 800px\" class=\"wp-caption alignnone\"><img loading=\"lazy\" decoding=\"async\" class=\"wp-image-43901 size-full\" src=\"https:\/\/vocesparalelas.com.ar\/sitio\/wp-content\/uploads\/2021\/11\/TODOS.02.jpg\" alt=\"\" width=\"800\" height=\"533\" srcset=\"https:\/\/vocesparalelas.com.ar\/sitio\/wp-content\/uploads\/2021\/11\/TODOS.02.jpg 800w, https:\/\/vocesparalelas.com.ar\/sitio\/wp-content\/uploads\/2021\/11\/TODOS.02-300x200.jpg 300w, https:\/\/vocesparalelas.com.ar\/sitio\/wp-content\/uploads\/2021\/11\/TODOS.02-768x512.jpg 768w\" sizes=\"auto, (max-width: 800px) 100vw, 800px\" \/><figcaption id=\"caption-attachment-43901\" class=\"wp-caption-text\">Gobernador, Dr. Sergio U\u00f1ac<\/figcaption><\/figure>\n<p>&nbsp;<\/p>\n<p><iframe loading=\"lazy\" title=\"FRENTE TODOS SAN JUAN DR. SERGIO U\u00d1AC\" width=\"800\" height=\"450\" src=\"https:\/\/www.youtube.com\/embed\/A6QtAlD4_YA?feature=oembed\" frameborder=\"0\" allow=\"accelerometer; autoplay; clipboard-write; encrypted-media; gyroscope; picture-in-picture\" allowfullscreen><\/iframe><\/p>\n<figure id=\"attachment_43899\" aria-describedby=\"caption-attachment-43899\" style=\"width: 800px\" class=\"wp-caption alignnone\"><img loading=\"lazy\" decoding=\"async\" class=\"wp-image-43899 size-full\" src=\"https:\/\/vocesparalelas.com.ar\/sitio\/wp-content\/uploads\/2021\/11\/TODOS-01.jpg\" alt=\"\" width=\"800\" height=\"533\" srcset=\"https:\/\/vocesparalelas.com.ar\/sitio\/wp-content\/uploads\/2021\/11\/TODOS-01.jpg 800w, https:\/\/vocesparalelas.com.ar\/sitio\/wp-content\/uploads\/2021\/11\/TODOS-01-300x200.jpg 300w, https:\/\/vocesparalelas.com.ar\/sitio\/wp-content\/uploads\/2021\/11\/TODOS-01-768x512.jpg 768w\" sizes=\"auto, (max-width: 800px) 100vw, 800px\" \/><figcaption id=\"caption-attachment-43899\" class=\"wp-caption-text\">Candidatos a diputados nacionales por San Juan del Frente de Todos Walberto Allende, Fabiola Aubone, Luis Rueda.<\/figcaption><\/figure>\n<p>&nbsp;<\/p>\n","protected":false},"excerpt":{"rendered":"<p>En un sal\u00f3n de eventos de Santa Luc\u00eda, los candidatos de Frente de Todos San Juan realizaron un encuentro con<\/p>\n","protected":false},"author":3,"featured_media":43900,"comment_status":"closed","ping_status":"closed","sticky":false,"template":"","format":"video","meta":{"_acf_changed":false,"_seopress_robots_primary_cat":"none","_seopress_titles_title":"","_seopress_titles_desc":"","_seopress_robots_index":"","colormag_page_container_layout":"default_layout","colormag_page_sidebar_layout":"default_layout","footnotes":""},"categories":[1,7],"tags":[],"class_list":["post-43912","post","type-post","status-publish","format-video","has-post-thumbnail","hentry","category-destacadas","category-videos","post_format-post-format-video"],"acf":[],"_links":{"self":[{"href":"https:\/\/vocesparalelas.com.ar\/sitio\/wp-json\/wp\/v2\/posts\/43912","targetHints":{"allow":["GET"]}}],"collection":[{"href":"https:\/\/vocesparalelas.com.ar\/sitio\/wp-json\/wp\/v2\/posts"}],"about":[{"href":"https:\/\/vocesparalelas.com.ar\/sitio\/wp-json\/wp\/v2\/types\/post"}],"author":[{"embeddable":true,"href":"https:\/\/vocesparalelas.com.ar\/sitio\/wp-json\/wp\/v2\/users\/3"}],"replies":[{"embeddable":true,"href":"https:\/\/vocesparalelas.com.ar\/sitio\/wp-json\/wp\/v2\/comments?post=43912"}],"version-history":[{"count":1,"href":"https:\/\/vocesparalelas.com.ar\/sitio\/wp-json\/wp\/v2\/posts\/43912\/revisions"}],"predecessor-version":[{"id":43914,"href":"https:\/\/vocesparalelas.com.ar\/sitio\/wp-json\/wp\/v2\/posts\/43912\/revisions\/43914"}],"wp:featuredmedia":[{"embeddable":true,"href":"https:\/\/vocesparalelas.com.ar\/sitio\/wp-json\/wp\/v2\/media\/43900"}],"wp:attachment":[{"href":"https:\/\/vocesparalelas.com.ar\/sitio\/wp-json\/wp\/v2\/media?parent=43912"}],"wp:term":[{"taxonomy":"category","embeddable":true,"href":"https:\/\/vocesparalelas.com.ar\/sitio\/wp-json\/wp\/v2\/categories?post=43912"},{"taxonomy":"post_tag","embeddable":true,"href":"https:\/\/vocesparalelas.com.ar\/sitio\/wp-json\/wp\/v2\/tags?post=43912"}],"curies":[{"name":"wp","href":"https:\/\/api.w.org\/{rel}","templated":true}]}}