{"id":43897,"date":"2021-11-11T23:12:08","date_gmt":"2021-11-12T02:12:08","guid":{"rendered":"https:\/\/vocesparalelas.com.ar\/sitio\/?p=43897"},"modified":"2021-11-13T11:06:40","modified_gmt":"2021-11-13T14:06:40","slug":"la-faud-de-la-unsj-festejo-los-38-anos-de-formacion-de-profesionales-universitarios","status":"publish","type":"post","link":"https:\/\/vocesparalelas.com.ar\/sitio\/la-faud-de-la-unsj-festejo-los-38-anos-de-formacion-de-profesionales-universitarios\/","title":{"rendered":"La FAUD de la UNSJ festej\u00f3 los 38 a\u00f1os de formaci\u00f3n de profesionales universitarios"},"content":{"rendered":"<p>La Facultad de Arquitectura, Urbanismo y Dise\u00f1o de la Universidad Nacional de San Juan festej\u00f3 los 38 a\u00f1os de la formaci\u00f3n de profesionales, en el aula Magna de dicha Unidad Acad\u00e9mica.<\/p>\n<p>El Acto comenz\u00f3 con la ejecuci\u00f3n musical de Luciano Guti\u00e9rrez, con su saxo que le dio un encuentro presencial de los presentes dando la bienvenida a cada uno con lo que significa el sonido.<\/p>\n<figure id=\"attachment_43786\" aria-describedby=\"caption-attachment-43786\" style=\"width: 800px\" class=\"wp-caption alignnone\"><img loading=\"lazy\" decoding=\"async\" class=\"wp-image-43786 size-full\" src=\"https:\/\/vocesparalelas.com.ar\/sitio\/wp-content\/uploads\/2021\/11\/FAUD-ANIVERSARIO-01.jpg\" alt=\"\" width=\"800\" height=\"533\" srcset=\"https:\/\/vocesparalelas.com.ar\/sitio\/wp-content\/uploads\/2021\/11\/FAUD-ANIVERSARIO-01.jpg 800w, https:\/\/vocesparalelas.com.ar\/sitio\/wp-content\/uploads\/2021\/11\/FAUD-ANIVERSARIO-01-300x200.jpg 300w, https:\/\/vocesparalelas.com.ar\/sitio\/wp-content\/uploads\/2021\/11\/FAUD-ANIVERSARIO-01-768x512.jpg 768w\" sizes=\"auto, (max-width: 800px) 100vw, 800px\" \/><figcaption id=\"caption-attachment-43786\" class=\"wp-caption-text\">Luciano Guti\u00e9rrez con su saxo<\/figcaption><\/figure>\n<p>&nbsp;<\/p>\n<p><iframe loading=\"lazy\" title=\"FAUD UNSJ\" width=\"800\" height=\"450\" src=\"https:\/\/www.youtube.com\/embed\/z0qFXoZDMEY?start=7&#038;feature=oembed\" frameborder=\"0\" allow=\"accelerometer; autoplay; clipboard-write; encrypted-media; gyroscope; picture-in-picture\" allowfullscreen><\/iframe><\/p>\n<p>Posteriormente, desarroll\u00f3 otra interpretaci\u00f3n que deleit\u00f3 al p\u00fablico<\/p>\n<p><iframe loading=\"lazy\" title=\"FAUD UNSJ\" width=\"800\" height=\"450\" src=\"https:\/\/www.youtube.com\/embed\/x1NxuAbEHVU?feature=oembed\" frameborder=\"0\" allow=\"accelerometer; autoplay; clipboard-write; encrypted-media; gyroscope; picture-in-picture\" allowfullscreen><\/iframe><\/p>\n<p>A continuaci\u00f3n, se conform\u00f3 la mesa acad\u00e9mica con el Decano de la FAUD de la UNSJ, Arq. Guillermo Velasco, el Rector de la UNSJ, Ing. Tadeo Berenguer y la Vicedecana de la FAUD, DIG Natalia Sevilla Posleman.<\/p>\n<figure id=\"attachment_43788\" aria-describedby=\"caption-attachment-43788\" style=\"width: 800px\" class=\"wp-caption alignnone\"><img loading=\"lazy\" decoding=\"async\" class=\"wp-image-43788 size-full\" src=\"https:\/\/vocesparalelas.com.ar\/sitio\/wp-content\/uploads\/2021\/11\/FAUD-ANIVERSARIO-04.jpg\" alt=\"\" width=\"800\" height=\"533\" srcset=\"https:\/\/vocesparalelas.com.ar\/sitio\/wp-content\/uploads\/2021\/11\/FAUD-ANIVERSARIO-04.jpg 800w, https:\/\/vocesparalelas.com.ar\/sitio\/wp-content\/uploads\/2021\/11\/FAUD-ANIVERSARIO-04-300x200.jpg 300w, https:\/\/vocesparalelas.com.ar\/sitio\/wp-content\/uploads\/2021\/11\/FAUD-ANIVERSARIO-04-768x512.jpg 768w\" sizes=\"auto, (max-width: 800px) 100vw, 800px\" \/><figcaption id=\"caption-attachment-43788\" class=\"wp-caption-text\">Decano de la FAUD de la UNSJ, Arq. Guillermo Velasco, el Rector de la UNSJ, Ing. Tadeo Berenguer y la Vicedecana de la FAUD, DIG Natalia Sevilla Posleman<\/figcaption><\/figure>\n<p>En esa instancia, el Decano de la FAUD de la UNSJ, Arq. Guillermo Velasco dio la bienvenida a los presentes y agradeci\u00f3 al personal que pas\u00f3 a la jubilaci\u00f3n y otros que cumplieron los 25 a\u00f1os laborales.<\/p>\n<p><iframe loading=\"lazy\" title=\"FAUD UNSJ\" width=\"800\" height=\"450\" src=\"https:\/\/www.youtube.com\/embed\/v7F7tJ65l8o?feature=oembed\" frameborder=\"0\" allow=\"accelerometer; autoplay; clipboard-write; encrypted-media; gyroscope; picture-in-picture\" allowfullscreen><\/iframe><\/p>\n<p>&nbsp;<\/p>\n<p>Seguidamente, el Rector de la UNSJ, Ing. Tadeo Berenguer, deseo un feliz cumplea\u00f1os a la FAUD y al personal por apostar a la educaci\u00f3n universitaria.<\/p>\n<p><iframe loading=\"lazy\" title=\"FAUD UNSJ\" width=\"800\" height=\"450\" src=\"https:\/\/www.youtube.com\/embed\/H4G276pq0Ns?feature=oembed\" frameborder=\"0\" allow=\"accelerometer; autoplay; clipboard-write; encrypted-media; gyroscope; picture-in-picture\" allowfullscreen><\/iframe><\/p>\n<p>Fue el momento m\u00e1s emotivo cuando se distingui\u00f3 a Docentes y Nodocentes con 25 a\u00f1os de labor y Jubilados de la instituci\u00f3n con una r\u00e9plicas de objetos de la Colecci\u00f3n Carrieri.<\/p>\n<ul>\n<li>Prof. M\u00f3nica Elizabeth Agostini<\/li>\n<li>Lic. Estella Aravena<\/li>\n<li>Arq. Mar\u00eda Rosa Plana<\/li>\n<li>Arq. Mar\u00eda Cristina Rollan<\/li>\n<li>Ing. Gladis Juana Santiago<\/li>\n<\/ul>\n<p><strong><span style=\"color: #00ff00;\">25 a\u00f1os de labor\u00a0<\/span><\/strong><\/p>\n<ul>\n<li>Arq. Roberto Conde Vallecillo<\/li>\n<li>DI Gustavo Adri\u00e1n Herreia<\/li>\n<li>Arq. Alfredo Eduardo Lillo<\/li>\n<li>Arq. Miguel Angel Nievas<\/li>\n<li>Arq. Mar\u00eda Eugenia Almedo<\/li>\n<li>Arq. Pablo Pappano<\/li>\n<li>Arq. Silvia Vives<\/li>\n<li>Arq. Marcelo Vizcaino<\/li>\n<\/ul>\n<p><img loading=\"lazy\" decoding=\"async\" class=\"alignnone wp-image-43785 size-full\" src=\"https:\/\/vocesparalelas.com.ar\/sitio\/wp-content\/uploads\/2021\/11\/FAUD-AANIVERSARIO-02.jpg\" alt=\"\" width=\"800\" height=\"533\" srcset=\"https:\/\/vocesparalelas.com.ar\/sitio\/wp-content\/uploads\/2021\/11\/FAUD-AANIVERSARIO-02.jpg 800w, https:\/\/vocesparalelas.com.ar\/sitio\/wp-content\/uploads\/2021\/11\/FAUD-AANIVERSARIO-02-300x200.jpg 300w, https:\/\/vocesparalelas.com.ar\/sitio\/wp-content\/uploads\/2021\/11\/FAUD-AANIVERSARIO-02-768x512.jpg 768w\" sizes=\"auto, (max-width: 800px) 100vw, 800px\" \/><\/p>\n<p><span style=\"color: #00ff00;\"><strong>Un repaso por la Historia<\/strong><\/span><\/p>\n<p>El terremoto de 1944 descubri\u00f3 las falencias constructivas y urban\u00edsticas de la vieja ciudad, marcando el inicio de una nueva \u00e9poca.\u00a0La necesidad de formaci\u00f3n de especialistas locales, da origen a la\u00a0<strong>Escuela de Arquitectura<\/strong>\u00a0en San Juan.<\/p>\n<p>Fue el entonces Senador Pablo Ramella quien, el 16 de enero del a\u00f1o 1947, present\u00f3 ante la C\u00e1mara de Senadores, el primer proyecto de creaci\u00f3n.<\/p>\n<p>El 24 de julio de 1952, la Escuela se convirti\u00f3 en\u00a0Departamento de Arquitectura y Urbanismo\u00a0de la Facultad de Ingenier\u00eda, Ciencias Exactas, F\u00edsicas y Naturales, siendo en octubre de 1981 cuando se presenta la moci\u00f3n de pedido formal al Rector de la Universidad Nacional de San Juan, argumentando que la creaci\u00f3n de la Facultad de Arquitectura resultaba una sentida necesidad.<\/p>\n<p>El 3 de noviembre de 1983, el Poder Ejecutivo Nacional decide aprobar la divisi\u00f3n de la Facultad de Ingenier\u00eda y Arquitectura en dos unidades acad\u00e9micas: Facultad de Ingenier\u00eda y Facultad de Arquitectura, en el \u00e1mbito de la UNSJ.<\/p>\n<p>El 9 de noviembre posterior se ordena crear en el \u00e1mbito de la Universidad Nacional de San Juan, la Facultad de Arquitectura.<\/p>\n<p>Finalmente, en 1995 y con la creaci\u00f3n de la Carrera de Dise\u00f1o Industrial, la Facultad adopt\u00f3 el nombre de\u00a0Facultad de Arquitectura, Urbanismo y Dise\u00f1o.<\/p>\n<p>&nbsp;<\/p>\n<p><img loading=\"lazy\" decoding=\"async\" class=\"alignnone wp-image-43789 size-full\" src=\"https:\/\/vocesparalelas.com.ar\/sitio\/wp-content\/uploads\/2021\/11\/FAUD-LOGO-NUEVO.jpg\" alt=\"\" width=\"800\" height=\"533\" srcset=\"https:\/\/vocesparalelas.com.ar\/sitio\/wp-content\/uploads\/2021\/11\/FAUD-LOGO-NUEVO.jpg 800w, https:\/\/vocesparalelas.com.ar\/sitio\/wp-content\/uploads\/2021\/11\/FAUD-LOGO-NUEVO-300x200.jpg 300w, https:\/\/vocesparalelas.com.ar\/sitio\/wp-content\/uploads\/2021\/11\/FAUD-LOGO-NUEVO-768x512.jpg 768w\" sizes=\"auto, (max-width: 800px) 100vw, 800px\" \/><\/p>\n","protected":false},"excerpt":{"rendered":"<p>La Facultad de Arquitectura, Urbanismo y Dise\u00f1o de la Universidad Nacional de San Juan festej\u00f3 los 38 a\u00f1os de la<\/p>\n","protected":false},"author":3,"featured_media":43787,"comment_status":"closed","ping_status":"closed","sticky":false,"template":"","format":"video","meta":{"_acf_changed":false,"_seopress_robots_primary_cat":"none","_seopress_titles_title":"","_seopress_titles_desc":"","_seopress_robots_index":"","colormag_page_container_layout":"default_layout","colormag_page_sidebar_layout":"default_layout","footnotes":""},"categories":[10,7],"tags":[],"class_list":["post-43897","post","type-post","status-publish","format-video","has-post-thumbnail","hentry","category-opiniones","category-videos","post_format-post-format-video"],"acf":[],"_links":{"self":[{"href":"https:\/\/vocesparalelas.com.ar\/sitio\/wp-json\/wp\/v2\/posts\/43897","targetHints":{"allow":["GET"]}}],"collection":[{"href":"https:\/\/vocesparalelas.com.ar\/sitio\/wp-json\/wp\/v2\/posts"}],"about":[{"href":"https:\/\/vocesparalelas.com.ar\/sitio\/wp-json\/wp\/v2\/types\/post"}],"author":[{"embeddable":true,"href":"https:\/\/vocesparalelas.com.ar\/sitio\/wp-json\/wp\/v2\/users\/3"}],"replies":[{"embeddable":true,"href":"https:\/\/vocesparalelas.com.ar\/sitio\/wp-json\/wp\/v2\/comments?post=43897"}],"version-history":[{"count":3,"href":"https:\/\/vocesparalelas.com.ar\/sitio\/wp-json\/wp\/v2\/posts\/43897\/revisions"}],"predecessor-version":[{"id":43917,"href":"https:\/\/vocesparalelas.com.ar\/sitio\/wp-json\/wp\/v2\/posts\/43897\/revisions\/43917"}],"wp:featuredmedia":[{"embeddable":true,"href":"https:\/\/vocesparalelas.com.ar\/sitio\/wp-json\/wp\/v2\/media\/43787"}],"wp:attachment":[{"href":"https:\/\/vocesparalelas.com.ar\/sitio\/wp-json\/wp\/v2\/media?parent=43897"}],"wp:term":[{"taxonomy":"category","embeddable":true,"href":"https:\/\/vocesparalelas.com.ar\/sitio\/wp-json\/wp\/v2\/categories?post=43897"},{"taxonomy":"post_tag","embeddable":true,"href":"https:\/\/vocesparalelas.com.ar\/sitio\/wp-json\/wp\/v2\/tags?post=43897"}],"curies":[{"name":"wp","href":"https:\/\/api.w.org\/{rel}","templated":true}]}}