{"id":43891,"date":"2021-11-11T21:38:41","date_gmt":"2021-11-12T00:38:41","guid":{"rendered":"https:\/\/vocesparalelas.com.ar\/sitio\/?p=43891"},"modified":"2021-11-11T21:41:05","modified_gmt":"2021-11-12T00:41:05","slug":"por-una-necesaria-normalizacion","status":"publish","type":"post","link":"https:\/\/vocesparalelas.com.ar\/sitio\/por-una-necesaria-normalizacion\/","title":{"rendered":"Por una necesaria normalizaci\u00f3n"},"content":{"rendered":"<p>Hoy, con la realidad de la vacunaci\u00f3n masiva, testeos y otras medidas de prevenci\u00f3n, estamos en una etapa de normalizaci\u00f3n de la econom\u00eda, que necesita mantener recaudos sanitarios y reflejar cambios respetando los derechos de las personas. En nuestro caso, de la actividad financiera, los del p\u00fablico y de los trabajadores que la sostienen.<\/p>\n<p><span style=\"color: #3366ff;\"><strong>De la atenci\u00f3n al p\u00fablico<\/strong><\/span><\/p>\n<p>La acertada medida de atender con turnos fue necesaria para reducir la posibilidad de contagio por el Covid-19.<br \/>\nLamentablemente, de diversa manera, esa medida fue complicada por la decisi\u00f3n de cerrar al p\u00fablico sucursales,<br \/>\nreducir los espacios para atender a los usuarios e incentivar en exceso el desaliento a la atenci\u00f3n personalizada por caja que, por seguridad o necesidades puntuales, los usuarios reclaman. Representativo de una tendencia generalizada, es el ejemplo de los Bancos Santander y Supervielle, donde s\u00f3lo el primero de ellos avanza con un cierre de la atenci\u00f3n al p\u00fablico que involucra entre 90 y 100 sucursales.<br \/>\nLa limitaci\u00f3n actual en la atenci\u00f3n afecta a todos, desde los jubilados a las empresas, tal como lo manifiestan entidades representativas de distintas actividades.<br \/>\nPor ello \u2013tras gestiones realizadas en todos los \u00e1mbitos\u2013, al reclamo de que se revierta el cierre de sucursales la<br \/>\nAsociaci\u00f3n Bancaria ha sumado una presentaci\u00f3n al Presidente del Banco Central, para que se d\u00e9 por finalizado, con las medidas de prevenci\u00f3n apropiadas, el requisito de previa adjudicaci\u00f3n de turnos para la atenci\u00f3n de los usuarios.<\/p>\n<p><strong><span style=\"color: #3366ff;\">De las condiciones laborales<\/span><\/strong><\/p>\n<p>El pronunciamiento del Banco Central es imprescindible, pues los bancos demoran decisiones coherentes con la<br \/>\nrecuperaci\u00f3n de la actividad econ\u00f3mica.<\/p>\n<p>Lo hacen, pues liberados por los turnos y el teletrabajo ajustan costos. Y no s\u00f3lo cierran sucursales, sino tambi\u00e9n<br \/>\nimponen retiros. As\u00ed reducen la estructura f\u00edsica del sistema financiero, trasladando costos a las bancarias y<br \/>\nbancarios. Es el caso del teletrabajo, donde no est\u00e1n cumpliendo con la obligaci\u00f3n que establece el art. 76 de la<br \/>\nLey de Contrato de Trabajo de compensar gastos de energ\u00eda, conectividad e infraestructura que ocasiona la<br \/>\nrealizaci\u00f3n de labores en el hogar.<\/p>\n<p>Los bancos tambi\u00e9n demoran la adecuaci\u00f3n paritaria de la Ley de Teletrabajo y aceleran, sin importar la seguridad<br \/>\ny la calidad de la atenci\u00f3n, tercerizaciones en todas sus \u00e1reas, para pagar menores salarios e incumplir con la<br \/>\nnormativa propia de la actividad.<\/p>\n<p>Esto afecta el desempe\u00f1o de un sistema financiero que siempre fue insuficiente para garantizar servicios acordes a<br \/>\nla econom\u00eda y distribuci\u00f3n geogr\u00e1fica de la poblaci\u00f3n de nuestro pa\u00eds. Lo seguir\u00e1 siendo, si no cambia su l\u00f3gica<br \/>\nalejada del rol promotor de la actividad productiva, aun a pesar de una innovaci\u00f3n tecnol\u00f3gica a la que no todos<br \/>\npueden acceder de la misma manera.<\/p>\n<p>Poco les importa la calidad del servicio que deben prestar, los derechos de usuarios y trabajadores, la necesidad de<br \/>\nnormalizar la actividad. Est\u00e1n en una arremetida, donde \u2013 como siempre y sobre todo en el sector privado\u2013 s\u00f3lo<br \/>\nimporta ajustar para mejorar la rentabilidad.<\/p>\n<p>Bancarias y bancarios hemos demostrado durante la pandemia nuestra voluntad, capacidad y disponibilidad<br \/>\npara garantizar el funcionamiento del sistema. Es hora que las entidades financieras asuman su responsabilidad<br \/>\nsocial, comiencen a normalizar la atenci\u00f3n al p\u00fablico, preserven el empleo bancario y respeten todas las<br \/>\ncondiciones laborales.<\/p>\n<p style=\"text-align: right;\">Buenos Aires, 1\u00b0 de noviembre de 2021<\/p>\n<p>&nbsp;<\/p>\n<p style=\"text-align: center;\">SECRETARIADO GENERAL NACIONAL DE LA ASOCIACI\u00d3N BANCARIA<\/p>\n<p style=\"text-align: center;\">Sergio Palazzo<\/p>\n<p style=\"text-align: center;\">Secretario General<\/p>\n<p style=\"text-align: center;\">Andr\u00e9s Castillo, Anal\u00eda Lungo, Carlos Cisneros, Patricia Rinaldi, Pablo Regnier, Victoria Capoccetti, Carlos Irrera, Walter Rey, Mariel Iglesias, Gustavo D\u00edaz, Enrique Ram\u00edrez, Cristian Stratico, Francisco Muratore, Jos\u00e9 Giorgetti, Juan Pallo, Mat\u00edas Lay\u00fas, Gabriel Dipierri, Carlos Ferrari, Rosa Sorsaburu, Claudia Ormachea, Cristina Maino, Eduardo Berrozpe<\/p>\n<p>&nbsp;<\/p>\n<p><a href=\"https:\/\/vocesparalelas.com.ar\/sitio\/wp-content\/uploads\/2021\/11\/BANCARIA-por-una-necesario-normalizacion.pdf\">BANCARIA-por una necesario normalizaci\u00f3n<\/a><\/p>\n","protected":false},"excerpt":{"rendered":"<p>Hoy, con la realidad de la vacunaci\u00f3n masiva, testeos y otras medidas de prevenci\u00f3n, estamos en una etapa de normalizaci\u00f3n<\/p>\n","protected":false},"author":3,"featured_media":38062,"comment_status":"closed","ping_status":"closed","sticky":false,"template":"","format":"standard","meta":{"_acf_changed":false,"_seopress_robots_primary_cat":"none","_seopress_titles_title":"","_seopress_titles_desc":"","_seopress_robots_index":"","colormag_page_container_layout":"default_layout","colormag_page_sidebar_layout":"default_layout","footnotes":""},"categories":[1],"tags":[],"class_list":["post-43891","post","type-post","status-publish","format-standard","has-post-thumbnail","hentry","category-destacadas"],"acf":[],"_links":{"self":[{"href":"https:\/\/vocesparalelas.com.ar\/sitio\/wp-json\/wp\/v2\/posts\/43891","targetHints":{"allow":["GET"]}}],"collection":[{"href":"https:\/\/vocesparalelas.com.ar\/sitio\/wp-json\/wp\/v2\/posts"}],"about":[{"href":"https:\/\/vocesparalelas.com.ar\/sitio\/wp-json\/wp\/v2\/types\/post"}],"author":[{"embeddable":true,"href":"https:\/\/vocesparalelas.com.ar\/sitio\/wp-json\/wp\/v2\/users\/3"}],"replies":[{"embeddable":true,"href":"https:\/\/vocesparalelas.com.ar\/sitio\/wp-json\/wp\/v2\/comments?post=43891"}],"version-history":[{"count":3,"href":"https:\/\/vocesparalelas.com.ar\/sitio\/wp-json\/wp\/v2\/posts\/43891\/revisions"}],"predecessor-version":[{"id":43896,"href":"https:\/\/vocesparalelas.com.ar\/sitio\/wp-json\/wp\/v2\/posts\/43891\/revisions\/43896"}],"wp:featuredmedia":[{"embeddable":true,"href":"https:\/\/vocesparalelas.com.ar\/sitio\/wp-json\/wp\/v2\/media\/38062"}],"wp:attachment":[{"href":"https:\/\/vocesparalelas.com.ar\/sitio\/wp-json\/wp\/v2\/media?parent=43891"}],"wp:term":[{"taxonomy":"category","embeddable":true,"href":"https:\/\/vocesparalelas.com.ar\/sitio\/wp-json\/wp\/v2\/categories?post=43891"},{"taxonomy":"post_tag","embeddable":true,"href":"https:\/\/vocesparalelas.com.ar\/sitio\/wp-json\/wp\/v2\/tags?post=43891"}],"curies":[{"name":"wp","href":"https:\/\/api.w.org\/{rel}","templated":true}]}}