{"id":43884,"date":"2021-11-11T21:29:32","date_gmt":"2021-11-12T00:29:32","guid":{"rendered":"https:\/\/vocesparalelas.com.ar\/sitio\/?p=43884"},"modified":"2021-11-13T11:13:34","modified_gmt":"2021-11-13T14:13:34","slug":"primer-conversatorio-de-musica-y-cultura-popular-de-san-juan","status":"publish","type":"post","link":"https:\/\/vocesparalelas.com.ar\/sitio\/primer-conversatorio-de-musica-y-cultura-popular-de-san-juan\/","title":{"rendered":"Primer conversatorio de M\u00fasica y Cultura Popular de San Juan"},"content":{"rendered":"<div class=\"box-sociales\">\u201c\u00bfEst\u00e1n dispuestos a aceptar una invitaci\u00f3n? Les sugiero un d\u00eda, hora y lugar para que nos reunamos: el d\u00eda 12 de noviembre, a las 18, en el Aula Magna de la Facultad de Filosof\u00eda, Humanidades y Artes\u201d, convida desde el video que promociona la actividad, el aparcero mayor sanjuanino, Jorge Dar\u00edo Bence, gran referente de la cultura popular cuyana.\u00a0Hoy, D\u00eda de la Tradici\u00f3n (10\u00a0de noviembre), es justa oportunidad para sumarse a la invitaci\u00f3n del aparcero al Conversatorio de M\u00fasica y Cultura Popular de San Juan, que organiza la Catedra Producci\u00f3n y An\u00e1lisis I: Introducci\u00f3n a la M\u00fasica Popular, de la carrera Profesorado de M\u00fasica con Orientaci\u00f3n en M\u00fasica Popular, que se dicta en J\u00e1chal y que eligen para cursar j\u00f3venes de diferentes departamentos sanjuaninos.<\/div>\n<div class=\"box-text\">\n<p>La actividad en Filosof\u00eda ser\u00e1 presencial y virtual. \u201cViajan 16 alumnos de J\u00e1chal en la combi de la Facultad para asistir presencialmente y encontrarnos. Tambi\u00e9n varios alumnos de los dem\u00e1s departamentos asistir\u00e1n de forma presencial. Y otros participar\u00e1n de manera virtual\u201d, cuenta Carina Silva, coordinadora acad\u00e9mica de la carrera.<\/p>\n<p>El del viernes 12 es el primero de los conversatorios y lo tendr\u00e1 de protagonista a Jorge Dar\u00edo Bence; pero\u00a0habr\u00e1 un segundo el viernes 19 siguiente, con el m\u00fasico cuyano Gustavo Troncozo, en el mismo lugar.<\/p>\n<p>La propuesta tiene como objetivos promover y transmitir conocimientos y difundir la producci\u00f3n cultural y musical de artistas sanjuaninos; \u201cya que la pandemia producida por el Covid 19 ha impactado con gran fuerza en las actividades que se desarrollan en nuestra provincia e imposibilitaron el desarrollo folcl\u00f3rico musical y tradicional\u201d, dicen desde la C\u00e1tedra. De esta manera,\u00a0el Conversatorio se desarrollar\u00e1 como charla- taller- presencial, teniendo como actores principales a esos referentes de la cultura popular cuyana\u00a0para que compartan su experiencia de vida y su producci\u00f3n, buscando una retroalimentaci\u00f3n con la comunidad universitaria.<\/p>\n<p>Ser\u00e1 un momento grat\u00edsimo, para m\u00ed en especial, y espero que a ustedes les guste la oportunidad de expresarse con respecto a lo que traen arrastrado desde su nacimiento y la vida de sus ancestros y todo ese clima que lo relacion\u00f3 con su paisaje, con su provincia, con su regi\u00f3n, con su monta\u00f1a y con todo aquello que marca nuestra manera de ser. \u00bfNos vemos?\u201d, invita el recitador Jorge Dar\u00edo Bence, quien tiene el t\u00edtulo de Pr\u00f3cer de la Cultura.<\/p>\n<p><strong><span style=\"color: #339966;\">Inscripciones abiertas<\/span><\/strong><\/p>\n<p><a href=\"https:\/\/docs.google.com\/forms\/d\/e\/1FAIpQLSeeXmPmutd6bFNVr8hLysp2Kaxh_vjs7tsP6SHxJKgxtf6u4w\/viewform\" target=\"_blank\" rel=\"noopener\">https:\/\/forms.gle\/XLzs9ucBWBMmRsbB8<\/a><\/p>\n<\/div>\n<p><img loading=\"lazy\" decoding=\"async\" class=\"alignnone wp-image-43887 size-large\" src=\"https:\/\/vocesparalelas.com.ar\/sitio\/wp-content\/uploads\/2021\/11\/FFHA-MUSICA-POPULAR-01-800x790.jpg\" alt=\"\" width=\"800\" height=\"790\" srcset=\"https:\/\/vocesparalelas.com.ar\/sitio\/wp-content\/uploads\/2021\/11\/FFHA-MUSICA-POPULAR-01-800x790.jpg 800w, https:\/\/vocesparalelas.com.ar\/sitio\/wp-content\/uploads\/2021\/11\/FFHA-MUSICA-POPULAR-01-300x296.jpg 300w, https:\/\/vocesparalelas.com.ar\/sitio\/wp-content\/uploads\/2021\/11\/FFHA-MUSICA-POPULAR-01-768x759.jpg 768w, https:\/\/vocesparalelas.com.ar\/sitio\/wp-content\/uploads\/2021\/11\/FFHA-MUSICA-POPULAR-01.jpg 906w\" sizes=\"auto, (max-width: 800px) 100vw, 800px\" \/><\/p>\n<p>&nbsp;<\/p>\n<p><img loading=\"lazy\" decoding=\"async\" class=\"alignnone wp-image-43889 size-large\" src=\"https:\/\/vocesparalelas.com.ar\/sitio\/wp-content\/uploads\/2021\/11\/FFHA-FRENTE-1-800x600.jpg\" alt=\"\" width=\"800\" height=\"600\" srcset=\"https:\/\/vocesparalelas.com.ar\/sitio\/wp-content\/uploads\/2021\/11\/FFHA-FRENTE-1-800x600.jpg 800w, https:\/\/vocesparalelas.com.ar\/sitio\/wp-content\/uploads\/2021\/11\/FFHA-FRENTE-1-300x225.jpg 300w, https:\/\/vocesparalelas.com.ar\/sitio\/wp-content\/uploads\/2021\/11\/FFHA-FRENTE-1-768x576.jpg 768w, https:\/\/vocesparalelas.com.ar\/sitio\/wp-content\/uploads\/2021\/11\/FFHA-FRENTE-1.jpg 1024w\" sizes=\"auto, (max-width: 800px) 100vw, 800px\" \/><\/p>\n","protected":false},"excerpt":{"rendered":"<p>\u201c\u00bfEst\u00e1n dispuestos a aceptar una invitaci\u00f3n? Les sugiero un d\u00eda, hora y lugar para que nos reunamos: el d\u00eda 12<\/p>\n","protected":false},"author":3,"featured_media":43888,"comment_status":"closed","ping_status":"closed","sticky":false,"template":"","format":"standard","meta":{"_acf_changed":false,"_seopress_robots_primary_cat":"none","_seopress_titles_title":"","_seopress_titles_desc":"","_seopress_robots_index":"","colormag_page_container_layout":"default_layout","colormag_page_sidebar_layout":"default_layout","footnotes":""},"categories":[9],"tags":[],"class_list":["post-43884","post","type-post","status-publish","format-standard","has-post-thumbnail","hentry","category-cursos"],"acf":[],"_links":{"self":[{"href":"https:\/\/vocesparalelas.com.ar\/sitio\/wp-json\/wp\/v2\/posts\/43884","targetHints":{"allow":["GET"]}}],"collection":[{"href":"https:\/\/vocesparalelas.com.ar\/sitio\/wp-json\/wp\/v2\/posts"}],"about":[{"href":"https:\/\/vocesparalelas.com.ar\/sitio\/wp-json\/wp\/v2\/types\/post"}],"author":[{"embeddable":true,"href":"https:\/\/vocesparalelas.com.ar\/sitio\/wp-json\/wp\/v2\/users\/3"}],"replies":[{"embeddable":true,"href":"https:\/\/vocesparalelas.com.ar\/sitio\/wp-json\/wp\/v2\/comments?post=43884"}],"version-history":[{"count":1,"href":"https:\/\/vocesparalelas.com.ar\/sitio\/wp-json\/wp\/v2\/posts\/43884\/revisions"}],"predecessor-version":[{"id":43890,"href":"https:\/\/vocesparalelas.com.ar\/sitio\/wp-json\/wp\/v2\/posts\/43884\/revisions\/43890"}],"wp:featuredmedia":[{"embeddable":true,"href":"https:\/\/vocesparalelas.com.ar\/sitio\/wp-json\/wp\/v2\/media\/43888"}],"wp:attachment":[{"href":"https:\/\/vocesparalelas.com.ar\/sitio\/wp-json\/wp\/v2\/media?parent=43884"}],"wp:term":[{"taxonomy":"category","embeddable":true,"href":"https:\/\/vocesparalelas.com.ar\/sitio\/wp-json\/wp\/v2\/categories?post=43884"},{"taxonomy":"post_tag","embeddable":true,"href":"https:\/\/vocesparalelas.com.ar\/sitio\/wp-json\/wp\/v2\/tags?post=43884"}],"curies":[{"name":"wp","href":"https:\/\/api.w.org\/{rel}","templated":true}]}}