{"id":43878,"date":"2021-11-11T17:49:46","date_gmt":"2021-11-11T20:49:46","guid":{"rendered":"https:\/\/vocesparalelas.com.ar\/sitio\/?p=43878"},"modified":"2021-11-13T11:15:05","modified_gmt":"2021-11-13T14:15:05","slug":"consejo-consultivo-del-premio-provincial-a-la-calidad-2021-de-san-juan","status":"publish","type":"post","link":"https:\/\/vocesparalelas.com.ar\/sitio\/consejo-consultivo-del-premio-provincial-a-la-calidad-2021-de-san-juan\/","title":{"rendered":"Consejo Consultivo del Premio Provincial a la Calidad 2021 de San Juan"},"content":{"rendered":"<p>La d\u00e9cimo tercera edici\u00f3n del Premio Provincial a la Calidad San Juan se encamina hacia su etapa final. M\u00e1s de 30 profesionales con experiencia en gesti\u00f3n de calidad finalizaron su tarea de evaluaci\u00f3n de los Informes de Autodiagn\u00f3stico presentados por las organizaciones p\u00fablicas y privadas que este a\u00f1o aspiran a ganar el m\u00e1ximo galard\u00f3n.<\/p>\n<p>Ahora, inicia la etapa final para conocer a los ganadores y de determinar el orden de m\u00e9rito para la premiaci\u00f3n. Esta tarea est\u00e1 a cargo del Consejo Consultivo, el cual qued\u00f3 constituido en un acto encabezado por la secretaria de la\u00a0Gesti\u00f3n P\u00fablica, Lorena L\u00f3pez Fredes y el director de la\u00a0Agencia de Inversiones San Juan, Miguel Fabi\u00e1n Ejarque.<\/p>\n<p>Ambos funcionaron agradecieron a los miembros de este cuerpo por su compromiso con el Premio Provincial a la Calidad, a la vez que destacaron que\u00a0<strong>San Juan<\/strong>\u00a0es la \u00fanica provincia del pa\u00eds que, de manera ininterrumpida, desde hace 13 a\u00f1os realiza su edici\u00f3n del Premio, siendo referente nacional en la materia, confirmando que impulsar la cultura de la calidad y la mejora continua es pol\u00edtica de Estado en San Juan.<\/p>\n<p>El Consejo Consultivo ser\u00e1 el \u00f3rgano que determinar\u00e1 el orden de m\u00e9rito para la premiaci\u00f3n. Entre sus facultades, puede entrevistar a los evaluadores y visitar a las organizaciones participantes para conocerlas y conversar con sus l\u00edderes y facilitadores. De esta manera, podr\u00e1n salvar dudas e inquietudes que puedan surgir del Informe de autodiagn\u00f3stico presentado por los concursantes y desarrollar una impresi\u00f3n personal pero con mirada objetiva sobre aspectos que consideraron significativos del sistema de gesti\u00f3n de calidad.<\/p>\n<p>El cuerpo tendr\u00e1 un poco menos de 30 d\u00edas para desarrollar su labor y sobre mediado del mes de diciembre se espera el acto de premiaci\u00f3n y merito encabezado por el gobernador.<\/p>\n<p><strong><span style=\"color: #33cccc;\">En esta edici\u00f3n integran el Consejo Consultivo:<\/span><\/strong><\/p>\n<ul>\n<li>Subsecretario de la Gesti\u00f3n P\u00fablica, Jorge Maur\u00edn.<\/li>\n<li>Director Nacional de Mejora de los Servicios a la Ciudadan\u00eda &#8211; SGyEP-JGM &#8211; organismo ejecutor del Premio Nacional a la Calidad, Maximiliano Rey<\/li>\n<li>Gerenta administrativa contable de la Obra Social Provincia, Cintia Ru\u00edz.<\/li>\n<li>Vicepresidente del Consejo Para la Planificaci\u00f3n Estrat\u00e9gica de San Juan, Miguel Patton.<\/li>\n<li>Uni\u00f3n Industrial de San Juan, Adriana Martignoni.<\/li>\n<li>Facultad de Ingenier\u00eda de la UNSJ, Dolly Granados.<\/li>\n<li>Facultad de Ciencias Sociales de la UNSJ, Mar\u00eda del Carmen Zorrilla.<\/li>\n<li>Universidad Cat\u00f3lica de San Juan, Ricardo Silvera.<\/li>\n<li>Instituto Nacional de Tecnolog\u00eda Industrial &#8211; INTI -, Mabel Fabro.<\/li>\n<li>Invitada de honor, Silvia Berrino.<\/li>\n<li>Invitado de honor, Ricardo Coca.<\/li>\n<li>Subdirectora de Sanidad Vegetal y Animal, Ana Cernuda.<\/li>\n<li>Federaci\u00f3n Econ\u00f3mica, Diego Hagmann.<\/li>\n<li>Banco San Juan, Ver\u00f3nica Pohmajevic.<\/li>\n<li>Federaci\u00f3n de Entidades Profesionales Universitarias de San Juan, Alejandro \u00c1lvarez.<\/li>\n<li>C\u00e1mara de Servicios Mineros de San Juan, Romina L\u00f3pez Cuenca.<\/li>\n<li>Federaci\u00f3n Econ\u00f3mica, Diego Hagmann.<\/li>\n<\/ul>\n<p>&nbsp;<\/p>\n<p>&nbsp;<\/p>\n<p>&nbsp;<\/p>\n","protected":false},"excerpt":{"rendered":"<p>La d\u00e9cimo tercera edici\u00f3n del Premio Provincial a la Calidad San Juan se encamina hacia su etapa final. M\u00e1s de<\/p>\n","protected":false},"author":3,"featured_media":1245,"comment_status":"closed","ping_status":"closed","sticky":false,"template":"","format":"standard","meta":{"_acf_changed":false,"_seopress_robots_primary_cat":"none","_seopress_titles_title":"","_seopress_titles_desc":"","_seopress_robots_index":"","colormag_page_container_layout":"default_layout","colormag_page_sidebar_layout":"default_layout","footnotes":""},"categories":[8],"tags":[],"class_list":["post-43878","post","type-post","status-publish","format-standard","has-post-thumbnail","hentry","category-concursos"],"acf":[],"_links":{"self":[{"href":"https:\/\/vocesparalelas.com.ar\/sitio\/wp-json\/wp\/v2\/posts\/43878","targetHints":{"allow":["GET"]}}],"collection":[{"href":"https:\/\/vocesparalelas.com.ar\/sitio\/wp-json\/wp\/v2\/posts"}],"about":[{"href":"https:\/\/vocesparalelas.com.ar\/sitio\/wp-json\/wp\/v2\/types\/post"}],"author":[{"embeddable":true,"href":"https:\/\/vocesparalelas.com.ar\/sitio\/wp-json\/wp\/v2\/users\/3"}],"replies":[{"embeddable":true,"href":"https:\/\/vocesparalelas.com.ar\/sitio\/wp-json\/wp\/v2\/comments?post=43878"}],"version-history":[{"count":1,"href":"https:\/\/vocesparalelas.com.ar\/sitio\/wp-json\/wp\/v2\/posts\/43878\/revisions"}],"predecessor-version":[{"id":43880,"href":"https:\/\/vocesparalelas.com.ar\/sitio\/wp-json\/wp\/v2\/posts\/43878\/revisions\/43880"}],"wp:featuredmedia":[{"embeddable":true,"href":"https:\/\/vocesparalelas.com.ar\/sitio\/wp-json\/wp\/v2\/media\/1245"}],"wp:attachment":[{"href":"https:\/\/vocesparalelas.com.ar\/sitio\/wp-json\/wp\/v2\/media?parent=43878"}],"wp:term":[{"taxonomy":"category","embeddable":true,"href":"https:\/\/vocesparalelas.com.ar\/sitio\/wp-json\/wp\/v2\/categories?post=43878"},{"taxonomy":"post_tag","embeddable":true,"href":"https:\/\/vocesparalelas.com.ar\/sitio\/wp-json\/wp\/v2\/tags?post=43878"}],"curies":[{"name":"wp","href":"https:\/\/api.w.org\/{rel}","templated":true}]}}