{"id":43874,"date":"2021-11-11T17:43:00","date_gmt":"2021-11-11T20:43:00","guid":{"rendered":"https:\/\/vocesparalelas.com.ar\/sitio\/?p=43874"},"modified":"2021-11-11T17:43:00","modified_gmt":"2021-11-11T20:43:00","slug":"se-evalua-implementar-la-tecnicatura-en-enfermeria-en-el-departamento-pocito","status":"publish","type":"post","link":"https:\/\/vocesparalelas.com.ar\/sitio\/se-evalua-implementar-la-tecnicatura-en-enfermeria-en-el-departamento-pocito\/","title":{"rendered":"Se eval\u00faa implementar la Tecnicatura en Enfermer\u00eda en el Departamento Pocito"},"content":{"rendered":"<p>El Ministerio de Educaci\u00f3n del Gobierno de San Juan, a trav\u00e9s del Consejo Provincial de Educaci\u00f3n T\u00e9cnica, Trabajo y Producci\u00f3n &#8211; CoPETTyP -, realiz\u00f3 el Foro Local en el Departamento Pocito con el prop\u00f3sito de analizar la posible creaci\u00f3n en el departamento de la propuesta educativa formativa en Tecnicatura Superior en Enfermer\u00eda.<\/p>\n<p>En representaci\u00f3n de Ministro de Educaci\u00f3n asistieron las directoras t\u00e9cnica pedag\u00f3gica, Prof. Ana Carolina Rodr\u00edguez; de Educaci\u00f3n Superior, Lic. Fernanda Rostagno y la supervisora Prof. Alejandra Sampaolesi.<\/p>\n<p>Rostagno abri\u00f3 el encuentro explicando que hay un pedido frecuente sobre la creaci\u00f3n de la oferta formativa Tecnicatura Superior en Enfermer\u00eda, debido al gran impacto laboral, social, familiar y en la salud de la comunidad. Adem\u00e1s, su implementaci\u00f3n evitar\u00e1 que los aspirantes deban trasladarse, permitiendo que se formen en el departamento.<\/p>\n<p>El intendente departamental, Armando S\u00e1nchez, puso en valor el compromiso del Ministro de Educaci\u00f3n y de su equipo para brindar todas herramientas y recursos para la formaci\u00f3n de los j\u00f3venes que les permita generar un futuro cierto en sinton\u00eda con la necesidades que surgen en la actualidad. El jefe comunal ratific\u00f3 que la Tecnicatura en Enfermer\u00eda es muy reclamada por los j\u00f3venes por la gran demanda laboral que tiene, con incorporaci\u00f3n inmediata.<\/p>\n<p>Por su parte el equipo t\u00e9cnico pedag\u00f3gico de la Direcci\u00f3n de Educaci\u00f3n Superior conformado por Anah\u00ed Borquez y Jorge Bernat detallaron el contenido de la tecnicatura y expusieron comparativamente las ofertas existentes en la provincia.<\/p>\n<p>La participaci\u00f3n fue numerosa, los aportes de los participantes enriquecieron y clarificaron respecto de los aspectos a considerar en la implementaci\u00f3n de la tecnicatura superior.<\/p>\n<p>Los participantes debatieron y realizaron los aportes institucionales respecto a la proyecci\u00f3n de la tecnicatura y de las condiciones institucionales necesarias para su implementaci\u00f3n.<\/p>\n<p>En el cierre del Foro se destac\u00f3 la importancia de estos encuentros que permiten pensar en proyecci\u00f3n el futuro de los j\u00f3venes que les permite formarse en su departamento.<\/p>\n<p><strong><span style=\"color: #ff9900;\">Amplia participaci\u00f3n<\/span><\/strong><\/p>\n<p>En el encuentro participaron referentes de la Delegaci\u00f3n de INET en San Juan; equipos directivos de las escuelas: Secundaria 12 de Agosto, Batalla de Tucum\u00e1n, Secundaria Mart\u00edn Miguel de G\u00fcemes, Secundaria Pedro Alvarez; funcionarios de la Municipalidad de Pocito y del Concejo Deliberante; el comisario inspector Santiago Villalobos. Tambi\u00e9n los doctores Diego Olivares e Ivana Videla, del Hospital Dr. Federico Cantoni; Daniel Cortez, jefe de Enfermeros; MMO Miguel Mart\u00ednez, presidente del Consejo Profesional T\u00e9cnico; Dra. Alina Almaz\u00e1n, a cargo de la Subsecretar\u00eda de Planificaci\u00f3n y Gesti\u00f3n Sanitaria del Ministerio de Salud P\u00fablica; Gloria Pallarona, jefa de Divisi\u00f3n Enfermer\u00eda Nivel Central; Jorge Quiroga, director de Regulaci\u00f3n y Control Gesti\u00f3n; Walter Stoermann, director Cl\u00ednica El Casta\u00f1o; Sergio Albarrac\u00edn, director M\u00e9dico de Planificaci\u00f3n y Gesti\u00f3n Asistencial del Hospital Marcial Quiroga; representantes de los gremios de AMET, AME y UDAP y vecinos del departamento.<\/p>\n<p>&nbsp;<\/p>\n<p>&nbsp;<\/p>\n","protected":false},"excerpt":{"rendered":"<p>El Ministerio de Educaci\u00f3n del Gobierno de San Juan, a trav\u00e9s del Consejo Provincial de Educaci\u00f3n T\u00e9cnica, Trabajo y Producci\u00f3n<\/p>\n","protected":false},"author":3,"featured_media":43876,"comment_status":"closed","ping_status":"closed","sticky":false,"template":"","format":"standard","meta":{"_acf_changed":false,"_seopress_robots_primary_cat":"none","_seopress_titles_title":"","_seopress_titles_desc":"","_seopress_robots_index":"","colormag_page_container_layout":"default_layout","colormag_page_sidebar_layout":"default_layout","footnotes":""},"categories":[1],"tags":[],"class_list":["post-43874","post","type-post","status-publish","format-standard","has-post-thumbnail","hentry","category-destacadas"],"acf":[],"_links":{"self":[{"href":"https:\/\/vocesparalelas.com.ar\/sitio\/wp-json\/wp\/v2\/posts\/43874","targetHints":{"allow":["GET"]}}],"collection":[{"href":"https:\/\/vocesparalelas.com.ar\/sitio\/wp-json\/wp\/v2\/posts"}],"about":[{"href":"https:\/\/vocesparalelas.com.ar\/sitio\/wp-json\/wp\/v2\/types\/post"}],"author":[{"embeddable":true,"href":"https:\/\/vocesparalelas.com.ar\/sitio\/wp-json\/wp\/v2\/users\/3"}],"replies":[{"embeddable":true,"href":"https:\/\/vocesparalelas.com.ar\/sitio\/wp-json\/wp\/v2\/comments?post=43874"}],"version-history":[{"count":1,"href":"https:\/\/vocesparalelas.com.ar\/sitio\/wp-json\/wp\/v2\/posts\/43874\/revisions"}],"predecessor-version":[{"id":43877,"href":"https:\/\/vocesparalelas.com.ar\/sitio\/wp-json\/wp\/v2\/posts\/43874\/revisions\/43877"}],"wp:featuredmedia":[{"embeddable":true,"href":"https:\/\/vocesparalelas.com.ar\/sitio\/wp-json\/wp\/v2\/media\/43876"}],"wp:attachment":[{"href":"https:\/\/vocesparalelas.com.ar\/sitio\/wp-json\/wp\/v2\/media?parent=43874"}],"wp:term":[{"taxonomy":"category","embeddable":true,"href":"https:\/\/vocesparalelas.com.ar\/sitio\/wp-json\/wp\/v2\/categories?post=43874"},{"taxonomy":"post_tag","embeddable":true,"href":"https:\/\/vocesparalelas.com.ar\/sitio\/wp-json\/wp\/v2\/tags?post=43874"}],"curies":[{"name":"wp","href":"https:\/\/api.w.org\/{rel}","templated":true}]}}