{"id":43858,"date":"2021-11-10T23:54:01","date_gmt":"2021-11-11T02:54:01","guid":{"rendered":"https:\/\/vocesparalelas.com.ar\/sitio\/?p=43858"},"modified":"2021-11-12T01:19:30","modified_gmt":"2021-11-12T04:19:30","slug":"total-normalidad-en-cobertura-de-osp-en-practicas-medicas-y-servicios","status":"publish","type":"post","link":"https:\/\/vocesparalelas.com.ar\/sitio\/total-normalidad-en-cobertura-de-osp-en-practicas-medicas-y-servicios\/","title":{"rendered":"Total normalidad en cobertura de OSP en pr\u00e1cticas m\u00e9dicas y servicios"},"content":{"rendered":"<p>Desde Obra Social Provincia informan que est\u00e1 garantizada la cobertura de sus prestaciones. Ante versiones equ\u00edvocas que se viralizan a trav\u00e9s de las redes sociales sobre presuntas \u201cmodificaciones en coberturas de servicio de sepelio, pr\u00e1cticas bioqu\u00edmicas y oftalmol\u00f3gicas\u201d, la Obra Social Provincia informa que no se ha producido ning\u00fan tipo de cambios en los \u00faltimos d\u00edas que afecten el derecho en el servicio de salud que brinda a sus m\u00e1s de 150.000 afiliados.<\/p>\n<p>En este sentido, compartimos informaci\u00f3n oficial del Colegio Bioqu\u00edmico de San Juan y de la Sociedad de Oftalmolog\u00eda de San Juan avalando tal situaci\u00f3n.<\/p>\n<p>Adem\u00e1s, recordamos a nuestros afiliados que, en el caso de pr\u00e1cticas bioqu\u00edmicas y oftalmol\u00f3gicas, la autorizaci\u00f3n se realiza de manera online, es decir, el afiliado se dirige directamente al prestador y con la presentaci\u00f3n de su carnet magn\u00e9tico puede ser atendido sin necesidad de comprar una orden.<\/p>\n<p>En servicio de sepelio se debe presentar, adem\u00e1s del carnet magn\u00e9tico, certificado de defunci\u00f3n y \u00faltimo recibo de sueldo para el subsidio que se brinda para este servicio.<\/p>\n<p>&nbsp;<\/p>\n<p><img loading=\"lazy\" decoding=\"async\" class=\"alignnone wp-image-43861 size-large\" src=\"https:\/\/vocesparalelas.com.ar\/sitio\/wp-content\/uploads\/2021\/11\/OSP-PRESTACION-2-800x800.jpg\" alt=\"\" width=\"800\" height=\"800\" srcset=\"https:\/\/vocesparalelas.com.ar\/sitio\/wp-content\/uploads\/2021\/11\/OSP-PRESTACION-2-800x800.jpg 800w, https:\/\/vocesparalelas.com.ar\/sitio\/wp-content\/uploads\/2021\/11\/OSP-PRESTACION-2-300x300.jpg 300w, https:\/\/vocesparalelas.com.ar\/sitio\/wp-content\/uploads\/2021\/11\/OSP-PRESTACION-2-150x150.jpg 150w, https:\/\/vocesparalelas.com.ar\/sitio\/wp-content\/uploads\/2021\/11\/OSP-PRESTACION-2-768x768.jpg 768w, https:\/\/vocesparalelas.com.ar\/sitio\/wp-content\/uploads\/2021\/11\/OSP-PRESTACION-2.jpg 1024w\" sizes=\"auto, (max-width: 800px) 100vw, 800px\" \/><\/p>\n<p>&nbsp;<\/p>\n<p><img loading=\"lazy\" decoding=\"async\" class=\"wp-image-43860 size-full aligncenter\" src=\"https:\/\/vocesparalelas.com.ar\/sitio\/wp-content\/uploads\/2021\/11\/OSP-PRESTACION-1.jpg\" alt=\"\" width=\"526\" height=\"769\" srcset=\"https:\/\/vocesparalelas.com.ar\/sitio\/wp-content\/uploads\/2021\/11\/OSP-PRESTACION-1.jpg 526w, https:\/\/vocesparalelas.com.ar\/sitio\/wp-content\/uploads\/2021\/11\/OSP-PRESTACION-1-205x300.jpg 205w\" sizes=\"auto, (max-width: 526px) 100vw, 526px\" \/><\/p>\n<p>&nbsp;<\/p>\n<p>&nbsp;<\/p>\n","protected":false},"excerpt":{"rendered":"<p>Desde Obra Social Provincia informan que est\u00e1 garantizada la cobertura de sus prestaciones. Ante versiones equ\u00edvocas que se viralizan a<\/p>\n","protected":false},"author":3,"featured_media":10321,"comment_status":"closed","ping_status":"closed","sticky":false,"template":"","format":"standard","meta":{"_acf_changed":false,"_seopress_robots_primary_cat":"none","_seopress_titles_title":"","_seopress_titles_desc":"","_seopress_robots_index":"","colormag_page_container_layout":"default_layout","colormag_page_sidebar_layout":"default_layout","footnotes":""},"categories":[6],"tags":[],"class_list":["post-43858","post","type-post","status-publish","format-standard","has-post-thumbnail","hentry","category-eventos"],"acf":[],"_links":{"self":[{"href":"https:\/\/vocesparalelas.com.ar\/sitio\/wp-json\/wp\/v2\/posts\/43858","targetHints":{"allow":["GET"]}}],"collection":[{"href":"https:\/\/vocesparalelas.com.ar\/sitio\/wp-json\/wp\/v2\/posts"}],"about":[{"href":"https:\/\/vocesparalelas.com.ar\/sitio\/wp-json\/wp\/v2\/types\/post"}],"author":[{"embeddable":true,"href":"https:\/\/vocesparalelas.com.ar\/sitio\/wp-json\/wp\/v2\/users\/3"}],"replies":[{"embeddable":true,"href":"https:\/\/vocesparalelas.com.ar\/sitio\/wp-json\/wp\/v2\/comments?post=43858"}],"version-history":[{"count":1,"href":"https:\/\/vocesparalelas.com.ar\/sitio\/wp-json\/wp\/v2\/posts\/43858\/revisions"}],"predecessor-version":[{"id":43862,"href":"https:\/\/vocesparalelas.com.ar\/sitio\/wp-json\/wp\/v2\/posts\/43858\/revisions\/43862"}],"wp:featuredmedia":[{"embeddable":true,"href":"https:\/\/vocesparalelas.com.ar\/sitio\/wp-json\/wp\/v2\/media\/10321"}],"wp:attachment":[{"href":"https:\/\/vocesparalelas.com.ar\/sitio\/wp-json\/wp\/v2\/media?parent=43858"}],"wp:term":[{"taxonomy":"category","embeddable":true,"href":"https:\/\/vocesparalelas.com.ar\/sitio\/wp-json\/wp\/v2\/categories?post=43858"},{"taxonomy":"post_tag","embeddable":true,"href":"https:\/\/vocesparalelas.com.ar\/sitio\/wp-json\/wp\/v2\/tags?post=43858"}],"curies":[{"name":"wp","href":"https:\/\/api.w.org\/{rel}","templated":true}]}}