{"id":43855,"date":"2021-11-10T17:49:22","date_gmt":"2021-11-10T20:49:22","guid":{"rendered":"https:\/\/vocesparalelas.com.ar\/sitio\/?p=43855"},"modified":"2021-11-11T01:49:41","modified_gmt":"2021-11-11T04:49:41","slug":"15a-edicion-de-los-premios-bitacora-a-la-industria-turistica","status":"publish","type":"post","link":"https:\/\/vocesparalelas.com.ar\/sitio\/15a-edicion-de-los-premios-bitacora-a-la-industria-turistica\/","title":{"rendered":"15\u00aa edici\u00f3n de los Premios Bit\u00e1cora a la Industria Tur\u00edstica"},"content":{"rendered":"<p>El 10 de Noviembre se realiza la 15\u00aa edici\u00f3n de los Premios Bit\u00e1cora a la Industria Tur\u00edstica.\u00a0En esta oportunidad, la\u00a0ministro de Turismo y Cultura del Gobierno de San Juan, Lic. Claudia Grynszpan es una de las funcionarias de todo el pa\u00eds que recibe este reconocimiento por mantener el esp\u00edritu de uni\u00f3n en el Consejo Federal de Turismo\u00a0en los momentos m\u00e1s dif\u00edciles del sector.<\/p>\n<p>En este marco, la actual ministra de Turismo y Cultura de la provincia y presidenta del CFT ser\u00e1 parte de esta gran gala organizada por Mensajero Tur\u00edstico, cuyo objetivo es distinguir la labor, el trabajo y la dedicaci\u00f3n de los actores del sector.<\/p>\n<p>El encuentro tiene lugar en la Ciudad de Buenos Aires con la participaci\u00f3n de invitados nacionales, entre los que estar\u00e1n funcionarios nacionales y provinciales y empresarios de todo el pa\u00eds en uno de los primeros eventos de gran convocatoria del sector luego de la reactivaci\u00f3n.<\/p>\n<p>El ministro de Turismo y Deportes, Dr. Mat\u00edas Lammens; el secretario ejecutivo del Inprotur, Ricardo Sosa; y la secretaria de Promoci\u00f3n Tur\u00edstica de la Naci\u00f3n, Yanina Mart\u00ednez, ser\u00e1n algunos de los funcionarios que participar\u00e1n de los Bit\u00e1cora 2021, adem\u00e1s de gobernadores, empresarios del sector y funcionarios de las carteras tur\u00edsticas provinciales.<\/p>\n<p><strong><span style=\"color: #339966;\">Sobre los Premios Bit\u00e1cora<\/span><\/strong><\/p>\n<p>Impulsados por Mensajero Tur\u00edstico, los Premios Bit\u00e1cora surgieron en 2006 como una manera de darle al turismo un espacio de retribuci\u00f3n entre aquellos que conforman el sector. En la \u00faltima edici\u00f3n, m\u00e1s de 2300 miembros de la industria emitieron sus votos premiando a empresarios, funcionarios y representantes de las oficinas de turismo nacionales y del extranjero en Argentina.<\/p>\n","protected":false},"excerpt":{"rendered":"<p>El 10 de Noviembre se realiza la 15\u00aa edici\u00f3n de los Premios Bit\u00e1cora a la Industria Tur\u00edstica.\u00a0En esta oportunidad, la\u00a0ministro<\/p>\n","protected":false},"author":3,"featured_media":28844,"comment_status":"closed","ping_status":"closed","sticky":false,"template":"","format":"standard","meta":{"_acf_changed":false,"_seopress_robots_primary_cat":"none","_seopress_titles_title":"","_seopress_titles_desc":"","_seopress_robots_index":"","colormag_page_container_layout":"default_layout","colormag_page_sidebar_layout":"default_layout","footnotes":""},"categories":[1],"tags":[],"class_list":["post-43855","post","type-post","status-publish","format-standard","has-post-thumbnail","hentry","category-destacadas"],"acf":[],"_links":{"self":[{"href":"https:\/\/vocesparalelas.com.ar\/sitio\/wp-json\/wp\/v2\/posts\/43855","targetHints":{"allow":["GET"]}}],"collection":[{"href":"https:\/\/vocesparalelas.com.ar\/sitio\/wp-json\/wp\/v2\/posts"}],"about":[{"href":"https:\/\/vocesparalelas.com.ar\/sitio\/wp-json\/wp\/v2\/types\/post"}],"author":[{"embeddable":true,"href":"https:\/\/vocesparalelas.com.ar\/sitio\/wp-json\/wp\/v2\/users\/3"}],"replies":[{"embeddable":true,"href":"https:\/\/vocesparalelas.com.ar\/sitio\/wp-json\/wp\/v2\/comments?post=43855"}],"version-history":[{"count":1,"href":"https:\/\/vocesparalelas.com.ar\/sitio\/wp-json\/wp\/v2\/posts\/43855\/revisions"}],"predecessor-version":[{"id":43857,"href":"https:\/\/vocesparalelas.com.ar\/sitio\/wp-json\/wp\/v2\/posts\/43855\/revisions\/43857"}],"wp:featuredmedia":[{"embeddable":true,"href":"https:\/\/vocesparalelas.com.ar\/sitio\/wp-json\/wp\/v2\/media\/28844"}],"wp:attachment":[{"href":"https:\/\/vocesparalelas.com.ar\/sitio\/wp-json\/wp\/v2\/media?parent=43855"}],"wp:term":[{"taxonomy":"category","embeddable":true,"href":"https:\/\/vocesparalelas.com.ar\/sitio\/wp-json\/wp\/v2\/categories?post=43855"},{"taxonomy":"post_tag","embeddable":true,"href":"https:\/\/vocesparalelas.com.ar\/sitio\/wp-json\/wp\/v2\/tags?post=43855"}],"curies":[{"name":"wp","href":"https:\/\/api.w.org\/{rel}","templated":true}]}}