{"id":43852,"date":"2021-11-10T20:36:38","date_gmt":"2021-11-10T23:36:38","guid":{"rendered":"https:\/\/vocesparalelas.com.ar\/sitio\/?p=43852"},"modified":"2021-11-12T00:49:28","modified_gmt":"2021-11-12T03:49:28","slug":"dos-conciertos-de-lujos-para-noviembre-en-el-auditorio-juan-victoria","status":"publish","type":"post","link":"https:\/\/vocesparalelas.com.ar\/sitio\/dos-conciertos-de-lujos-para-noviembre-en-el-auditorio-juan-victoria\/","title":{"rendered":"Dos conciertos de lujos para Noviembre en el Auditorio Juan Victoria"},"content":{"rendered":"<div class=\"cuerpo-principal\">\n<div class=\"itemBody\">\n<div class=\"itemFullText\">\n<p>El\u00a0Auditorio Juan Victoria, a trav\u00e9s del Ministerio de Turismo y Cultura del gobierno de San Juan presenta dos conciertos de lujos para Noviembre.<\/p>\n<p>El encuentro popular con la m\u00fasica est\u00e1 presente con la propuesta de Juan Carlos Baglietto y Lito Vitale\u00a0quienes\u00a0est\u00e1n celebrando sus 30 a\u00f1os de la mano de una gira nacional,\u00a0en la que repasan buena parte del repertorio que han grabado y otros temas de sus carreras solitas.<\/p>\n<p>Los referentes indiscutidos del cancionero popular argentino, se presentar\u00e1n\u00a0este jueves 11 a las 21.30\u00a0en la sala del Auditorio.<\/p>\n<p>Las entradas est\u00e1n disponibles en boleter\u00eda del Auditorio de lunes a s\u00e1bado de 11 a 18 ($1500, $1800 y $2000), o ingresando a<\/p>\n<p><a href=\"https:\/\/www.eventbrite.com.ar\/e\/baglietto-vitale-tickets-192079012497?aff=ebdssbonlinesearch\">https:\/\/www.eventbrite.com.ar\/e\/baglietto-vitale-tickets-192079012497?aff=ebdssbonlinesearch<\/a><\/p>\n<p>Otra de las atracciones para no perderse es el talento de\u00a0Nahuel Pennisi.\u00a0El m\u00fasico retorna a los escenarios, y llega al Auditorio el\u00a023 de noviembre a las 22 hs.,\u00a0donde continuar\u00e1 promocionando su tercer \u00e1lbum de Estudio, Renacer.<\/p>\n<p>El show, denominado A solas, concierto \u00edntimo, contar\u00e1 con canciones como Mundo, Compa\u00f1era, Universo Paralelo, entre otras joyas del artista. Adem\u00e1s, el m\u00fasico interpretar\u00e1 otras canciones populares de diversos cantautores.<\/p>\n<p>Entradas en venta en boleter\u00eda del Auditorio de lunes a viernes de 9 a 18 (entrada general $700).<\/p>\n<p>&nbsp;<\/p>\n<\/div>\n<div class=\"clr\"><\/div>\n<\/div>\n<div class=\"itemBackToTop\"><\/div>\n<div class=\"clr\"><\/div>\n<\/div>\n","protected":false},"excerpt":{"rendered":"<p>El\u00a0Auditorio Juan Victoria, a trav\u00e9s del Ministerio de Turismo y Cultura del gobierno de San Juan presenta dos conciertos de<\/p>\n","protected":false},"author":3,"featured_media":4322,"comment_status":"closed","ping_status":"closed","sticky":false,"template":"","format":"standard","meta":{"_acf_changed":false,"_seopress_robots_primary_cat":"none","_seopress_titles_title":"","_seopress_titles_desc":"","_seopress_robots_index":"","colormag_page_container_layout":"default_layout","colormag_page_sidebar_layout":"default_layout","footnotes":""},"categories":[20],"tags":[],"class_list":["post-43852","post","type-post","status-publish","format-standard","has-post-thumbnail","hentry","category-cartelera"],"acf":[],"_links":{"self":[{"href":"https:\/\/vocesparalelas.com.ar\/sitio\/wp-json\/wp\/v2\/posts\/43852","targetHints":{"allow":["GET"]}}],"collection":[{"href":"https:\/\/vocesparalelas.com.ar\/sitio\/wp-json\/wp\/v2\/posts"}],"about":[{"href":"https:\/\/vocesparalelas.com.ar\/sitio\/wp-json\/wp\/v2\/types\/post"}],"author":[{"embeddable":true,"href":"https:\/\/vocesparalelas.com.ar\/sitio\/wp-json\/wp\/v2\/users\/3"}],"replies":[{"embeddable":true,"href":"https:\/\/vocesparalelas.com.ar\/sitio\/wp-json\/wp\/v2\/comments?post=43852"}],"version-history":[{"count":1,"href":"https:\/\/vocesparalelas.com.ar\/sitio\/wp-json\/wp\/v2\/posts\/43852\/revisions"}],"predecessor-version":[{"id":43854,"href":"https:\/\/vocesparalelas.com.ar\/sitio\/wp-json\/wp\/v2\/posts\/43852\/revisions\/43854"}],"wp:featuredmedia":[{"embeddable":true,"href":"https:\/\/vocesparalelas.com.ar\/sitio\/wp-json\/wp\/v2\/media\/4322"}],"wp:attachment":[{"href":"https:\/\/vocesparalelas.com.ar\/sitio\/wp-json\/wp\/v2\/media?parent=43852"}],"wp:term":[{"taxonomy":"category","embeddable":true,"href":"https:\/\/vocesparalelas.com.ar\/sitio\/wp-json\/wp\/v2\/categories?post=43852"},{"taxonomy":"post_tag","embeddable":true,"href":"https:\/\/vocesparalelas.com.ar\/sitio\/wp-json\/wp\/v2\/tags?post=43852"}],"curies":[{"name":"wp","href":"https:\/\/api.w.org\/{rel}","templated":true}]}}