{"id":43838,"date":"2021-11-10T19:20:47","date_gmt":"2021-11-10T22:20:47","guid":{"rendered":"https:\/\/vocesparalelas.com.ar\/sitio\/?p=43838"},"modified":"2021-11-12T00:52:12","modified_gmt":"2021-11-12T03:52:12","slug":"los-seleccionados-de-la-2o-bienal-nacional-de-dibujo","status":"publish","type":"post","link":"https:\/\/vocesparalelas.com.ar\/sitio\/los-seleccionados-de-la-2o-bienal-nacional-de-dibujo\/","title":{"rendered":"Los seleccionados de la 2\u00ba Bienal Nacional de Dibujo"},"content":{"rendered":"<p>El llamado para participar del concurso de selecci\u00f3n y premiaci\u00f3n de obras de la\u00a02\u00ba Bienal Nacional de Dibujo, estuvo destinado a artistas argentinos o extranjeros residentes en el pa\u00eds. Se extendi\u00f3 del 6 de septiembre al 14 de octubre de 2021, con pr\u00f3rroga incluida.<\/p>\n<p>El Museo Provincial de Bellas Artes Franklin Rawson dependiente del Ministerio de Turismo y Cultura del Gobierno de San Juan, recibi\u00f3 m\u00e1s de 500\u00a0proyectos art\u00edsticos provenientes de todas las regiones del pa\u00eds.\u00a0La selecci\u00f3n estuvo a cargo de un distinguido\u00a0jurado conformado por\u00a0Eduardo Stup\u00eda, Paula Otegui y Eduardo Pe\u00f1afort.<\/p>\n<p>El prop\u00f3sito de la bienal es destacar la diversidad y vitalidad del dibujo en el \u00e1mbito nacional, en di\u00e1logo con la pluralidad de expresiones art\u00edsticas no tradicionales, respecto a la multiplicidad de herramientas, formatos, t\u00e9cnicas y po\u00e9ticas que han transformado y reconfigurado la ontolog\u00eda de la disciplina.<\/p>\n<p>Los dibujantes participar\u00e1n en la muestra central de la bienal, que tendr\u00e1 lugar entre los meses de diciembre 2021 y marzo 2022.<\/p>\n<p>Los ganadores del premio adquisici\u00f3n y menciones especiales ser\u00e1n anunciados oficialmente en la inauguraci\u00f3n de la muestra de la BND 2021, el viernes 17 de diciembre.<\/p>\n<p>El museo destaca la amplia participaci\u00f3n de la presente edici\u00f3n de la bienal y agradece la postulaci\u00f3n de todos los artistas.<\/p>\n<p><span style=\"color: #33cccc;\"><strong>Seleccionados 2\u00ba Bienal Nacional de Dibujo &#8211; San Juan 2021<\/strong><\/span><\/p>\n<ol>\n<li>Abarza Olmos, Daiana Alejandra<\/li>\n<li>Ajler, Ricardo<\/li>\n<li>\u00c1lvarez, Germ\u00e1n Alejandro<\/li>\n<li>\u00c1lvarez Guardo, Florencia<\/li>\n<li>Arga\u00f1aras, Eduardo Christian<\/li>\n<li>Arg\u00fcello Pitt, Mateo<\/li>\n<li>Astica Capra, Juan Bautista<\/li>\n<li>Audivert, Rafael<\/li>\n<li>Berisso, Manuel<\/li>\n<li>Bona, Sebasti\u00e1n Cesar<\/li>\n<li>Boroni, Cintia<\/li>\n<li>Buj\u00e1n, Guadalupe<\/li>\n<li>Caporaletti, Mar\u00eda Jos\u00e9<\/li>\n<li>Carabante, Alejandra Adriana<\/li>\n<li>Cecchi, Paula Mar\u00eda<\/li>\n<li>Cerbellera, Mauricio Antonio<\/li>\n<li>Combi, Mariano Ariel<\/li>\n<li>Cort\u00ednez, Adela Antonia<\/li>\n<li>Coscio Farah, Luis Federico<\/li>\n<li>Costa, Humberto Eufrasio<\/li>\n<li>Dartiguelongue, Mar\u00eda Cristina<\/li>\n<li>De la Vega, Jonat\u00e1n Ariel<\/li>\n<li>Di Pascuale, Lucas<\/li>\n<li>D\u00edaz, Mar\u00eda Vanesa<\/li>\n<li>D\u00edaz Saubidet, In\u00e9s Mar\u00eda<\/li>\n<li>Espeche, Luciano Andr\u00e9s<\/li>\n<li>Espinosa, Natalia Soledad<\/li>\n<li>Fagioli, Ciro Andr\u00e9s<\/li>\n<li>Fern\u00e1ndez, Mariela Soledad<\/li>\n<li>Fleurquin, Liliana Beatriz<\/li>\n<li>Garramu\u00f1o, Gustavo Daniel<\/li>\n<li>G\u00f3mez Centuri\u00f3n, Carlos Enrique<\/li>\n<li>Gonzalez (Perrin), Jorge Luis<\/li>\n<li>Gonzalez Holc, Germ\u00e1n Rodrigo<\/li>\n<li>Goto, Mariano Rub\u00e9n<\/li>\n<li>Goulu, Gast\u00f3n Ignacio<\/li>\n<li>Grad\u00edn, Lucila<\/li>\n<li>Guerra, Luciana<\/li>\n<li>La Rosa, Mart\u00edn Sergio<\/li>\n<li>Labak\u00e9, Andr\u00e9s Michel<\/li>\n<li>Longhini, Juan<\/li>\n<li>L\u00f3pez, Valeria Soledad<\/li>\n<li>L\u00f3pez Mastrangelo, David<\/li>\n<li>Loson, Elena<\/li>\n<li>Luna, Maria Elisa<\/li>\n<li>Marchi, Lucia<\/li>\n<li>Mari, Mar\u00eda Lucila<\/li>\n<li>Mart\u00ednez, Silvina<\/li>\n<li>Massanet, Agust\u00edn<\/li>\n<li>Mastrandrea, Daniela Soledad<\/li>\n<li>Mastronardi, Nazarena<\/li>\n<li>Mazzeo, Javier<\/li>\n<li>Mazzocchi (Masoch), Carlos Rogelio<\/li>\n<li>M\u00e9ndez, Alberto Enrique<\/li>\n<li>Menza, Nicol\u00e1s Alberto<\/li>\n<li>Montich, Dante Alberto<\/li>\n<li>Mureddu, Gerardo Andr\u00e9s<\/li>\n<li>Padilla, Roberto Enrique<\/li>\n<li>Perrotta, Diego<\/li>\n<li>Pietra, Fernando Mauro<\/li>\n<li>Porto, Mar\u00eda L\u00eda<\/li>\n<li>Quines, Ezequiel<\/li>\n<li>Quinteros, Marcelo Gabriel<\/li>\n<li>Quinteros, Stella Maris<\/li>\n<li>Rabbi Baldi, Cecilia<\/li>\n<li>Raffo, Santiago Oscar<\/li>\n<li>Rocino Bay, Lucas Santiago<\/li>\n<li>Rojas, M\u00f3nica Patricia<\/li>\n<li>Romano, Julia<\/li>\n<li>Said, Nicol\u00e1s<\/li>\n<li>S\u00e1nchez Fantino, Horacio Manuel<\/li>\n<li>Santi, Mar\u00eda Cristina<\/li>\n<li>Sarsale, Jorge<\/li>\n<li>Send\u00f3n, Susana Alicia<\/li>\n<li>Stigliano, Diego Andr\u00e9s<\/li>\n<li>Tarsitano, Laura<\/li>\n<li>Ter\u00e1n, Juli\u00e1n Mart\u00edn<\/li>\n<li>Torviso, Silvina Laura<\/li>\n<li>Traversa, Valeria<\/li>\n<li>Trigo, Mariela<\/li>\n<li>Urresti, Alejandra<\/li>\n<li>Urrutia Palacios, Juan Carlos<\/li>\n<li>Venegas, Ariel<\/li>\n<li>Vollenweider, Mar\u00eda Ignacia<\/li>\n<\/ol>\n<p><img loading=\"lazy\" decoding=\"async\" class=\"alignnone wp-image-39924 size-full\" src=\"https:\/\/vocesparalelas.com.ar\/sitio\/wp-content\/uploads\/2021\/07\/MPBAFR-OBRA-02.jpg\" alt=\"\" width=\"800\" height=\"533\" srcset=\"https:\/\/vocesparalelas.com.ar\/sitio\/wp-content\/uploads\/2021\/07\/MPBAFR-OBRA-02.jpg 800w, https:\/\/vocesparalelas.com.ar\/sitio\/wp-content\/uploads\/2021\/07\/MPBAFR-OBRA-02-300x200.jpg 300w, https:\/\/vocesparalelas.com.ar\/sitio\/wp-content\/uploads\/2021\/07\/MPBAFR-OBRA-02-768x512.jpg 768w\" sizes=\"auto, (max-width: 800px) 100vw, 800px\" \/><\/p>\n","protected":false},"excerpt":{"rendered":"<p>El llamado para participar del concurso de selecci\u00f3n y premiaci\u00f3n de obras de la\u00a02\u00ba Bienal Nacional de Dibujo, estuvo destinado<\/p>\n","protected":false},"author":3,"featured_media":41617,"comment_status":"closed","ping_status":"closed","sticky":false,"template":"","format":"standard","meta":{"_acf_changed":false,"_seopress_robots_primary_cat":"none","_seopress_titles_title":"","_seopress_titles_desc":"","_seopress_robots_index":"","colormag_page_container_layout":"default_layout","colormag_page_sidebar_layout":"default_layout","footnotes":""},"categories":[8],"tags":[],"class_list":["post-43838","post","type-post","status-publish","format-standard","has-post-thumbnail","hentry","category-concursos"],"acf":[],"_links":{"self":[{"href":"https:\/\/vocesparalelas.com.ar\/sitio\/wp-json\/wp\/v2\/posts\/43838","targetHints":{"allow":["GET"]}}],"collection":[{"href":"https:\/\/vocesparalelas.com.ar\/sitio\/wp-json\/wp\/v2\/posts"}],"about":[{"href":"https:\/\/vocesparalelas.com.ar\/sitio\/wp-json\/wp\/v2\/types\/post"}],"author":[{"embeddable":true,"href":"https:\/\/vocesparalelas.com.ar\/sitio\/wp-json\/wp\/v2\/users\/3"}],"replies":[{"embeddable":true,"href":"https:\/\/vocesparalelas.com.ar\/sitio\/wp-json\/wp\/v2\/comments?post=43838"}],"version-history":[{"count":1,"href":"https:\/\/vocesparalelas.com.ar\/sitio\/wp-json\/wp\/v2\/posts\/43838\/revisions"}],"predecessor-version":[{"id":43840,"href":"https:\/\/vocesparalelas.com.ar\/sitio\/wp-json\/wp\/v2\/posts\/43838\/revisions\/43840"}],"wp:featuredmedia":[{"embeddable":true,"href":"https:\/\/vocesparalelas.com.ar\/sitio\/wp-json\/wp\/v2\/media\/41617"}],"wp:attachment":[{"href":"https:\/\/vocesparalelas.com.ar\/sitio\/wp-json\/wp\/v2\/media?parent=43838"}],"wp:term":[{"taxonomy":"category","embeddable":true,"href":"https:\/\/vocesparalelas.com.ar\/sitio\/wp-json\/wp\/v2\/categories?post=43838"},{"taxonomy":"post_tag","embeddable":true,"href":"https:\/\/vocesparalelas.com.ar\/sitio\/wp-json\/wp\/v2\/tags?post=43838"}],"curies":[{"name":"wp","href":"https:\/\/api.w.org\/{rel}","templated":true}]}}