{"id":43833,"date":"2021-11-10T20:49:04","date_gmt":"2021-11-10T23:49:04","guid":{"rendered":"https:\/\/vocesparalelas.com.ar\/sitio\/?p=43833"},"modified":"2021-11-10T20:49:04","modified_gmt":"2021-11-10T23:49:04","slug":"otro-caso-de-meningitis-por-meningococo-en-san-juan","status":"publish","type":"post","link":"https:\/\/vocesparalelas.com.ar\/sitio\/otro-caso-de-meningitis-por-meningococo-en-san-juan\/","title":{"rendered":"Otro caso de meningitis por meningococo en San Juan"},"content":{"rendered":"<p>El Ministerio de Salud P\u00fablica del Gobierno de San Juan informa que, en la jornada del Mi\u00e9rcoles, 10 de Noviembre, fue notificado un caso de meningitis por meningococo en un adulto de 42 a\u00f1os, que se encontr\u00f3 internado en el Hospital Marcial Quiroga y que falleci\u00f3 por complicaciones propias de la meningitis.<\/p>\n<p>Las autoridades sanitarias abordaron el caso de manera inmediata, con todas las medidas estipuladas en la normativa y acciones directas, como la entrega de medicaci\u00f3n preventiva a los contactos correspondientes.<\/p>\n<p>Las medidas se adoptaron en forma conjunta, entre el Ministerio de Salud y el Hospital Dr. Marcial Quiroga.<\/p>\n<p>Adem\u00e1s se est\u00e1 trabajando en las medidas preventivas en cada uno de los \u00e1mbitos d\u00f3nde se encontraban sus contactos.<\/p>\n<p><strong><span style=\"color: #ff0000;\">\u00bfQu\u00e9 es la Meningitis?<\/span><\/strong><\/p>\n<p>La meningitis es la inflamaci\u00f3n de las membranas que envuelven al cerebro (meninges), y que puede ser causada por virus o bacterias.<\/p>\n<p>La meningitis bacteriana, como en este caso, es provocada por distintas bacterias que se transmiten de persona a persona a trav\u00e9s de las gotitas de saliva que se expelen al toser, hablar o estornudar<\/p>\n<p>Cabe destacar que los cuidados que se implementan actualmente por Covid-19, como el uso de barbijo y el hecho de no compartir objetos de uso personal, son determinantes y ayudan a minimizar los riesgos en este tipo de situaciones.<\/p>\n<p>Desde un primer momento se tomaron todas las medidas sanitarias necesarias y se est\u00e1 realizando el control y seguimiento correspondiente.<\/p>\n<p>Ante cualquier duda, consultar en la Divisi\u00f3n Epidemiolog\u00eda del Ministerio de Salud. Centro C\u00edvico 3\u00ba piso. Llamar al 4305516 o al 4305611<\/p>\n<p>&nbsp;<\/p>\n<p>&nbsp;<\/p>\n","protected":false},"excerpt":{"rendered":"<p>El Ministerio de Salud P\u00fablica del Gobierno de San Juan informa que, en la jornada del Mi\u00e9rcoles, 10 de Noviembre,<\/p>\n","protected":false},"author":3,"featured_media":42655,"comment_status":"closed","ping_status":"closed","sticky":false,"template":"","format":"standard","meta":{"_acf_changed":false,"_seopress_robots_primary_cat":"none","_seopress_titles_title":"","_seopress_titles_desc":"","_seopress_robots_index":"","colormag_page_container_layout":"default_layout","colormag_page_sidebar_layout":"default_layout","footnotes":""},"categories":[1],"tags":[],"class_list":["post-43833","post","type-post","status-publish","format-standard","has-post-thumbnail","hentry","category-destacadas"],"acf":[],"_links":{"self":[{"href":"https:\/\/vocesparalelas.com.ar\/sitio\/wp-json\/wp\/v2\/posts\/43833","targetHints":{"allow":["GET"]}}],"collection":[{"href":"https:\/\/vocesparalelas.com.ar\/sitio\/wp-json\/wp\/v2\/posts"}],"about":[{"href":"https:\/\/vocesparalelas.com.ar\/sitio\/wp-json\/wp\/v2\/types\/post"}],"author":[{"embeddable":true,"href":"https:\/\/vocesparalelas.com.ar\/sitio\/wp-json\/wp\/v2\/users\/3"}],"replies":[{"embeddable":true,"href":"https:\/\/vocesparalelas.com.ar\/sitio\/wp-json\/wp\/v2\/comments?post=43833"}],"version-history":[{"count":1,"href":"https:\/\/vocesparalelas.com.ar\/sitio\/wp-json\/wp\/v2\/posts\/43833\/revisions"}],"predecessor-version":[{"id":43835,"href":"https:\/\/vocesparalelas.com.ar\/sitio\/wp-json\/wp\/v2\/posts\/43833\/revisions\/43835"}],"wp:featuredmedia":[{"embeddable":true,"href":"https:\/\/vocesparalelas.com.ar\/sitio\/wp-json\/wp\/v2\/media\/42655"}],"wp:attachment":[{"href":"https:\/\/vocesparalelas.com.ar\/sitio\/wp-json\/wp\/v2\/media?parent=43833"}],"wp:term":[{"taxonomy":"category","embeddable":true,"href":"https:\/\/vocesparalelas.com.ar\/sitio\/wp-json\/wp\/v2\/categories?post=43833"},{"taxonomy":"post_tag","embeddable":true,"href":"https:\/\/vocesparalelas.com.ar\/sitio\/wp-json\/wp\/v2\/tags?post=43833"}],"curies":[{"name":"wp","href":"https:\/\/api.w.org\/{rel}","templated":true}]}}