{"id":43826,"date":"2021-11-10T00:35:53","date_gmt":"2021-11-10T03:35:53","guid":{"rendered":"https:\/\/vocesparalelas.com.ar\/sitio\/?p=43826"},"modified":"2021-11-10T00:35:53","modified_gmt":"2021-11-10T03:35:53","slug":"recomendaciones-ante-contingencias-climaticas","status":"publish","type":"post","link":"https:\/\/vocesparalelas.com.ar\/sitio\/recomendaciones-ante-contingencias-climaticas\/","title":{"rendered":"Recomendaciones ante contingencias clim\u00e1ticas"},"content":{"rendered":"<p>A ra\u00edz de la intensa lluvia y granizo registrados en el territorio provincial, las autoridades recuerdan a la poblaci\u00f3n que en caso de emergencia se puede comunicar al 103 de Protecci\u00f3n Civil y al 911 del CISEM. Asimismo se pide tener en cuenta las siguientes recomendaciones:<\/p>\n<h3><span style=\"color: #3366ff;\"><strong>En caso de precipitaciones abundantes<\/strong><\/span><\/h3>\n<p><span style=\"color: #3366ff;\"><strong>En casa:<\/strong><\/span><\/p>\n<ul>\n<li>Revisar cada cierto tiempo, el estado de techos, el de la bajada de agua de los edificios y los desag\u00fces pr\u00f3ximos y trate de asegurarlos y limpiarlos.<\/li>\n<li>Retirar del exterior de la vivienda los objetos que pueda arrastrar el agua, en especial los productos t\u00f3xicos (herbicida, insecticidas, etc.).<\/li>\n<li>Higienizar las viviendas utilizando 1 taza de lavandina cada 15 litros de agua.<\/li>\n<li>Use calzado aislante.<\/li>\n<li>Desenchufar los artefactos el\u00e9ctricos.<\/li>\n<li>No saque la basura.<\/li>\n<li>Cierre y asegure las ventanas y puertas.<\/li>\n<li>Mantenga las mascotas en lugar protegido.<\/li>\n<li>Si puede quedarse en su casa, h\u00e1galo; evite la circulaci\u00f3n innecesaria de veh\u00edculos y personas especialmente en centros urbanos.<\/li>\n<li>Tenga preparado el kit familiar de emergencia, (que debe contener un peque\u00f1o botiqu\u00edn de primeros auxilios con la medicaci\u00f3n que necesite, una linterna, una radio, documentaci\u00f3n b\u00e1sica, ropa para protegerse del agua, una manta y una muda de ropa, agua mineral y comida enlatada en buen estado).<\/li>\n<\/ul>\n<p><span style=\"color: #3366ff;\"><strong>En la v\u00eda p\u00fablica:<\/strong><\/span><\/p>\n<ul>\n<li>No transites por calles inundadas.<\/li>\n<li>Ingres\u00e1 a un lugar de resguardo.<\/li>\n<li>En veh\u00edculo, circula con luces bajas encendidas, con precauci\u00f3n, aumentando la distancia entre veh\u00edculos y reduciendo la velocidad m\u00e1s de lo permitido.<\/li>\n<li>No obstruyas las acequias y las bocas de alcantarillas.<\/li>\n<li>No transites por calles anegadas.<\/li>\n<li>Beber agua hervida o embotellada.<\/li>\n<li>Si est\u00e1s lesionado, lav\u00e1 las heridas con agua limpia y jab\u00f3n. No tomar medicamentos que hayan estado en contacto con el agua.<\/li>\n<\/ul>\n<p><span style=\"color: #3366ff;\"><strong>En caso de granizo<\/strong><\/span><\/p>\n<ul>\n<li>Permanecer a resguardo y procurar no salir.<\/li>\n<li>Tener en cuenta que los golpes de este fen\u00f3meno pueden afectar y poner nerviosos a los m\u00e1s chicos, a los adultos mayores y las mascotas, por lo cual es importante conservar la calma.<\/li>\n<li>Una vez que la tormenta termin\u00f3, verificar el estado de aquellos elementos m\u00e1s susceptibles como techos, ca\u00f1er\u00edas o ventanas. Si se observan da\u00f1os graves que puedan poner en riesgo tu vida o la de tus vecinos, ponerse en contacto con los entes oficiales.<\/li>\n<li>Seguir atento a los comunicados oficiales.<\/li>\n<\/ul>\n<p><span style=\"color: #3366ff;\"><strong>Si est\u00e1s conduciendo:<\/strong><\/span><\/p>\n<ul>\n<li>Mantener la calma: el ruido de las chapas y cristales golpeados puede asustar.<\/li>\n<li>No frenar ni detenerse, pero reducir la velocidad ya que este tipo de fen\u00f3menos reduce el nivel de adherencia de los neum\u00e1ticos.<\/li>\n<li>Es posible que el parabrisas o la luneta trasera se puedan da\u00f1ar. De cualquier modo, los autom\u00f3viles est\u00e1n preparados para esto, con cristales laminados, por lo cual no entrar\u00e1 granizo ni cristales, sino que se trizar\u00e1.<\/li>\n<li>Tener en cuenta que el granizo suele darse en una zona concreta, por lo cual es mejor continuar el recorrido con precauci\u00f3n.<\/li>\n<\/ul>\n","protected":false},"excerpt":{"rendered":"<p>A ra\u00edz de la intensa lluvia y granizo registrados en el territorio provincial, las autoridades recuerdan a la poblaci\u00f3n que<\/p>\n","protected":false},"author":3,"featured_media":1245,"comment_status":"closed","ping_status":"closed","sticky":false,"template":"","format":"standard","meta":{"_acf_changed":false,"_seopress_robots_primary_cat":"none","_seopress_titles_title":"","_seopress_titles_desc":"","_seopress_robots_index":"","colormag_page_container_layout":"default_layout","colormag_page_sidebar_layout":"default_layout","footnotes":""},"categories":[1],"tags":[],"class_list":["post-43826","post","type-post","status-publish","format-standard","has-post-thumbnail","hentry","category-destacadas"],"acf":[],"_links":{"self":[{"href":"https:\/\/vocesparalelas.com.ar\/sitio\/wp-json\/wp\/v2\/posts\/43826","targetHints":{"allow":["GET"]}}],"collection":[{"href":"https:\/\/vocesparalelas.com.ar\/sitio\/wp-json\/wp\/v2\/posts"}],"about":[{"href":"https:\/\/vocesparalelas.com.ar\/sitio\/wp-json\/wp\/v2\/types\/post"}],"author":[{"embeddable":true,"href":"https:\/\/vocesparalelas.com.ar\/sitio\/wp-json\/wp\/v2\/users\/3"}],"replies":[{"embeddable":true,"href":"https:\/\/vocesparalelas.com.ar\/sitio\/wp-json\/wp\/v2\/comments?post=43826"}],"version-history":[{"count":1,"href":"https:\/\/vocesparalelas.com.ar\/sitio\/wp-json\/wp\/v2\/posts\/43826\/revisions"}],"predecessor-version":[{"id":43828,"href":"https:\/\/vocesparalelas.com.ar\/sitio\/wp-json\/wp\/v2\/posts\/43826\/revisions\/43828"}],"wp:featuredmedia":[{"embeddable":true,"href":"https:\/\/vocesparalelas.com.ar\/sitio\/wp-json\/wp\/v2\/media\/1245"}],"wp:attachment":[{"href":"https:\/\/vocesparalelas.com.ar\/sitio\/wp-json\/wp\/v2\/media?parent=43826"}],"wp:term":[{"taxonomy":"category","embeddable":true,"href":"https:\/\/vocesparalelas.com.ar\/sitio\/wp-json\/wp\/v2\/categories?post=43826"},{"taxonomy":"post_tag","embeddable":true,"href":"https:\/\/vocesparalelas.com.ar\/sitio\/wp-json\/wp\/v2\/tags?post=43826"}],"curies":[{"name":"wp","href":"https:\/\/api.w.org\/{rel}","templated":true}]}}