{"id":43811,"date":"2021-11-09T21:43:34","date_gmt":"2021-11-10T00:43:34","guid":{"rendered":"https:\/\/vocesparalelas.com.ar\/sitio\/?p=43811"},"modified":"2021-11-09T21:55:03","modified_gmt":"2021-11-10T00:55:03","slug":"entregaron-las-distinciones-ciudadano-ilustre-y-personalidad-destacada-de-san-juan","status":"publish","type":"post","link":"https:\/\/vocesparalelas.com.ar\/sitio\/entregaron-las-distinciones-ciudadano-ilustre-y-personalidad-destacada-de-san-juan\/","title":{"rendered":"Entregaron las distinciones \u201cCiudadano Ilustre\u201d y \u201cPersonalidad Destacada\u201d de San Juan"},"content":{"rendered":"<div class=\"itemFullText jbintrotext\">\n<p>Durante el desarrollo de la Primera Sesi\u00f3n Especial, la C\u00e1mara de Diputados otorg\u00f3 las distinciones de \u201cCiudadano Ilustre\u201d al C.P.N. Juan Puleri; a la doctora M\u00f3nica Jofr\u00e9 y, post-mortem, a la profesora Fanny Mirta Escolar de Siere; y el t\u00edtulo de \u201cPersonalidad Destacada\u201d al abogado Eduardo Polesman; y post \u2013mortem, a la escritora y poetisa Reyna Dom\u00ednguez; a la dirigente y militante Virginia Rodr\u00edguez, y al abogado, diputado provincial y juez, Julio Coll.<\/p>\n<\/div>\n<div class=\"itemFullText\">\n<p>La sesi\u00f3n estuvo conducida por el presidente del Poder Legislativo, Roberto Gattoni, acompa\u00f1ado por el secretario Legislativo, Nicol\u00e1s Alvo; y el secretario Administrativo, Roberto Iglesias. Estuvieron presentes ministros, diputados mandato cumplido y familiares de los distinguidos.<\/p>\n<p>Cabe recordar que este reconocimiento se realiza en cumplimiento de la Ley N\u00ba 868-F, con el objetivo de destacar los servicios de gran importancia y aportes en beneficio de San Juan, prestados por personalidades consagradas al estudio, profesi\u00f3n u oficio.<\/p>\n<p><span style=\"color: #800080;\"><strong>Sobre los \u00abCiudadanos Ilustres\u00bb<\/strong><\/span><\/p>\n<p><span style=\"color: #800080;\"><strong>Juan Puleri<\/strong><\/span><\/p>\n<p>En primer lugar, el cuerpo legislativo aprob\u00f3 la resoluci\u00f3n que otorga la distinci\u00f3n de \u201cCiudadano Ilustre de la provincia de San Juan\u201d al contador p\u00fablico nacional, Juan Puleri.<\/p>\n<p>La presentaci\u00f3n del homenajeado fue realizada por el diputado Rodolfo Jalife, quien expres\u00f3 que \u201cJuan Puleri es un profesional destacado que durante m\u00e1s de cincuenta a\u00f1os dedic\u00f3 su vida al servicio de la provincia, tanto desde la funci\u00f3n p\u00fablica que le toc\u00f3 desempe\u00f1ar, como as\u00ed tambi\u00e9n desde la docencia, contribuyendo a la formaci\u00f3n de muchos profesionales de Ciencias Econ\u00f3micas\u201d.<\/p>\n<p>Luego, record\u00f3 sobre su biograf\u00eda que \u201cnaci\u00f3 en Italia, pero vino a San Juan con su familia cuando ten\u00eda doce a\u00f1os. Como muchos inmigrantes, los Puleri dejaron su pa\u00eds debido a la guerra, trayendo a la Argentina como \u00fanico patrimonio, las ganas de trabajar y la fe por un mejor porvenir. Esa esperanza y ese coraje fueron suficientes, para que Juan, siendo un ni\u00f1o todav\u00eda, comenzara a trabajar en un aserradero, para ayudar a la econom\u00eda familiar\u201d.<\/p>\n<p>\u201cEn ese ambiente de esfuerzo y dedicaci\u00f3n, creci\u00f3, trabajando de d\u00eda y estudiando de noche. Consigui\u00f3 el t\u00edtulo de Perito Mercantil, que le permiti\u00f3 iniciarse en el mundo de la administraci\u00f3n. Al mismo tiempo, ese t\u00edtulo, fue la alegr\u00eda de su familia, ya que fue el \u00fanico que pudo estudiar. Y aunque no pudo seguir la carrera que deseaba, que era la Diplomacia, fue parte de la primera promoci\u00f3n de contadores de la Universidad Cat\u00f3lica de Cuyo\u201d, agreg\u00f3 el parlamentario.<\/p>\n<p>Seguidamente, coment\u00f3 que \u201ca finales de la d\u00e9cada del &#8217;50, siendo muy joven todav\u00eda, Juan Puleri comenz\u00f3 a trabajar en Rentas, cuando reci\u00e9n empezaba a conocerse la computaci\u00f3n con tarjetas perforadas. Fue uno de los primeros profesionales con estudios universitarios que lleg\u00f3 a trabajar en esa \u00e1rea, llegando a ser Jefe de Inspectores y posteriormente Jefe del Departamento Impositivo. Al cabo de unos a\u00f1os, fue adscripto al lugar en el que mejor cumplir\u00eda su misi\u00f3n, la direcci\u00f3n de Presupuesto de la Provincia. A la par que transitaba su carrera administrativa, donde se destac\u00f3 como profesional, construy\u00f3 una familia junto a Vicenta Lanzone, con quien lleg\u00f3 a tener cinco hijos. Tambi\u00e9n se destac\u00f3 como docente en la Universidad Cat\u00f3lica de Cuyo, llegando incluso a ser vicedecano de la Facultad de Ciencias Econ\u00f3micas\u201d.<\/p>\n<p>Despu\u00e9s, destac\u00f3 que \u201cel trabajo al que dedic\u00f3 su vida fue la Direcci\u00f3n de Presupuesto. All\u00ed fue donde lo dio todo, su conocimiento y su capacidad, aun cuando las \u00e9pocas no eran las mejores. Con serenidad, transit\u00f3 la misma funci\u00f3n durante gobiernos de diferentes colores pol\u00edticos, demostrando que, cuando un trabajo se hace con responsabilidad y esmero, teniendo objetivos claros, se pueden alcanzar metas exitosas. Quiero detenerme aqu\u00ed un momento, en la personalidad de Juan Puleri. Y puedo decir con certeza, que la tarea que le toc\u00f3 desempe\u00f1ar durante m\u00e1s de cinco d\u00e9cadas, no fue otra que dise\u00f1ar futuro. Porque de eso se trata un presupuesto: m\u00e1s all\u00e1 de los n\u00fameros y los c\u00e1lculos, es un enorme acto de fe en el futuro, en los proyectos y en los sue\u00f1os de crecimiento. Una impronta que, no solo mantuvo intacta a trav\u00e9s de los a\u00f1os, sino que comparti\u00f3 con todos los que trabajaron con \u00e9l, ense\u00f1ando con su ejemplo, que es la mejor manera de ense\u00f1ar algo, para que nunca m\u00e1s se olvide.<\/p>\n<p>Por \u00faltimo, el diputado Jalife sostuvo que \u201cPuleri es un hombre que no s\u00f3lo sirvi\u00f3 a la Provincia de manera impecable durante m\u00e1s de 50 a\u00f1os, sino que tuvo la generosidad de compartir lo que sabe y hacer escuela, para poner su conocimiento generaciones. a disposici\u00f3n de las siguientes. Yo tuve el honor de ser su alumno, y puedo asegurar que no s\u00f3lo aprend\u00ed de \u00e9l, los aspectos importantes de la contabilidad y las finanzas: tambi\u00e9n aprend\u00ed acerca del valor del compromiso, de la importancia de hacer bien las cosas y que la dedicaci\u00f3n con que se encara una tarea, es directamente proporcional a los resultados que se obtienen\u201d.<\/p>\n<p><span style=\"color: #800080;\"><strong>M\u00f3nica Jofr\u00e9<\/strong><\/span><\/p>\n<p>En segunda instancia, el cuerpo parlamentario aprob\u00f3 la resoluci\u00f3n que otorga la distinci\u00f3n de \u201cCiudadana Ilustre de la provincia de San Juan\u201d a la doctora, M\u00f3nica Jofr\u00e9.<\/p>\n<p>En esta oportunidad, la presentaci\u00f3n fue llevada a cabo por el diputado Gustavo Rodr\u00edguez quien manifest\u00f3 que \u201cM\u00f3nica Jofr\u00e9 se convirti\u00f3, desde el a\u00f1o pasado, en la cara visible del estado provincial en materia de salud, poni\u00e9ndole el cuerpo a una situaci\u00f3n impensada como lo fue la pandemia por COVID 19. Y lo hizo con tanto profesionalismo que hoy todos asociamos su rostro, su serenidad y su voz pausada, a esa presencia que a diario llegaba a todos los hogares a trav\u00e9s de la televisi\u00f3n, la radio y los medios digitales, para mantenernos informados\u201d.<\/p>\n<p>\u201cEs justo decir que, si para cualquiera de nosotros la incertidumbre de la pandemia fue muy dif\u00edcil de sobrellevar, para ella lo fue m\u00e1s todav\u00eda, ya que le toc\u00f3 la tarea de comunicar, un rol sobre el que nadie le hab\u00eda advertido ni preparado, como ella lo dec\u00eda en una entrevista debi\u00f3 congeniar el rol de m\u00e9dica, de t\u00e9cnica en la materia, con el de comunicadora social\u201d expres\u00f3 el legislador Rodr\u00edguez.<\/p>\n<p>Posteriormente, brind\u00f3 una rese\u00f1a de su vida y record\u00f3 que \u201cnaci\u00f3 en San Juan y que creci\u00f3 en la zona de Concepci\u00f3n, en el seno de una familia trabajadora, como la mayor de tres hermanas. Estudi\u00f3 en C\u00f3rdoba, donde se recibi\u00f3 de m\u00e9dica cirujana en el a\u00f1o 1992. Hizo su residencia en el Hospital Rawson y continu\u00f3 su especialidad en Infectolog\u00eda en el Hospital Italiano\/ Universidad de Buenos Aires. Realiz\u00f3 becas de perfeccionamiento en Canad\u00e1 y en Israel. Ya instalada en la provincia en forma definitiva, obtuvo el cargo de Jefa de Epidemiolog\u00eda en diciembre de 1999 en el ministerio de Salud P\u00fablica. En ese puesto la encontr\u00f3 la pandemia y desde all\u00ed, como quien dirige un barco en medio de la tormenta, acept\u00f3 y asumi\u00f3 la dif\u00edcil tarea de comunicar d\u00eda a d\u00eda la evoluci\u00f3n de los casos, algo que muchas veces no era una buena noticia\u201d.<\/p>\n<p>Acto seguido, agreg\u00f3 que \u201cde sus propias palabras, supimos que el desaf\u00edo de ese rol que le toc\u00f3 cumplir, la llev\u00f3 a comprender que \u00abcomunicar es ense\u00f1ar\u00bb y que esa ense\u00f1anza pod\u00eda salvar vidas. As\u00ed, el mensaje de la doctora M\u00f3nica Jofr\u00e9, sirvi\u00f3 para que todos tom\u00e1ramos conciencia de lo que estaba sucediendo y c\u00f3mo deb\u00edamos cuidarnos, si quer\u00edamos evitar una devastaci\u00f3n. Y si bien la medicina era importante, pronto entendi\u00f3 que tambi\u00e9n era importante la lucha contra la ignorancia y la mezquindad, que lejos de sumar, restaban, a la hora de dise\u00f1ar estrategias contra el virus COVID 19\u201d.<\/p>\n<p>Asimismo, a\u00f1adi\u00f3 que \u201ca la doctora Jofr\u00e9 le han tocado otras crisis en su labor como Jefa de Epidemiolog\u00eda: la epidemia de gripe A donde los que trabajamos en salud sabemos lo que eso signific\u00f3, afectando principalmente a ni\u00f1os, saturando el sistema de salud de la provincia debiendo en muchos casos derivar los peque\u00f1os pacientes a provincias vecinas. Ella siempre respondi\u00f3 no solo la consulta m\u00e9dica, indicando el tratamiento adecuado que por ese entonces, como la pandemia de COVID era totalmente desconocido para el personal de salud, sino que colaboraba para poder conseguir una cama. Tambi\u00e9n enfrent\u00f3 un brote de Sarampi\u00f3n en el a\u00f1o 2000, un brote de Meningitis en 2015 y otro de Botulismo\u201d.<\/p>\n<p>Por \u00faltimo, concluy\u00f3 que \u201cla manera de hacer frente a la situaci\u00f3n fue el trabajo en equipo. Y la doctora Jofr\u00e9 lo sab\u00eda, porque ya hab\u00eda puesto en marcha su propio equipo de trabajo, a quienes supo estimular y alentar para la crisis. Nada de esto hubiera sido posible si M\u00f3nica Jofr\u00e9, Jefa de Epidemiolog\u00eda del ministerio de salud de la Provincia de San Juan, pero por sobre todas las cosas medica de vocaci\u00f3n, no hubiera puesto como herramienta al servicio de la comunidad un rasgo que la distingue, una caracter\u00edstica que, sumada al profesionalismo, la convierten en una parte vital de un sistema de salud que a diario busca mejorar. Humanidad que la convierte en imprescindible y al mismo tiempo, en ejemplo de c\u00f3mo hay que hacer las cosas, poniendo lo mejor de s\u00ed, y sin olvidar que en cada palabra que se comunica, se est\u00e1 hablando de personas y no solamente de n\u00fameros o estad\u00edsticas. La doctora M\u00f3nica Jofr\u00e9 es mucho m\u00e1s que la comunicadora que nos llama a la reflexi\u00f3n y nos invita a cuidarnos, es el s\u00edmbolo de un estado que se preocupa por la gente, por el cuidado de la salud y por la prevenci\u00f3n\u201d.<\/p>\n<p><span style=\"color: #800080;\"><strong>Fanny Escolar de Siere (post \u2013mortem)<\/strong><\/span><\/p>\n<p>Acto seguido, la C\u00e1mara de Diputados distingui\u00f3 como \u201cCiudadana Ilustre de la provincia de San Juan\u201d a la profesora Fanny Mirta Escolar de Siere por su destacada labor en el arte y la cultura de San Juan. La presentaci\u00f3n de la homenajeada (post- mortem) estuvo a cargo del legislador Sergio Miodowsky, quien expres\u00f3 que \u201cno es f\u00e1cil encontrar las palabras para hablar de alguien como Fanny, quien precisamente hizo de las letras uno de sus dominios. El otro \u00e1mbito natural para ella fue la pintura, y tanto en uno como en otro espacio se expres\u00f3 ampliamente, trascendiendo las fronteras de la provincia y tambi\u00e9n del pa\u00eds, por su creatividad singular y su particular forma art\u00edstica\u201d.<\/p>\n<p>\u201cComenzar\u00e9 por decir que, aunque naci\u00f3 en Buenos Aires. Vino a San Juan muy joven, echando ra\u00edces en esta tierra donde luego se form\u00f3 y ciment\u00f3 una gran familia. Con ojos nuevos, Fanny vio un San Juan que la potenci\u00f3 y la hizo florecer como artista. Ella, que hab\u00eda venido al mundo cuando los horrores de la guerra sembraban dolor y destrucci\u00f3n. Encontr\u00f3 en su nuevo destino la semilla que dar\u00eda lugar, ya en la adultez, a la creadora incansable y a la mujer comprometida con su presente, en cada lugar donde le toc\u00f3 brillar\u201d, indic\u00f3 el diputado.<\/p>\n<p>Seguidamente, agreg\u00f3 que \u201cnada fue casual en la vida de Fanny. Primero fue Maestra Normal Nacional, una profesi\u00f3n en que la cercan\u00eda con la ense\u00f1anza le hizo comprender la nobleza de la docencia como carrera.\u00a0 Fue por ello que luego se recibi\u00f3 de profesora de Castellano, Literatura y lat\u00edn, tomando de los grandes cl\u00e1sicos las inevitables preguntas sobre la existencia, el amor a la tierra, el respeto por la naturaleza, que luego poblaron sus poemas y relatos. Durante 34 a\u00f1os, Fanny se dedic\u00f3 a dar vida a trav\u00e9s de la docencia, al tiempo que, con su obra y su presencia, hac\u00eda importantes contribuciones a la construcci\u00f3n colectiva de su comunidad, en la Sociedad Israelita de Beneficencia\u201d.<\/p>\n<p>\u201cLa familia, esa que supo construir junto a Bernardo Siere, es su mayor legado. Sus hijos, Leonardo Mario y Gerardo Andr\u00e9s, tomaron de ella el amor por el arte y la vocaci\u00f3n de servicio. Un servicio que siempre estuvo enfocado a la cultura, bien supremo que Fanny protegi\u00f3 no solamente a trav\u00e9s de sus propias obras, sino tambi\u00e9n en la puesta en valor de otros artistas. Por esa raz\u00f3n, particip\u00f3 en numerosas agrupaciones dedicadas a la difusi\u00f3n de la cultura en sus m\u00e1s variadas expresiones, como la Sociedad Argentina de Escritores, Refugio, Ateneo Cruz del Sur, y por supuesto, la Sociedad Israelita de Beneficencia\u201d se\u00f1al\u00f3 el parlamentario.<\/p>\n<p>Luego, a\u00f1adi\u00f3 \u201cy cuando el \u00e1rbol ya estuvo crecido, la semilla que Fanny hab\u00eda sembrado en su coraz\u00f3n, comenz\u00f3 a dar sus mejores frutos. El paisaje sanjuanino, ese que hizo suyo cuando se instal\u00f3 aqu\u00ed, fue motivo de muchas de sus obras. En la poes\u00eda y la narrativa, tuvo la versatilidad de escribir para ni\u00f1os y para adultos, siendo habitual su presencia en los medios de comunicaci\u00f3n locales. Public\u00f3 dos libros propios y apareci\u00f3 en numerosas antolog\u00edas. Obtuvo premios en importantes cert\u00e1menes literarios dentro y fuera de San Juan, llegando a ser conocida incluso en Espa\u00f1a. Como dramaturga, fue autora de obras teatrales y mon\u00f3logos, que fueron representados en escenarios sanjuaninos\u201d.<\/p>\n<p>Por \u00faltimo, el diputado Miodowsky enfatiz\u00f3 que \u201csu obra como artista pl\u00e1stica no fue menos importante. Realiz\u00f3 muestras individuales y colectivas y obtuvo premios en Miami, Espa\u00f1a, Brasil, Nueva York, entre otras ciudades. Tanto en pintura tradicional como digital, puso en juego la creatividad que la habitaba, siendo conocida por su talento en todo el pa\u00eds. Cuando en agosto pasado nos lleg\u00f3 la triste noticia de su muerte, no s\u00f3lo perdimos a una gran artista. La sociedad sanjuanina perdi\u00f3 a una gran mujer, que sab\u00eda lo importante que es el arte y la cultura para una comunidad, y que por ello se convirti\u00f3 en una eficaz gestora cultural, contribuyendo a despertar vocaciones entre los m\u00e1s j\u00f3venes. De los muchos atributos que adornaron su vida, creo que la sensibilidad es el m\u00e1s destacado. Fanny siempre tuvo los ojos bien abiertos a la belleza, pero reconociendo que las dualidades son parte de la vida. Por eso, lejos de ocultar esa sensibilidad, la cultiv\u00f3 con creces, dej\u00e1ndonos a trav\u00e9s de sus obras, una mirada realista y esperanzada del mundo que nos rodea.Finalmente, creo que la principal raz\u00f3n de esta propuesta se puede sintetizar en una frase: la: generosidad de una mujer como Fanny, que eligi\u00f3 crear, en un mundo donde el arte no siempre es valorado. Que eligi\u00f3 poner su ser y su talento al servicio de sus pares. Y que, sobre todas las cosas, vivi\u00f3 la vida con autenticidad, coherencia y alegr\u00eda\u201d.<\/p>\n<p><span style=\"color: #800080;\"><strong>Sobre las \u00abPersonalidades Destacadas\u201d<\/strong><\/span><\/p>\n<p><span style=\"color: #800080;\"><strong>Eduardo Posleman<\/strong><\/span><\/p>\n<p>M\u00e1s tarde, la Legislatura aprob\u00f3 la resoluci\u00f3n que otorga la distinci\u00f3n de \u00abPersonalidad Destacada de la Provincia de San Juan\u201d al abogado y dirigente hist\u00f3rico del Partido Bloquista, Eduardo Posleman.<\/p>\n<p>En esta oportunidad, hizo la presentaci\u00f3n del homenajeado el diputado Andr\u00e9s Chanampa quien expres\u00f3 que \u201cpara conocer la trayectoria de Eduardo Alfredo P\u00f3sleman como hombre de la pol\u00edtica, es necesario ir varias d\u00e9cadas hacia atr\u00e1s, cuando, siendo un ni\u00f1o, acompa\u00f1aba a su padre, el Dr. Azad P\u00f3sleman, un destacado m\u00e9dico de nuestro medio, amigo personal de los hermanos Cantoni y s\u00f3lido militante del partido de la estrella, a las reuniones del Comit\u00e9 Central\u201d.<\/p>\n<p>\u201cEsta temprana vinculaci\u00f3n con la pr\u00e1ctica pol\u00edtica, sin duda lo marc\u00f3 a fuego, ya que, con solo diez a\u00f1os, comenz\u00f3 a escuchar los discursos y debates apasionados de los fundadores de lo que luego ser\u00eda el Partido Bloquista, sin saber quiz\u00e1, lo que le iba a deparar el destino. Ese debi\u00f3 ser el \u00e1mbito en el que el doctor P\u00f3sleman dio sus primeros pasos, aprendiendo sobre c\u00f3mo la pol\u00edtica puede ser una herramienta al servicio del pueblo. Por eso, ya recibido de abogado en la Universidad Nacional de C\u00f3rdoba en 1969, regres\u00f3 a San Juan y comenz\u00f3 a militar activamente en el Partido Bloquista\u201d a\u00f1adi\u00f3 el legislador.<\/p>\n<p>Posteriormente, record\u00f3 que \u201centre los a\u00f1os 73 al 76, el Comit\u00e9 Central le asigna la tarea de reorganizar y formar los cuadros org\u00e1nicos de la Juventud Bloquista, tarea que cumple satisfactoriamente y le permite ser electo presidente de la Juventud. En los \u00faltimos 3 a\u00f1os de la dictadura, se hab\u00eda iniciado en el pa\u00eds un proceso muy leve de transici\u00f3n en las provincias de Corrientes, Neuqu\u00e9n y San Juan, relevando a gobernadores militares y dando paso a civiles donde actuaban partidos provinciales con fuerte arraigo electoral. Los ideales del pujante Partido Bloquista se convirtieron en un objetivo de vida para Eduardo P\u00f3sleman. Siempre al servicio de su partido, entendi\u00f3 que deb\u00eda estar all\u00ed donde m\u00e1s se lo necesitara. As\u00ed, en julio de 1981 el Gobernador Javier Rodr\u00edguez Castro lo designa director del Banco San Juan, desde donde pudo tomar contacto directo con la realidad econ\u00f3mica y financiera de la provincia y de los sanjuaninos\u201d.<\/p>\n<p>\u201cM\u00e1s tarde, en diciembre de 1982, siendo ministro de Gobierno, Leopoldo Bravo, el l\u00edder Bloquista deja su cargo para organizar al partido y pide que nombren a Eduardo P\u00f3sleman gobernador interino de la Provincia, con la importante misi\u00f3n de convocar a elecciones democr\u00e1ticas y realizar la transici\u00f3n manera ordenada. Hab\u00eda que garantizar las condiciones para la reactivaci\u00f3n de los partidos pol\u00edticos en vista a las pr\u00f3ximas elecciones. Eran tiempos de mucha actividad, con los partidos retomando su militancia luego de la dictadura. Las elecciones de octubre de 1983 se realizaron en orden y paz social en San Juan, resultando electo como gobernador Leopoldo Bravo. No era sencillo gobernar, pero justamente por su temple, demostrado en la convocatoria a elecciones y su lealtad al Partido Bloquista, Leopoldo Bravo designa a Eduardo P\u00f3sleman nuevamente como ministro de Gobierno de la Provincia\u201d agreg\u00f3 el diputado.<\/p>\n<p>Luego, se\u00f1al\u00f3 que \u201clas fuerzas pol\u00edticas de la democracia requer\u00edan una nueva Constituci\u00f3n Provincial y all\u00ed tambi\u00e9n P\u00f3sleman puso su saber y su experiencia al servicio, cuando fue elegido Convencional Constituyente en 1986, siendo uno de los cuatro constituyentes del Partido Bloquista. Y al a\u00f1o siguiente, con una carrera ya consolidada, fue electo diputado provincial, entre 1987 y 1989. El repentino fallecimiento del senador Francisco Gil requiri\u00f3 una vez m\u00e1s de Eduardo P\u00f3sleman. Le toc\u00f3 reemplazarlo en el Senado de la Naci\u00f3n desde febrero de 1989 hasta diciembre de 1992, siendo uno de los \u00faltimos senadores electos por esta C\u00e1mara de Diputados. En ese lugar, volvi\u00f3 a demostrar su profunda convicci\u00f3n de ser leal tanto a los ideales del Partido Bloquista como a las necesidades de su provincia\u201d.<\/p>\n<p>\u201cAquella impronta que adquiri\u00f3 a tan temprana edad y que lo perfil\u00f3 como uno de los hombres fundamentales del Partido Bloquista, qued\u00f3 de manifiesto con los distintos cargos que ocup\u00f3 dentro de la estructura partidaria. Desde aquella presidencia de la Juventud, hasta la vicepresidencia primera del partido, pasando tambi\u00e9n por el cargo de secretario. En cada lugar donde le toc\u00f3 estar, siempre puso su voz reflexiva a favor del di\u00e1logo y el consenso, contribuyendo a consolidar no s\u00f3lo la presencia del partido sino su propia presencia, como uno de los referentes del Bloquismo. Siempre austero y trabajador, contin\u00faa hasta el d\u00eda de hoy atendiendo al p\u00fablico en su estudio jur\u00eddico de la calle Santa Fe a pasos de calle Mendoza. Su mirada y sus palabras se encienden cada vez que habla de la gran pasi\u00f3n de su vida: la actividad pol\u00edtica. Con gran humildad, a sus 81 a\u00f1os se define a s\u00ed mismo, como \u201cun pe\u00f3n de la democracia\u201d un hombre que dedic\u00f3 su vida al servicio p\u00fablico y se siente en paz, por que cumpli\u00f3 con las dif\u00edciles misiones que le fueron encomendadas\u201d, finaliz\u00f3 sus palabras el diputado Andr\u00e9s Chanampa.<\/p>\n<p><span style=\"color: #800080;\"><strong>Reyna Dom\u00ednguez (post \u2013mortem)<\/strong><\/span><\/p>\n<p>A continuaci\u00f3n, el cuerpo parlamentario aprob\u00f3 la resoluci\u00f3n de la distinci\u00f3n que nombra \u00abPersonalidad Destacada de la Provincia de San Juan\u00bb, post mortem, a la escritora y poeta Reyna Dom\u00ednguez. Sobre ella habl\u00f3 el diputado Horacio Quiroga, quien se\u00f1al\u00f3 que \u201ctodos la conocimos como Reyna Dominguez, pero su nombre real, civil, legal fue Mar\u00eda Reyna Gonz\u00e1lez Dom\u00ednguez, hija de Rafael Gonz\u00e1lez Amaya y de Luisa Dom\u00ednguez. Hoy el pueblo de San Juan, a trav\u00e9s nuestro, la declarar\u00e1 ciudadana destacada. Una de las razones, es por su poes\u00eda\u201d.<\/p>\n<p>Seguidamente, agreg\u00f3 que \u201chay otras Reyna que son necesario nombrar: Una, es artista de teatro y de la interpretaci\u00f3n, trabaj\u00f3 con los mejores directores que vinieron a San Juan L\u00f3pez Pertierra, Pedro Asquini, el alem\u00e1n Dr. (en teatro Klaus Hossa); tambi\u00e9n con Carmen Renard y Oscar Kummel. Tambi\u00e9n dict\u00f3 clases y fue convocada a diferentes actos para poner su voz en poemas o textos pertinentes al acto de ocasi\u00f3n. Otra Reyna fue locutora en canal 8 y periodista en Radio Col\u00f3n, Radio Sarmiento y en Radio Nacional; en Nacional, adem\u00e1s, fue conductora de varios programas. Algunos hasta hoy recordados, el primer programa feminista que hubo en San Juan que se llam\u00f3 \u00abAlfonsina y el Dial\u00bb.<\/p>\n<p>\u201cOtra Reyna fue Profesora Universitaria de Filosof\u00eda y Pedagog\u00eda. Tambi\u00e9n fue muchos a\u00f1os profesora en el nivel medio de lengua y literatura. Hubo otra Reyna intelectual y critica cultural que public\u00f3 cientos de art\u00edculos en semanarios de San Juan y en revistas de Buenos Aires, Chile, Colombia, M\u00e9xico. Hubo una Reyna activista cultural, qu\u00e9 particip\u00f3 de plurales grupos para la promoci\u00f3n en distintas \u00e9pocas. Adem\u00e1s, por cuenta propia, trajo a San Juan a importantes poetas, cr\u00edticos y editores, y ponerlos en contacto con el p\u00fablico y con los artistas locales. Algunas, las poetas Diana Bellessi, y Juana Bignozi, y el editor Jos\u00e9 Luis Mageri\u201d, record\u00f3 el legislador Horacio Quiroga.<\/p>\n<p>Acto seguido, a\u00f1adi\u00f3 que \u201chay otra Reyna militante feminista de avanzada, que en el a\u00f1o 1977 funda con otras compa\u00f1eras el Centro de Estudios para la Mujer Cecilia Grierson. Y otra m\u00e1s, militante social. Desde muy jovencita, en los a\u00f1os 60 trabajando en villas, hospitales y barrios pobres en los movimientos cristianos que dirig\u00edan sacerdotes de la teolog\u00eda de la liberaci\u00f3n. Estos dos perfiles los practic\u00f3 siempre, m\u00e1s all\u00e1 de pertenencias institucionales. Lo hizo desde el periodismo, lo hizo siendo profesora en una escuela nocturna donde concurr\u00edan j\u00f3venes muy pobres, muchas veces cercanos a la droga, a los abusos, a la violencia que ella trataba de proteger y contener mucho m\u00e1s all\u00e1 de sus obligaciones como docente. Y lo hizo desde la pol\u00edtica tanto el activismo feminista como el social. Porque tambi\u00e9n fue una militante pol\u00edtica. En la primera mitad de los 70, de estuvo cerca de la juventud peronista\u201d.<\/p>\n<p>Luego, coment\u00f3 que \u201cen la segunda mitad, ya en dictadura, milit\u00f3 en forma independiente o con grupos muy minoritarios y reservados, colaborando con los familiares de los detenidos, usando alguna relaci\u00f3n con la iglesia para encontrar alg\u00fan abogado, e incluso escondiendo en su casa alg\u00fan perseguido por la dictadura. En la d\u00e9cada del 80 se afili\u00f3 a la UCR y milit\u00f3 en el alfonsinismo. Al poco tiempo que asumiera la Presidencia Ra\u00fal Alfons\u00edn dej\u00f3 la militancia activa, porque dec\u00eda que a ella le interesaba el retorno de la democracia y no la pelea por los cargos. Aunque retom\u00f3 en parte esa militancia participando muy activamente en las movilizaciones de semana santa y de los otros intentos desestabilizadores. En los 2000 De La R\u00faa, le ofreci\u00f3 la Direcci\u00f3n Nacional de la CONABIP, pero no la acept\u00f3. Aquel gobierno de la Alianza la alej\u00f3 del radicalismo. Durante el kirchnerismo, casi desde el principio manifest\u00f3 su simpat\u00eda y cercan\u00eda para con el gobierno, cuando asumi\u00f3 Cristina se integr\u00f3 a un grupo que se denomin\u00f3 \u00abPoetas con Cristina\u00bb. Aunque la militancia real y m\u00e1s plena la retom\u00f3 reci\u00e9n en el 2016 por la enorme preocupaci\u00f3n que le generaba la instalaci\u00f3n del neoliberalismo, y decidi\u00f3 que en sus \u00faltimos a\u00f1os val\u00eda la pena hacer algo m\u00e1s que protestar en la casa. Cofund\u00f3 con su compa\u00f1ero de vida, el Movimiento Nacional Alfonsinista y entr\u00f3 de lleno en Unidad Ciudadana, en la que permaneci\u00f3. Unos d\u00edas antes de fallecer quiso dejar testimonio de su pertenencia al movimiento nacional y popular y junto con sus compa\u00f1eros de la agrupaci\u00f3n se afili\u00f3 al Frente Grande\u201d.<\/p>\n<p>\u201cSin embargo, la Reyna Dom\u00ednguez m\u00e1s conocida es la poeta. Lo fue desde que ten\u00eda 9 a\u00f1os, a los 12 recibi\u00f3 el aliento y la aprobaci\u00f3n de Don Antonio de la Torre. De muy joven gan\u00f3 varios premios. En San Juan prolog\u00f3 varios libros, present\u00f3 a muchos otros, dict\u00f3 charlas e integr\u00f3 paneles de debates, realiz\u00f3 cientos de lecturas en toda la provincia, fue jurado en varios concursos, por ejemplo, lo fue tres veces en concursos que organizo esta C\u00e1mara. En Buenos Aires, en diferentes provincias argentinas y en Chile represent\u00f3 a San Juan en m\u00faltiples ferias y encuentros, en lecturas y conferencias. Tambi\u00e9n fue jurado nacional, el ultimo hace dos a\u00f1os en el concurso de novelas del Concejo Federal de Inversiones. Por su actividad como poeta recibi\u00f3 m\u00faltiples distinciones, fue declarada mujer del a\u00f1o, Ciudadana Ilustre por la Municipalidad de Capital. La C\u00e1mara de Diputados declar\u00f3 de inter\u00e9s provincial la publicaci\u00f3n de su \u00faltimo libro\u201d, concluy\u00f3 el diputado Quiroga.<\/p>\n<p><span style=\"color: #800080;\"><strong>Virginia Rodr\u00edguez (post \u2013mortem)<\/strong><\/span><\/p>\n<p>M\u00e1s tarde, la Legislatura aprob\u00f3 la resoluci\u00f3n que declara \u00abPersonalidad Destacada de la Provincia de San Juan\u00bb, post mortem, a la arquitecta Virginia Rodr\u00edguez.<\/p>\n<p>En esta ocasi\u00f3n, la presentaci\u00f3n estuvo a cargo de la diputada Celina Ramella quien record\u00f3 que Virginia naci\u00f3 en San Juan, dentro de una familia amorosa de quien ella misma afirmaba que hered\u00f3 el optimismo, la esperanza y la confianza en que todo lo malo se puede transformar. Su madre daba clases de apoyo escolar a los chicos del barrio y tanto ella como su pap\u00e1 le inculcaron el valor de la lectura, la educaci\u00f3n, la independencia econ\u00f3mica siendo mujer, adem\u00e1s de la empat\u00eda. Es muy probable que esa misma afirmaci\u00f3n sea la que la mantuvo viva y l\u00facida durante los largos a\u00f1os de detenci\u00f3n, durante la dictadura militar, porque hizo de ello su raz\u00f3n de vivir\u201d.<\/p>\n<p>Seguidamente sostuvo que \u201cLa se\u00f1ora Virginia Rodr\u00edguez, t\u00edtulo que no se obtiene en una universidad, detr\u00e1s de una apariencia menuda y dulce, escond\u00eda una mujer firme y con pura energ\u00eda, de ojos transparentes y mirada decidida; fue una mujer inmensa, militante de la vida, de los derechos humanos y de la justicia social. Fue detenida en la madrugada del 1\u00b0 de febrero de 1976. La arrancaron de su casa, junto a su esposo y compa\u00f1ero de lucha, Oscar Acosta y su peque\u00f1o hijo. Por entonces, ambos militaban en la Juventud Peronista de Concepci\u00f3n y ella trabajaba como docente y hab\u00eda sido integrante de la Secretar\u00eda T\u00e9cnica de la Gobernaci\u00f3n de San Juan, una oficina que, entre otras cosas, se encarg\u00f3 de la planificaci\u00f3n de lo que ser\u00edan los diques de Ullum y Cuesta del Viento\u201d.<\/p>\n<p>\u201cEstuvo siete a\u00f1os detenida, primero en la Alcaid\u00eda de Mujeres y despu\u00e9s en la c\u00e1rcel de Devoto. Pero esos siete a\u00f1os de encierro injustificado, lejos de dejar en ella dureza, resentimiento o bronca, sacaron a la luz lo mejor de su esencia. Al salir en libertad, junto con la vuelta de la democracia, puso tanto su saber como su experiencia, al servicio de la justicia y la libertad, buscando trascender en sus acciones. En Virginia, permanec\u00edan intactos los ideales de construir un mundo mejor, pero hacerlo en forma colectiva, cada uno desde el lugar que hubiera elegido. As\u00ed como tom\u00f3 de sus padres la ense\u00f1anza de la solidaridad y el amor, ella misma aseguraba que la educaci\u00f3n p\u00fablica, a lo largo de su vida, le dio el sentido de que el otro es alguien como yo, que puede pensar diferente, pero con quien puedo compartir y sentir empat\u00eda\u201d, a\u00f1adi\u00f3 la diputada Ramella.<\/p>\n<p>\u201cSiempre sostuvo que la universidad p\u00fablica deb\u00eda estar al servicio de la gente. All\u00ed estudi\u00f3 arquitectura y ciment\u00f3 su profundo sentido de responsabilidad social: ayudar a encontrar soluciones para los problemas de la sociedad y retribuir de alg\u00fan modo, lo recibido. Por esa raz\u00f3n, sus primeras inquietudes como arquitecta estuvieron orientadas a encontrar la manera de que el dise\u00f1o contribuyera a hacer construcciones m\u00e1s seguras, en una provincia con alto riesgo s\u00edsmico como es San Juan. En cada lugar en que trabaj\u00f3, como docente, como investigadora y como profesional de la arquitectura, fue una militante en todo el sentido de la palabra. Desde aquel lejano barrio Cabot en el que ayudaba con tareas comunitarias, hasta los talleres verticales de la Facultad, tuvo en claro que la \u00fanica manera de construir un mundo mejor era empezar por los m\u00e1s pobres, por los m\u00e1s vulnerables. Y eso, era altamente peligroso para los privilegiados y los intolerantes, como ella misma contaba. Pero eso, lejos de amedrentarla, le dio la fuerza para seguir y para confirmar que, en un proyecto de pa\u00eds, todos deben tener un lugar digno para vivir y desarrollarse\u201d.<\/p>\n<p>\u201cLa lucha por los derechos humanos, fue el camino que eligi\u00f3 para seguir militando y lo hizo hasta el \u00faltimo d\u00eda de su vida. Trabaj\u00f3 con fervor en la Coordinadora de Derechos Humanos de la Provincia de San Juan, coordinando las acciones en defensa de los derechos humanos, acompa\u00f1ando y ayudando a los otros en los juicios por delitos de lesa humanidad. Manteniendo en marcha las acciones que sirvan a la iniciativa de \u00abMemoria, Verdad y Justicia\u00bb. Incluso, apoy\u00f3 a Carlos, un nieto recuperado, quien la define como \u201cla madre de los derechos humanos\u201d; \u00e9l tuvo que intervenir en el juicio por su apropiaci\u00f3n indebida en Buenos Aires:\u00a0 Virginia organiz\u00f3 con sus compa\u00f1eras de la prisi\u00f3n de Devoto, para que Carlos se sintiera contenido y apoyado durante la tramitaci\u00f3n del juicio. Su ense\u00f1anza y su ejemplo constituyen, sin duda alguna, la hoja de ruta para las generaciones siguientes, para todos aquellos que creemos, como Virginia, que no hay proyecto de pa\u00eds posible si no hay lugar para todas y todos\u201d concluy\u00f3 la legisladora.<\/p>\n<p><strong><span style=\"color: #800080;\">Julio Coll (post \u2013mortem)<\/span><\/strong><\/p>\n<p>En \u00faltima instancia, la C\u00e1mara de Diputados aprob\u00f3 la resoluci\u00f3n que otorga la distinci\u00f3n de \u00abPersonalidad Destacada de la Provincia de San Juan\u00bb, post mortem, al abogado a Julio Coll, quien contribuy\u00f3 al di\u00e1logo pol\u00edtico entre el Poder Legislativo de San Juan y el Consejo Regional de Coquimbo, Chile, en defensa del proyecto del Corredor Bioce\u00e1nico por Agua Negra.<\/p>\n<p>En esta ocasi\u00f3n, fue le\u00eda un mensaje de salutaci\u00f3n por parte del Consejo Regional de Coquimbo. Luego, el legislador Juan Carlo Abarca realiz\u00f3 la presentaci\u00f3n de la biograf\u00eda del homenajeado. \u201cEs un honor hacer uso de la palabra para poner a consideraci\u00f3n de esta C\u00e1mara la propuesta de otorgar la distinci\u00f3n Personalidad Destacada de la provincia de San Juan, post mortem, al diputado mandato cumplido Julio Coll\u201d.<\/p>\n<p>Posteriormente, dijo que \u201cFue un hombre que dio testimonio en este recinto, de su vocaci\u00f3n de servicio, ejerciendo cabalmente el mandato constitucional que le otorgaron las urnas, como representante del pueblo de San Juan. Fue un apasionado militante peronista, excelente legislador, fiel int\u00e9rprete de la voluntad del pueblo sanjuanino, que llev\u00f3 muy alto el prestigio de este Poder Legislativo y la defensa de los intereses de la provincia. Defendi\u00f3 en este recinto, en Chile y en Brasil un proyecto trascendente para San Juan, como es el corredor bioce\u00e1nico por el paso de Agua Negra\u201d.<\/p>\n<p>Luego, record\u00f3 que \u201cJulio Coll naci\u00f3 en San Juan, el 22 de julio de 1953. Realiz\u00f3 su carrera de abogado en la Universidad Nacional del Litoral, donde forj\u00f3 una s\u00f3lida militancia en la juventud peronista, gradu\u00e1ndose a fines de los a\u00f1os 70. De regreso a su tierra natal, ejerci\u00f3 su profesi\u00f3n de manera independiente. Tambi\u00e9n aport\u00f3 su experiencia y capacidad en la vida social y pol\u00edtica. En 2003 inicia una brillante actuaci\u00f3n como diputado en esta C\u00e1mara integr\u00e1ndola por dos per\u00edodos legislativos consecutivos\u201d.<\/p>\n<p>\u201cFue un legislador abierto al di\u00e1logo y muy laborioso. \u00a0Una gran cantidad de leyes sancionadas tienen su impronta. Fue un hombre de consulta, que siempre compart\u00eda su conocimiento y experiencia. Luego de la firma del tratado de Maip\u00fa entre las presidentas de argentina y chile, Julio Coll, trabaj\u00f3 activamente para la creaci\u00f3n de la Comisi\u00f3n de Di\u00e1logo Pol\u00edtico integrada por representantes de la C\u00e1mara de Diputados de San Juan y el Consejo Regional de Coquimbo, Chile. Siendo elegido por unanimidad, como primer presidente.\u00a0 En 2009 fue electo presidente del bloque Argentino de la Uni\u00f3n de Parlamentarios Sudamericanos del Mercosur. Cultiv\u00f3 un profundo amor por nuestras tradiciones. Durante siete a\u00f1os integr\u00f3 las cabalgatas del cruce de los andes por la ruta sanmartiniana.\u00a0 Por su personalidad supo cosechar, numerosas amistades con personas de distintos pa\u00edses\u201d.<\/p>\n<p>\u201cJulio Coll desempe\u00f1\u00f3 el cargo de fiscal de estado adjunto y el de juez de c\u00e1mara en el fuero laboral. Su alto concepto de la vida y el respeto hacia las personas, dentro y fuera de la actividad pol\u00edtica, lo distinguieron siempre como un gran articulador. Promovio la conformaci\u00f3n de un espacio denominado \u201cDiputados del Bicentenario\u201d en alusi\u00f3n a quienes fuimos legisladores al conmemorarse el nacimiento de la patria. Muchos de ellos se encuentran presentes hoy en el recinto, se\u00f1or presidente\u201d, coment\u00f3 el parlamentario Juan Carlos Abarca.<\/p>\n<p>\u201cSu presencia en esta sesi\u00f3n, significa el mejor homenaje a Julio Coll, a esta C\u00e1mara de Diputados y a la actividad pol\u00edtica. Julio fue un luchador incansable. Nos dej\u00f3 f\u00edsicamente el a\u00f1o pasado, pero su legado est\u00e1 intacto en el coraz\u00f3n de su familia y de quienes, disfrutamos de su amistad\u201d, concluy\u00f3 Abarca.<\/p>\n<p>Una vez aprobadas todas las resoluciones del orden del d\u00eda, fue llevada a cabo la entrega de Diplomas de Honor por parte del vicegobernador junto a los legisladores titulares de los diferentes bloques que conforman la C\u00e1mara de Diputados.<\/p>\n<p><span style=\"color: #800080;\"><strong>Detalles de la Ley N\u00ba 868-F<\/strong><\/span><\/p>\n<p>La normativa instaura, por un lado, que el t\u00edtulo de \u201cCiudadano Ilustre de la provincia de San Juan\u201d podr\u00e1 ser otorgado a personalidades nacidas en San Juan o que hayan residido en ella durante diez a\u00f1os y que se hayan destacado por su obra o por su trayectoria en forma sobresaliente, cumplida en el campo de la pol\u00edtica, de la ciencia, de la cultura, del deporte o en defensa de los derechos sostenidos en la Constituci\u00f3n Provincial. Esta distinci\u00f3n consistir\u00e1 en una medalla alusiva en cuyo reverso llevar\u00e1 impreso el Escudo Oficial de la Provincia de San Juan, y un Diploma de Honor que lo acredite con copia de la norma legal pertinente. S\u00f3lo podr\u00e1n ser otorgadas un m\u00e1ximo de tres distinciones anuales.<\/p>\n<p>Por otro lado, la distinci\u00f3n \u00abPersonalidad Destacada de la Provincia de San Juan\u00bb ser\u00e1 otorgada por servicios de gran importancia prestados a la Provincia en el campo de su actividad pol\u00edtica, cient\u00edfica, sindical, empresarial, religiosa, period\u00edstica o cultural y que presume la inventiva, la abnegaci\u00f3n o la trayectoria distinguida del honrado. Consiste en un Diploma de Honor que la acredite y copia de la norma legal pertinente. En este caso, s\u00f3lo podr\u00e1n ser otorgadas un m\u00e1ximo de cinco distinciones anuales.<\/p>\n<p>Es importante se\u00f1alar que la entrega de estas distinciones, seg\u00fan la Ley N\u00ba 868-F, se efect\u00faa en una Sesi\u00f3n Especial durante la semana de la Fundaci\u00f3n de San Juan que comprende el 13 de junio de cada a\u00f1o, pero por el aislamiento social obligatorio, en el marco de la pandemia, fue suspendida. Luego, con el mejoramiento de la situaci\u00f3n sanitaria y la apertura a las diversas actividades fue reprogramada su fecha de realizaci\u00f3n.<\/p>\n<\/div>\n<p><img loading=\"lazy\" decoding=\"async\" class=\"alignnone wp-image-43813 size-large\" src=\"https:\/\/vocesparalelas.com.ar\/sitio\/wp-content\/uploads\/2021\/11\/ILUSTRE-01-800x302.jpg\" alt=\"\" width=\"800\" height=\"302\" srcset=\"https:\/\/vocesparalelas.com.ar\/sitio\/wp-content\/uploads\/2021\/11\/ILUSTRE-01-800x302.jpg 800w, https:\/\/vocesparalelas.com.ar\/sitio\/wp-content\/uploads\/2021\/11\/ILUSTRE-01-300x113.jpg 300w, https:\/\/vocesparalelas.com.ar\/sitio\/wp-content\/uploads\/2021\/11\/ILUSTRE-01-768x290.jpg 768w, https:\/\/vocesparalelas.com.ar\/sitio\/wp-content\/uploads\/2021\/11\/ILUSTRE-01.jpg 1023w\" sizes=\"auto, (max-width: 800px) 100vw, 800px\" \/><\/p>\n<p>&nbsp;<\/p>\n","protected":false},"excerpt":{"rendered":"<p>Durante el desarrollo de la Primera Sesi\u00f3n Especial, la C\u00e1mara de Diputados otorg\u00f3 las distinciones de \u201cCiudadano Ilustre\u201d al C.P.N.<\/p>\n","protected":false},"author":3,"featured_media":43817,"comment_status":"closed","ping_status":"closed","sticky":false,"template":"","format":"standard","meta":{"_acf_changed":false,"_seopress_robots_primary_cat":"none","_seopress_titles_title":"","_seopress_titles_desc":"","_seopress_robots_index":"","colormag_page_container_layout":"default_layout","colormag_page_sidebar_layout":"default_layout","footnotes":""},"categories":[1],"tags":[],"class_list":["post-43811","post","type-post","status-publish","format-standard","has-post-thumbnail","hentry","category-destacadas"],"acf":[],"_links":{"self":[{"href":"https:\/\/vocesparalelas.com.ar\/sitio\/wp-json\/wp\/v2\/posts\/43811","targetHints":{"allow":["GET"]}}],"collection":[{"href":"https:\/\/vocesparalelas.com.ar\/sitio\/wp-json\/wp\/v2\/posts"}],"about":[{"href":"https:\/\/vocesparalelas.com.ar\/sitio\/wp-json\/wp\/v2\/types\/post"}],"author":[{"embeddable":true,"href":"https:\/\/vocesparalelas.com.ar\/sitio\/wp-json\/wp\/v2\/users\/3"}],"replies":[{"embeddable":true,"href":"https:\/\/vocesparalelas.com.ar\/sitio\/wp-json\/wp\/v2\/comments?post=43811"}],"version-history":[{"count":3,"href":"https:\/\/vocesparalelas.com.ar\/sitio\/wp-json\/wp\/v2\/posts\/43811\/revisions"}],"predecessor-version":[{"id":43818,"href":"https:\/\/vocesparalelas.com.ar\/sitio\/wp-json\/wp\/v2\/posts\/43811\/revisions\/43818"}],"wp:featuredmedia":[{"embeddable":true,"href":"https:\/\/vocesparalelas.com.ar\/sitio\/wp-json\/wp\/v2\/media\/43817"}],"wp:attachment":[{"href":"https:\/\/vocesparalelas.com.ar\/sitio\/wp-json\/wp\/v2\/media?parent=43811"}],"wp:term":[{"taxonomy":"category","embeddable":true,"href":"https:\/\/vocesparalelas.com.ar\/sitio\/wp-json\/wp\/v2\/categories?post=43811"},{"taxonomy":"post_tag","embeddable":true,"href":"https:\/\/vocesparalelas.com.ar\/sitio\/wp-json\/wp\/v2\/tags?post=43811"}],"curies":[{"name":"wp","href":"https:\/\/api.w.org\/{rel}","templated":true}]}}