{"id":43778,"date":"2021-11-07T22:16:01","date_gmt":"2021-11-08T01:16:01","guid":{"rendered":"https:\/\/vocesparalelas.com.ar\/sitio\/?p=43778"},"modified":"2021-11-10T00:13:18","modified_gmt":"2021-11-10T03:13:18","slug":"entregan-las-distinciones-ciudadanos-ilustres-y-personalidades-destacadas","status":"publish","type":"post","link":"https:\/\/vocesparalelas.com.ar\/sitio\/entregan-las-distinciones-ciudadanos-ilustres-y-personalidades-destacadas\/","title":{"rendered":"Entregan las distinciones \u00abCiudadanos Ilustres\u00bb y \u00abPersonalidades Destacadas\u00bb"},"content":{"rendered":"<div class=\"itemFullText jbintrotext\">\n<p>En el marco de la Primera Sesi\u00f3n Especial, el Martes, 9 de Noviembre, a las 10 horas, la C\u00e1mara de Diputados de San Juan entrega las distinciones de \u00abCiudadano Ilustre\u00bb y \u00abPersonalidad Destacada\u00bb en cumplimiento con la Ley N\u00ba 868-F.<\/p>\n<\/div>\n<div class=\"itemFullText\">\n<p><strong><span style=\"color: #cc99ff;\">\u201cCiudadano Ilustre\u201d<\/span><\/strong><\/p>\n<ul>\n<li>C.P.N. Juan Puleri;<\/li>\n<li>M\u00e9dica M\u00f3nica Jofr\u00e9 y<\/li>\n<li>post-mortem Profesora Fanny Mirta Escolar de Siere<\/li>\n<\/ul>\n<p><strong><span style=\"color: #cc99ff;\">\u201cPersonalidad Destacada\u201d<\/span><\/strong><\/p>\n<ul>\n<li>Abogado Eduardo Polesman;<\/li>\n<li>post -mortem a la escritora y poetisa Reyna Dominguez;<\/li>\n<li>dirigente y militante Virginia Rodr\u00edguez<\/li>\n<li>Abogado, diputado provincial y juez, Julio Coll.<\/li>\n<\/ul>\n<p><span style=\"color: #cc99ff;\"><strong>Sobre las distinciones<\/strong><\/span><\/p>\n<p>Cabe recordar que los reconocimientos y distinciones instituidos en la mencionada ley, se establecieron conforme al art\u00edculo 150, Inciso 11) de la Constituci\u00f3n Provincial de San Juan. De esta manera, la Casa de las Leyes otorga honores por servicios de gran importancia prestados por personalidades consagradas al estudio, a la profesi\u00f3n u oficio y en aportes elevados en beneficio de San Juan.<\/p>\n<p>Asimismo, la Ley instaura, por un lado, que el t\u00edtulo de \u201cCiudadano Ilustre de la provincia de San Juan\u201d podr\u00e1 ser otorgado a personalidades nacidas en San Juan o que hayan residido en ella durante diez a\u00f1os y que se hayan destacado por su obra o por su trayectoria en forma sobresaliente, cumplida en el campo de la pol\u00edtica, de la ciencia, de la cultura, del deporte o en defensa de los derechos sostenidos en la Constituci\u00f3n Provincial. Esta distinci\u00f3n consistir\u00e1 en una medalla alusiva en cuyo reverso llevar\u00e1 impreso el Escudo Oficial de la Provincia de San Juan, y un Diploma de Honor que lo acredite con copia de la norma legal pertinente. S\u00f3lo podr\u00e1n ser otorgadas un m\u00e1ximo de tres distinciones anuales.<\/p>\n<p>Por otro lado, la distinci\u00f3n \u00abPersonalidad Destacada de la Provincia de San Juan\u00bb ser\u00e1 otorgada por servicios de gran importancia prestados a la Provincia en el campo de su actividad pol\u00edtica, cient\u00edfica, sindical, empresarial, religiosa, period\u00edstica o cultural y que presume la inventiva, la abnegaci\u00f3n o la trayectoria distinguida del honrado. Consiste en un Diploma de Honor que la acredite y copia de la norma legal pertinente. En este caso, s\u00f3lo podr\u00e1n ser otorgadas un m\u00e1ximo de cinco distinciones anuales.<\/p>\n<p>Es importante se\u00f1alar que la entrega de estas distinciones, seg\u00fan la Ley N\u00ba 868-F, se efect\u00faa en una Sesi\u00f3n Especial durante la semana de la Fundaci\u00f3n de San Juan que comprende el 13 de junio de cada a\u00f1o, pero por el aislamiento social obligatorio, en el marco de la pandemia, fue suspendida. Luego, con el mejoramiento de la situaci\u00f3n sanitaria y la apertura a las diversas actividades fue reprogramada su fecha de realizaci\u00f3n.<\/p>\n<\/div>\n<div class=\"clear\"><\/div>\n<div class=\"b2jsocial_parent\">\n<ul class=\"b2jsocial\">\n<li class=\"f preset1\"><\/li>\n<\/ul>\n<\/div>\n","protected":false},"excerpt":{"rendered":"<p>En el marco de la Primera Sesi\u00f3n Especial, el Martes, 9 de Noviembre, a las 10 horas, la C\u00e1mara de<\/p>\n","protected":false},"author":3,"featured_media":41221,"comment_status":"closed","ping_status":"closed","sticky":false,"template":"","format":"standard","meta":{"_acf_changed":false,"_seopress_robots_primary_cat":"none","_seopress_titles_title":"","_seopress_titles_desc":"","_seopress_robots_index":"","colormag_page_container_layout":"default_layout","colormag_page_sidebar_layout":"default_layout","footnotes":""},"categories":[1],"tags":[],"class_list":["post-43778","post","type-post","status-publish","format-standard","has-post-thumbnail","hentry","category-destacadas"],"acf":[],"_links":{"self":[{"href":"https:\/\/vocesparalelas.com.ar\/sitio\/wp-json\/wp\/v2\/posts\/43778","targetHints":{"allow":["GET"]}}],"collection":[{"href":"https:\/\/vocesparalelas.com.ar\/sitio\/wp-json\/wp\/v2\/posts"}],"about":[{"href":"https:\/\/vocesparalelas.com.ar\/sitio\/wp-json\/wp\/v2\/types\/post"}],"author":[{"embeddable":true,"href":"https:\/\/vocesparalelas.com.ar\/sitio\/wp-json\/wp\/v2\/users\/3"}],"replies":[{"embeddable":true,"href":"https:\/\/vocesparalelas.com.ar\/sitio\/wp-json\/wp\/v2\/comments?post=43778"}],"version-history":[{"count":3,"href":"https:\/\/vocesparalelas.com.ar\/sitio\/wp-json\/wp\/v2\/posts\/43778\/revisions"}],"predecessor-version":[{"id":43782,"href":"https:\/\/vocesparalelas.com.ar\/sitio\/wp-json\/wp\/v2\/posts\/43778\/revisions\/43782"}],"wp:featuredmedia":[{"embeddable":true,"href":"https:\/\/vocesparalelas.com.ar\/sitio\/wp-json\/wp\/v2\/media\/41221"}],"wp:attachment":[{"href":"https:\/\/vocesparalelas.com.ar\/sitio\/wp-json\/wp\/v2\/media?parent=43778"}],"wp:term":[{"taxonomy":"category","embeddable":true,"href":"https:\/\/vocesparalelas.com.ar\/sitio\/wp-json\/wp\/v2\/categories?post=43778"},{"taxonomy":"post_tag","embeddable":true,"href":"https:\/\/vocesparalelas.com.ar\/sitio\/wp-json\/wp\/v2\/tags?post=43778"}],"curies":[{"name":"wp","href":"https:\/\/api.w.org\/{rel}","templated":true}]}}