{"id":43760,"date":"2021-11-08T20:39:37","date_gmt":"2021-11-08T23:39:37","guid":{"rendered":"https:\/\/vocesparalelas.com.ar\/sitio\/?p=43760"},"modified":"2021-11-08T20:39:37","modified_gmt":"2021-11-08T23:39:37","slug":"virginia-agote-fue-designada-jurado-para-la-bienal-de-venecia-2022","status":"publish","type":"post","link":"https:\/\/vocesparalelas.com.ar\/sitio\/virginia-agote-fue-designada-jurado-para-la-bienal-de-venecia-2022\/","title":{"rendered":"Virginia Agote fue designada jurado para la Bienal de Venecia 2022"},"content":{"rendered":"<p>En el marco del llamado a\u00a0concurso abierto para la Bienal de Venecia 2022,\u00a0Virginia Agote, secretaria de Cultura de San Juan, fue designada jurado\u00a0para la evaluaci\u00f3n de los anteproyectos nacionales junto a un equipo prestigioso de autoridades y artistas.<\/p>\n<p>La 59\u00aa Exposici\u00f3n Internacional se llevar\u00e1 a cabo del 23 de abril al 27 de noviembre de 2022 y la inauguraci\u00f3n de Pabellones los d\u00edas 20, 21 y 22 de abril.<\/p>\n<p>La Bienal de Venecia es uno de los eventos de arte m\u00e1s antiguos y prestigiosos del mundo, establecida en 1895. Argentina particip\u00f3 por primera vez en la Bienal en 1901.<\/p>\n<p>En este sentido, el Ministerio de Relaciones Exteriores, Comercio Internacional y Culto, a trav\u00e9s de la Direcci\u00f3n de Asuntos Culturales (DiCul) y la Agencia Argentina de Inversiones y Comercio Internacional, detall\u00f3 que la presentaci\u00f3n de los anteproyectos en artes visuales deber\u00e1 hacerse hasta el 27 de noviembre. En diciembre de 2021, la DiCul anunciar\u00e1 el anteproyecto que representar\u00e1 a nuestro pa\u00eds.<\/p>\n<p>Tras ser electa Virginia Agote como jurado, destac\u00f3 el buen accionar de las autoridades nacionales con una mirada federal.\u00a0\u201cEs un honor ser parte del jurado que elegir\u00e1 el env\u00edo argentino, un privilegio en lo personal y un gran desaf\u00edo\u201d, dijo la secretaria de Cultura.<\/p>\n<p>\u201cLa Bienal es sin dudas important\u00edsima para la carrera de un artista, representar a la Argentina y estar presente en esta exposici\u00f3n internacional. Un gran reconocimiento e incluso consagratorio en el caso de artistas m\u00e1s j\u00f3venes\u201d, destac\u00f3 Agote.<\/p>\n<p>Para la elecci\u00f3n, el jurado conformado tendr\u00e1 en cuenta el concepto curatorial y los contenidos, la museograf\u00eda de la propuesta, la forma en que se adapte al espacio del Pabell\u00f3n argentino, la factibilidad de su financiamiento y los aspectos log\u00edsticos.<\/p>\n<p><span style=\"color: #33cccc;\"><strong>El listado completo del jurado<\/strong><\/span><\/p>\n<p>Est\u00e1 integrado por Paula V\u00e1zquez, por la DiCul; Valeria Gonz\u00e1lez, secretaria de Patrimonio del Ministerio de Cultura de la Naci\u00f3n; Teresa Anchorena, presidente de la Comisi\u00f3n Nacional de Monumentos; Virginia Agote, secretaria de Cultura de San Juan; Andr\u00e9s Duprat, director del Museo Nacional de Bellas Artes; Matilde Mar\u00edn por la Academia Nacional de Bellas Artes; Anal\u00eda Solomonoff, por el Museo Provincial de Bellas Artes \u201cRosa Galisteo de Rodr\u00edguez\u201d de Santa Fe; la artista Mariana Teller\u00eda, y el presidente ejecutivo de la Agencia Argentina de Inversiones, Juan Usandivaras. Cada jurado tendr\u00e1 un voto y en caso de empate, V\u00e1zquez tendr\u00e1 la \u00faltima palabra.<\/p>\n<p>&nbsp;<\/p>\n<p><img loading=\"lazy\" decoding=\"async\" class=\"alignnone wp-image-43765 size-large\" src=\"https:\/\/vocesparalelas.com.ar\/sitio\/wp-content\/uploads\/2021\/11\/bienales-800x533.jpg\" alt=\"\" width=\"800\" height=\"533\" srcset=\"https:\/\/vocesparalelas.com.ar\/sitio\/wp-content\/uploads\/2021\/11\/bienales-800x533.jpg 800w, https:\/\/vocesparalelas.com.ar\/sitio\/wp-content\/uploads\/2021\/11\/bienales-300x200.jpg 300w, https:\/\/vocesparalelas.com.ar\/sitio\/wp-content\/uploads\/2021\/11\/bienales-768x512.jpg 768w, https:\/\/vocesparalelas.com.ar\/sitio\/wp-content\/uploads\/2021\/11\/bienales.jpg 1023w\" sizes=\"auto, (max-width: 800px) 100vw, 800px\" \/><\/p>\n","protected":false},"excerpt":{"rendered":"<p>En el marco del llamado a\u00a0concurso abierto para la Bienal de Venecia 2022,\u00a0Virginia Agote, secretaria de Cultura de San Juan,<\/p>\n","protected":false},"author":3,"featured_media":43764,"comment_status":"closed","ping_status":"closed","sticky":false,"template":"","format":"standard","meta":{"_acf_changed":false,"_seopress_robots_primary_cat":"none","_seopress_titles_title":"","_seopress_titles_desc":"","_seopress_robots_index":"","colormag_page_container_layout":"default_layout","colormag_page_sidebar_layout":"default_layout","footnotes":""},"categories":[1],"tags":[],"class_list":["post-43760","post","type-post","status-publish","format-standard","has-post-thumbnail","hentry","category-destacadas"],"acf":[],"_links":{"self":[{"href":"https:\/\/vocesparalelas.com.ar\/sitio\/wp-json\/wp\/v2\/posts\/43760","targetHints":{"allow":["GET"]}}],"collection":[{"href":"https:\/\/vocesparalelas.com.ar\/sitio\/wp-json\/wp\/v2\/posts"}],"about":[{"href":"https:\/\/vocesparalelas.com.ar\/sitio\/wp-json\/wp\/v2\/types\/post"}],"author":[{"embeddable":true,"href":"https:\/\/vocesparalelas.com.ar\/sitio\/wp-json\/wp\/v2\/users\/3"}],"replies":[{"embeddable":true,"href":"https:\/\/vocesparalelas.com.ar\/sitio\/wp-json\/wp\/v2\/comments?post=43760"}],"version-history":[{"count":1,"href":"https:\/\/vocesparalelas.com.ar\/sitio\/wp-json\/wp\/v2\/posts\/43760\/revisions"}],"predecessor-version":[{"id":43766,"href":"https:\/\/vocesparalelas.com.ar\/sitio\/wp-json\/wp\/v2\/posts\/43760\/revisions\/43766"}],"wp:featuredmedia":[{"embeddable":true,"href":"https:\/\/vocesparalelas.com.ar\/sitio\/wp-json\/wp\/v2\/media\/43764"}],"wp:attachment":[{"href":"https:\/\/vocesparalelas.com.ar\/sitio\/wp-json\/wp\/v2\/media?parent=43760"}],"wp:term":[{"taxonomy":"category","embeddable":true,"href":"https:\/\/vocesparalelas.com.ar\/sitio\/wp-json\/wp\/v2\/categories?post=43760"},{"taxonomy":"post_tag","embeddable":true,"href":"https:\/\/vocesparalelas.com.ar\/sitio\/wp-json\/wp\/v2\/tags?post=43760"}],"curies":[{"name":"wp","href":"https:\/\/api.w.org\/{rel}","templated":true}]}}