{"id":43756,"date":"2021-11-08T20:26:15","date_gmt":"2021-11-08T23:26:15","guid":{"rendered":"https:\/\/vocesparalelas.com.ar\/sitio\/?p=43756"},"modified":"2021-11-10T00:14:50","modified_gmt":"2021-11-10T03:14:50","slug":"apoyo-a-publicaciones-cientificas-de-autores-de-san-juan","status":"publish","type":"post","link":"https:\/\/vocesparalelas.com.ar\/sitio\/apoyo-a-publicaciones-cientificas-de-autores-de-san-juan\/","title":{"rendered":"Apoyo a publicaciones cient\u00edficas de autores de San Juan"},"content":{"rendered":"<div class=\"itemFullText\">\n<p>En el marco de los programas que lleva adelante la Secretaria de Estado de Ciencia, Tecnolog\u00eda e Innovaci\u00f3n &#8211; SECITI -, del Gobierno de San Juan a trav\u00e9s de la Subsecretar\u00eda de Promoci\u00f3n de la Actividad Cient\u00edfica y Tecnol\u00f3gica, se encuentra el Aportes No Reembolsables &#8211; ANR -, destinados a la financiaci\u00f3n parcial de art\u00edculos aceptados en revistas cient\u00edficas -nacionales o internacionales- de relevancia en su \u00e1rea.<\/p>\n<p>El organismo llev\u00f3 a cabo la entrega a quienes presentaron trabajos para su publicaci\u00f3n de los fondos para los mismos, cuyo total asciende a $509.828. Es importante destacar que esta convocatoria es de ventanilla abierta y permanente.<\/p>\n<p>Los trabajos incluyen cualquier otra publicaci\u00f3n de divulgaci\u00f3n de resultados de investigaci\u00f3n cient\u00edfica, ya sea en libros u otro soporte material o virtual, aceptados por el comit\u00e9 editorial pertinente, cuyo contenido sea relevante para el conocimiento sobre cuestiones de inter\u00e9s provincial y que puedan resultar en un beneficio para incrementar el conocimiento de la poblaci\u00f3n sobre las tem\u00e1ticas investigadas.<\/p>\n<p><strong><span style=\"color: #339966;\">Qui\u00e9nes recibieron el aporte para publicaciones se encuentran<\/span><\/strong><\/p>\n<ul>\n<li>Mart\u00ednez Carretero Eduardo. Libro: Ecolog\u00eda Urbana. \u00c1rboles del bosque urbano de San Juan y Mendoza &#8211; Argentina. Inca Editorial. $224.000,00.<\/li>\n<li>D\u00edaz Nieto Leonardo Mart\u00edn. Art\u00edculo Cient\u00edfico: Nuevos Registros de Culicidae (Diptera) en Oasis Agr\u00edcolas de la Provincia de San Juan &#8211; Argentina. Revista Check List. The Journal Of Biodiversity Data. $7.728,00.<\/li>\n<li>Castro, Br\u00edgida Marta Ester. \u00abLibro: Atlas de Minerales y Texturas de rocas metam\u00f3rficas de la Provincia de San Juan. Editorial Brujas\u00bb. $138.600,00.<\/li>\n<li>Ripoll Busso, Yanina Elizabeth. \u00abLibro: Educaci\u00f3n Ambiental. Naturaleza y \u00e1reas protegidas. Inca Editorial\u00bb. $45.500,00.<\/li>\n<li>Lucero, Marcelo Fabi\u00e1n. \u00abLibro: La Doxa del Trabajo en la Asistencia: El plan jefes y jefas de hogar y la Asignaci\u00f3n Universal por Hijo en la Ciudad de San Juan. Espacio Editorial\u00bb. $94.000,00.<\/li>\n<\/ul>\n<p><span style=\"color: #339966;\"><strong>Acerca de los Aportes No Reembolsables Publicaciones<\/strong><\/span><\/p>\n<p>La Secretar\u00eda de Estado de Ciencia, Tecnolog\u00eda e Innovaci\u00f3n &#8211; SECITI &#8211; del Gobierno de la Provincia de San Juan, convoca a docentes, investigadores\/as y extensionistas del \u00e1mbito cient\u00edfico \u2013 tecnol\u00f3gico, para la adjudicaci\u00f3n de Aportes No Reembolsables (ANR), destinados a la financiaci\u00f3n parcial de art\u00edculos aceptados en revistas cient\u00edficas -nacionales o internacionales- de relevancia en su \u00e1rea.<\/p>\n<p>Tambi\u00e9n se encuentran incluidas cualquier otra publicaci\u00f3n de divulgaci\u00f3n de resultados de investigaci\u00f3n cient\u00edfica, ya sea en libros u otro soporte material o virtual, aceptados por el comit\u00e9 editorial pertinente, cuyo contenido sea relevante para el conocimiento sobre cuestiones de inter\u00e9s provincial y que puedan resultar en un beneficio para incrementar el conocimiento de la poblaci\u00f3n sobre las tem\u00e1ticas investigadas.<\/p>\n<p>Las consultas respecto de la presente convocatoria pueden efectuarse personalmente en la oficina de la Subsecretar\u00eda de Promoci\u00f3n de la Actividad Cient\u00edfica y Tecnol\u00f3gica y\/o la Direcci\u00f3n de Comunicaci\u00f3n P\u00fablica de la Ciencia, ambas pertenecientes a la SECITI, ubicada en el 4to piso del Centro C\u00edvico, n\u00facleo 3, en la p\u00e1gina web de la SECITI\u00a0<a href=\"http:\/\/www.ciencia.sanjuan.gob.ar\/\">www.ciencia.sanjuan.gob.ar<\/a>\u00a0o por correo electr\u00f3nico a:\u00a0<span id=\"cloakaa036a4d20c3c70307a551c3e4ca59cb\"><a href=\"mailto:promocioncientifica@sanjuan.gov.ar\">promocioncientifica@sanjuan.gov.ar<\/a><\/span><\/p>\n<p><strong><span style=\"color: #339966;\">Bases y condiciones en:<\/span><\/strong><\/p>\n<p><a href=\"https:\/\/ciencia.sanjuan.gob.ar\/index_financiamiento.html#dnxyZWN1cnNvcy9BOEQyQjU4MjA5NTIyRkJDMTVCM0Q2NjlDQ0I1QzU1Mi5odG1sfGFydExvYWRlZHx8fHw\">https:\/\/ciencia.sanjuan.gob.ar\/index_financiamiento.html#dnxyZWN1cnNvcy9BOEQyQjU4MjA5NTIyRkJDMTVCM0Q2NjlDQ0I1QzU1Mi5odG1sfGFydExvYWRlZHx8fHw<\/a>=<\/p>\n<p>&nbsp;<\/p>\n<p>&nbsp;<\/p>\n<\/div>\n<div class=\"itemContentFooter\"><\/div>\n","protected":false},"excerpt":{"rendered":"<p>En el marco de los programas que lleva adelante la Secretaria de Estado de Ciencia, Tecnolog\u00eda e Innovaci\u00f3n &#8211; SECITI<\/p>\n","protected":false},"author":3,"featured_media":43758,"comment_status":"closed","ping_status":"closed","sticky":false,"template":"","format":"standard","meta":{"_acf_changed":false,"_seopress_robots_primary_cat":"none","_seopress_titles_title":"","_seopress_titles_desc":"","_seopress_robots_index":"","colormag_page_container_layout":"default_layout","colormag_page_sidebar_layout":"default_layout","footnotes":""},"categories":[8],"tags":[],"class_list":["post-43756","post","type-post","status-publish","format-standard","has-post-thumbnail","hentry","category-concursos"],"acf":[],"_links":{"self":[{"href":"https:\/\/vocesparalelas.com.ar\/sitio\/wp-json\/wp\/v2\/posts\/43756","targetHints":{"allow":["GET"]}}],"collection":[{"href":"https:\/\/vocesparalelas.com.ar\/sitio\/wp-json\/wp\/v2\/posts"}],"about":[{"href":"https:\/\/vocesparalelas.com.ar\/sitio\/wp-json\/wp\/v2\/types\/post"}],"author":[{"embeddable":true,"href":"https:\/\/vocesparalelas.com.ar\/sitio\/wp-json\/wp\/v2\/users\/3"}],"replies":[{"embeddable":true,"href":"https:\/\/vocesparalelas.com.ar\/sitio\/wp-json\/wp\/v2\/comments?post=43756"}],"version-history":[{"count":1,"href":"https:\/\/vocesparalelas.com.ar\/sitio\/wp-json\/wp\/v2\/posts\/43756\/revisions"}],"predecessor-version":[{"id":43759,"href":"https:\/\/vocesparalelas.com.ar\/sitio\/wp-json\/wp\/v2\/posts\/43756\/revisions\/43759"}],"wp:featuredmedia":[{"embeddable":true,"href":"https:\/\/vocesparalelas.com.ar\/sitio\/wp-json\/wp\/v2\/media\/43758"}],"wp:attachment":[{"href":"https:\/\/vocesparalelas.com.ar\/sitio\/wp-json\/wp\/v2\/media?parent=43756"}],"wp:term":[{"taxonomy":"category","embeddable":true,"href":"https:\/\/vocesparalelas.com.ar\/sitio\/wp-json\/wp\/v2\/categories?post=43756"},{"taxonomy":"post_tag","embeddable":true,"href":"https:\/\/vocesparalelas.com.ar\/sitio\/wp-json\/wp\/v2\/tags?post=43756"}],"curies":[{"name":"wp","href":"https:\/\/api.w.org\/{rel}","templated":true}]}}