{"id":43749,"date":"2021-11-08T20:10:46","date_gmt":"2021-11-08T23:10:46","guid":{"rendered":"https:\/\/vocesparalelas.com.ar\/sitio\/?p=43749"},"modified":"2021-11-10T00:15:18","modified_gmt":"2021-11-10T03:15:18","slug":"272-establecimientos-educativos-afectadas-para-las-elecciones-generales-de-san-juan","status":"publish","type":"post","link":"https:\/\/vocesparalelas.com.ar\/sitio\/272-establecimientos-educativos-afectadas-para-las-elecciones-generales-de-san-juan\/","title":{"rendered":"272 establecimientos educativos afectadas para las Elecciones Generales de San Juan"},"content":{"rendered":"<p>El Ministerio de Educaci\u00f3n del Gobierno de San Juan informa que en las escuelas en las que se vota el Domingo, 14 Noviembre, no habr\u00e1 actividad escolar el Viernes, 12 de Noviembre, en el turno tarde desde las 17 hs., turnos vespertinos y noche, tampoco el S\u00e1bado, 13 de Noviembre ni el Lunes, 15 de Noviembre, en el turno ma\u00f1ana.<\/p>\n<p>La Justicia Electoral afect\u00f3 a 272 establecimientos educativos para las Elecciones Generales.<\/p>\n<p>Para la log\u00edstica de aseo, empapelado y acondicionamiento de las aulas que se transforman en cuarto oscuro, no hay actividad escolar el Viernes, 12 de Noviembre, desde las 17 horas, vespertino y noche los alumnos que concurren a establecimientos en los que se sufraga. Tampoco hay actividad escolar el S\u00e1bado, 13 de Noviembre, en las Escuelas Sedes donde se desarrollan las tutor\u00edas de fortalecimiento educativo.<\/p>\n<p>El Lunes, 15 de Noviembre, en el turno ma\u00f1ana, en las escuelas afectadas a los comicios, no desarrollan actividad escolar.<\/p>\n<p><span style=\"color: #99cc00;\"><strong>Instituci\u00f3n afectada al acto eleccionario<\/strong><\/span><\/p>\n<p>Entrega de urnas el S\u00e1bado, 13 de Noviembre, de 8 a 13, por parte de Correo Argentino.<\/p>\n<p>Responsable de recepci\u00f3n: director o persona designada con la autorizaci\u00f3n (nota) correspondiente para tal fin. Recepcionadas las urnas en la instituci\u00f3n quedan en resguardo y bajo la responsabilidad del Comando General Electoral (Polic\u00eda de San Juan, Gendarmer\u00eda, Ej\u00e9rcito etc.)<\/p>\n<p><span style=\"color: #99cc00;\"><strong>Domingo, 14 de Noviembre<\/strong><\/span><\/p>\n<p>Responsable de apertura y cierre del establecimiento: directivo a cargo.<\/p>\n<p>Horario de apertura, a las 7 hs.<\/p>\n<p>Cierre: el director debe acordar y comunicarse con el Facilitador para realizar el cierre del establecimiento educativo.<\/p>\n<p><span style=\"color: #99cc00;\"><strong>Funciones de la autoridad a cargo de la escuela<\/strong><\/span><\/p>\n<p>Recepcionar y coordinar las acciones con el agente del Comando Electoral y el Facilitador Sanitario a cargo del acto eleccionario en la instituci\u00f3n. Los responsables instruir\u00e1n a sus agentes para el control y orden de ingreso de votantes, uso de tapabocas, cuidado del orden y distanciamiento dentro del establecimiento.<\/p>\n<p>El Facilitador Sanitario\u00a0es la persona designada por el Comando General Electoral, para estar en contacto con el Director del establecimiento educativo y tendr\u00e1 como funci\u00f3n espec\u00edfica la custodia y seguridad en los edificios escolares. La\/s autoridad\/es de la instituci\u00f3n educativa estar\u00e1n a cargo de la apertura y cierre de la escuela, coordinando en forma conjunta el modo y horarios de su realizaci\u00f3n, previo acuerdo con el Facilitador Sanitario.<\/p>\n<p><span style=\"color: #99cc00;\"><strong>Acondicionamiento de instituciones educativas<\/strong><\/span><\/p>\n<p>Cabe consignar que el Ministerio de Educaci\u00f3n entregar\u00e1 a los directores de las escuelas donde se vota, los kits para empapelar las aulas, que ser\u00e1n cuartos oscuros, los d\u00edas 08, 09 y 10 de noviembre, en horario de 8 a 14 en el edificio del Dep\u00f3sito Central del Ministerio de Educaci\u00f3n (9 de Julio y lateral de Av. de Circunvalaci\u00f3n).<\/p>\n<p><span style=\"color: #99cc00;\"><strong>Funci\u00f3n personal de Servicios Generales<\/strong><\/span><\/p>\n<p>El personal de Servicios Generales, porteros o maestranzas, deben adecuar correctamente las aulas que ser\u00e1n utilizadas como cuarto oscuro con el material entregado por el ministerio. Las autoridades escolares y personal general, tienen que corroborar el cumplimiento al decreto 2135 del C\u00f3digo Electoral que establece la prohibici\u00f3n de carteles, insignias, pintadas o im\u00e1genes pol\u00edticas en el edificio.<\/p>\n<p>El director del establecimiento como responsable de la instituci\u00f3n deber\u00e1 coordinar el personal de Servicios Generales en grupo\/s de asistencia, designando un responsable en turno ma\u00f1ana y tarde para el cumplimiento de la limpieza y desinfecci\u00f3n de ba\u00f1os, cocinas, espacios comunes, cuartos oscuros, superficies, picaportes y pisos.<\/p>\n<p>El personal de Servicios Generales, afectado a tareas ser\u00e1 compensado con dos jornadas laborales de descanso de forma que no interfiera con el normal desarrollo de las actividades diarias en la escuela donde se desempe\u00f1a.<\/p>\n<p>Se recuerda a la comunidad que las instituciones educativas est\u00e1n bajo cuidado sanitario preventivo, por lo que se les solicita cuidar la higiene de las instalaciones.<\/p>\n","protected":false},"excerpt":{"rendered":"<p>El Ministerio de Educaci\u00f3n del Gobierno de San Juan informa que en las escuelas en las que se vota el<\/p>\n","protected":false},"author":3,"featured_media":15345,"comment_status":"closed","ping_status":"closed","sticky":false,"template":"","format":"standard","meta":{"_acf_changed":false,"_seopress_robots_primary_cat":"none","_seopress_titles_title":"","_seopress_titles_desc":"","_seopress_robots_index":"","colormag_page_container_layout":"default_layout","colormag_page_sidebar_layout":"default_layout","footnotes":""},"categories":[6],"tags":[],"class_list":["post-43749","post","type-post","status-publish","format-standard","has-post-thumbnail","hentry","category-eventos"],"acf":[],"_links":{"self":[{"href":"https:\/\/vocesparalelas.com.ar\/sitio\/wp-json\/wp\/v2\/posts\/43749","targetHints":{"allow":["GET"]}}],"collection":[{"href":"https:\/\/vocesparalelas.com.ar\/sitio\/wp-json\/wp\/v2\/posts"}],"about":[{"href":"https:\/\/vocesparalelas.com.ar\/sitio\/wp-json\/wp\/v2\/types\/post"}],"author":[{"embeddable":true,"href":"https:\/\/vocesparalelas.com.ar\/sitio\/wp-json\/wp\/v2\/users\/3"}],"replies":[{"embeddable":true,"href":"https:\/\/vocesparalelas.com.ar\/sitio\/wp-json\/wp\/v2\/comments?post=43749"}],"version-history":[{"count":1,"href":"https:\/\/vocesparalelas.com.ar\/sitio\/wp-json\/wp\/v2\/posts\/43749\/revisions"}],"predecessor-version":[{"id":43751,"href":"https:\/\/vocesparalelas.com.ar\/sitio\/wp-json\/wp\/v2\/posts\/43749\/revisions\/43751"}],"wp:featuredmedia":[{"embeddable":true,"href":"https:\/\/vocesparalelas.com.ar\/sitio\/wp-json\/wp\/v2\/media\/15345"}],"wp:attachment":[{"href":"https:\/\/vocesparalelas.com.ar\/sitio\/wp-json\/wp\/v2\/media?parent=43749"}],"wp:term":[{"taxonomy":"category","embeddable":true,"href":"https:\/\/vocesparalelas.com.ar\/sitio\/wp-json\/wp\/v2\/categories?post=43749"},{"taxonomy":"post_tag","embeddable":true,"href":"https:\/\/vocesparalelas.com.ar\/sitio\/wp-json\/wp\/v2\/tags?post=43749"}],"curies":[{"name":"wp","href":"https:\/\/api.w.org\/{rel}","templated":true}]}}