{"id":43742,"date":"2021-11-08T11:06:00","date_gmt":"2021-11-08T14:06:00","guid":{"rendered":"https:\/\/vocesparalelas.com.ar\/sitio\/?p=43742"},"modified":"2021-11-08T11:06:00","modified_gmt":"2021-11-08T14:06:00","slug":"se-celebra-el-dia-mundial-del-urbanismo","status":"publish","type":"post","link":"https:\/\/vocesparalelas.com.ar\/sitio\/se-celebra-el-dia-mundial-del-urbanismo\/","title":{"rendered":"Se celebra el D\u00eda Mundial del Urbanismo"},"content":{"rendered":"<p>El 8 de Noviembre se celebra el D\u00eda Mundial del Urbanismo en cerca de 30 pa\u00edses alrededor del mundo, celebraci\u00f3n que busca promover y reconocer el rol de planificaci\u00f3n urbana en el desarrollo de comunidades sostenibles.<\/p>\n<p>La organizaci\u00f3n internacional que celebra el\u00a0D\u00eda Mundial del Urbanismo\u00a0fue fundada en 1949 por el Ing.\u00a0Carlos Maria della Paolera, primer catedr\u00e1tico de urbanismo en Argentina, ex director de\u00a0Instituto de Urbanismo de la Universidad de Buenos Aires \u00a0y graduado del\u00a0Institut D\u2019urbanisme de Paris,\u00a0con el prop\u00f3sito de abogar por los intereses p\u00fablicos y profesionales de la planificaci\u00f3n urbana.<\/p>\n<p>El D\u00eda del\u00a0Urbanismo,\u00a0que no es otra cosa que el estudio y ordenamiento de los componentes din\u00e1micos de una ciudad, es decir,\u00a0la sociedad\u00a0con sus necesidades, h\u00e1bitos y cultura, as\u00ed como la importancia\u00a0del medio ambiente\u00a0con sus posibilidades, para satisfacer las necesidades del hombre en sociedad.<\/p>\n<p>El prop\u00f3sito de esta celebraci\u00f3n es abogar por los intereses p\u00fablicos y profesionales de la planificaci\u00f3n urbana. Es un d\u00eda especial donde se reconoce y promueve el rol de la planificaci\u00f3n en la creaci\u00f3n de\u00a0comunidades sustentables.<\/p>\n<p>El\u00a0D\u00eda Mundial del Urbanismo\u00a0presenta una excelente oportunidad para visualizar la planificaci\u00f3n desde una perspectiva global, pues es un evento que apela a la conciencia de los ciudadanos y las autoridades p\u00fablicas al llamar la atenci\u00f3n hacia el impacto ambiental que produce el desarrollo de ciudades y territorios.<\/p>\n<p>&nbsp;<\/p>\n<p><img loading=\"lazy\" decoding=\"async\" class=\"alignnone wp-image-22249 size-large\" src=\"https:\/\/vocesparalelas.com.ar\/sitio\/wp-content\/uploads\/2019\/07\/FAUD-UNSJ-EDIFICIO-02-800x600.jpg\" alt=\"\" width=\"800\" height=\"600\" srcset=\"https:\/\/vocesparalelas.com.ar\/sitio\/wp-content\/uploads\/2019\/07\/FAUD-UNSJ-EDIFICIO-02-800x600.jpg 800w, https:\/\/vocesparalelas.com.ar\/sitio\/wp-content\/uploads\/2019\/07\/FAUD-UNSJ-EDIFICIO-02-300x225.jpg 300w, https:\/\/vocesparalelas.com.ar\/sitio\/wp-content\/uploads\/2019\/07\/FAUD-UNSJ-EDIFICIO-02-768x576.jpg 768w, https:\/\/vocesparalelas.com.ar\/sitio\/wp-content\/uploads\/2019\/07\/FAUD-UNSJ-EDIFICIO-02.jpg 1000w\" sizes=\"auto, (max-width: 800px) 100vw, 800px\" \/><\/p>\n","protected":false},"excerpt":{"rendered":"<p>El 8 de Noviembre se celebra el D\u00eda Mundial del Urbanismo en cerca de 30 pa\u00edses alrededor del mundo, celebraci\u00f3n<\/p>\n","protected":false},"author":3,"featured_media":1815,"comment_status":"closed","ping_status":"closed","sticky":false,"template":"","format":"standard","meta":{"_acf_changed":false,"_seopress_robots_primary_cat":"none","_seopress_titles_title":"","_seopress_titles_desc":"","_seopress_robots_index":"","colormag_page_container_layout":"default_layout","colormag_page_sidebar_layout":"default_layout","footnotes":""},"categories":[1],"tags":[],"class_list":["post-43742","post","type-post","status-publish","format-standard","has-post-thumbnail","hentry","category-destacadas"],"acf":[],"_links":{"self":[{"href":"https:\/\/vocesparalelas.com.ar\/sitio\/wp-json\/wp\/v2\/posts\/43742","targetHints":{"allow":["GET"]}}],"collection":[{"href":"https:\/\/vocesparalelas.com.ar\/sitio\/wp-json\/wp\/v2\/posts"}],"about":[{"href":"https:\/\/vocesparalelas.com.ar\/sitio\/wp-json\/wp\/v2\/types\/post"}],"author":[{"embeddable":true,"href":"https:\/\/vocesparalelas.com.ar\/sitio\/wp-json\/wp\/v2\/users\/3"}],"replies":[{"embeddable":true,"href":"https:\/\/vocesparalelas.com.ar\/sitio\/wp-json\/wp\/v2\/comments?post=43742"}],"version-history":[{"count":1,"href":"https:\/\/vocesparalelas.com.ar\/sitio\/wp-json\/wp\/v2\/posts\/43742\/revisions"}],"predecessor-version":[{"id":43744,"href":"https:\/\/vocesparalelas.com.ar\/sitio\/wp-json\/wp\/v2\/posts\/43742\/revisions\/43744"}],"wp:featuredmedia":[{"embeddable":true,"href":"https:\/\/vocesparalelas.com.ar\/sitio\/wp-json\/wp\/v2\/media\/1815"}],"wp:attachment":[{"href":"https:\/\/vocesparalelas.com.ar\/sitio\/wp-json\/wp\/v2\/media?parent=43742"}],"wp:term":[{"taxonomy":"category","embeddable":true,"href":"https:\/\/vocesparalelas.com.ar\/sitio\/wp-json\/wp\/v2\/categories?post=43742"},{"taxonomy":"post_tag","embeddable":true,"href":"https:\/\/vocesparalelas.com.ar\/sitio\/wp-json\/wp\/v2\/tags?post=43742"}],"curies":[{"name":"wp","href":"https:\/\/api.w.org\/{rel}","templated":true}]}}