{"id":43736,"date":"2021-11-07T17:31:20","date_gmt":"2021-11-07T20:31:20","guid":{"rendered":"https:\/\/vocesparalelas.com.ar\/sitio\/?p=43736"},"modified":"2021-11-08T22:19:14","modified_gmt":"2021-11-09T01:19:14","slug":"acto-del-81-aniversario-del-rim-22","status":"publish","type":"post","link":"https:\/\/vocesparalelas.com.ar\/sitio\/acto-del-81-aniversario-del-rim-22\/","title":{"rendered":"Acto del 81\u00b0 Aniversario del RIM 22"},"content":{"rendered":"<p>El Martes, 09 de Noviembre, a las 18:30 hs.; en la Plaza de Armas del RIM 22 se desarrolla el acto del 81\u00b0 Aniversario de la creaci\u00f3n del Regimiento de Infanter\u00eda de Monta\u00f1a 22 \u00abTcnl. Juan Manuel Cabot\u00bb.<\/p>\n<p>&nbsp;<\/p>\n<p><img loading=\"lazy\" decoding=\"async\" class=\"alignnone wp-image-24645 size-large\" src=\"https:\/\/vocesparalelas.com.ar\/sitio\/wp-content\/uploads\/2019\/10\/RIM-22-RECONOCIMIENTO-08-800x533.jpg\" alt=\"\" width=\"800\" height=\"533\" srcset=\"https:\/\/vocesparalelas.com.ar\/sitio\/wp-content\/uploads\/2019\/10\/RIM-22-RECONOCIMIENTO-08.jpg 800w, https:\/\/vocesparalelas.com.ar\/sitio\/wp-content\/uploads\/2019\/10\/RIM-22-RECONOCIMIENTO-08-300x200.jpg 300w, https:\/\/vocesparalelas.com.ar\/sitio\/wp-content\/uploads\/2019\/10\/RIM-22-RECONOCIMIENTO-08-768x512.jpg 768w\" sizes=\"auto, (max-width: 800px) 100vw, 800px\" \/><\/p>\n","protected":false},"excerpt":{"rendered":"<p>El Martes, 09 de Noviembre, a las 18:30 hs.; en la Plaza de Armas del RIM 22 se desarrolla el<\/p>\n","protected":false},"author":3,"featured_media":28717,"comment_status":"closed","ping_status":"closed","sticky":false,"template":"","format":"standard","meta":{"_acf_changed":false,"_seopress_robots_primary_cat":"none","_seopress_titles_title":"","_seopress_titles_desc":"","_seopress_robots_index":"","colormag_page_container_layout":"default_layout","colormag_page_sidebar_layout":"default_layout","footnotes":""},"categories":[6],"tags":[],"class_list":["post-43736","post","type-post","status-publish","format-standard","has-post-thumbnail","hentry","category-eventos"],"acf":[],"_links":{"self":[{"href":"https:\/\/vocesparalelas.com.ar\/sitio\/wp-json\/wp\/v2\/posts\/43736","targetHints":{"allow":["GET"]}}],"collection":[{"href":"https:\/\/vocesparalelas.com.ar\/sitio\/wp-json\/wp\/v2\/posts"}],"about":[{"href":"https:\/\/vocesparalelas.com.ar\/sitio\/wp-json\/wp\/v2\/types\/post"}],"author":[{"embeddable":true,"href":"https:\/\/vocesparalelas.com.ar\/sitio\/wp-json\/wp\/v2\/users\/3"}],"replies":[{"embeddable":true,"href":"https:\/\/vocesparalelas.com.ar\/sitio\/wp-json\/wp\/v2\/comments?post=43736"}],"version-history":[{"count":1,"href":"https:\/\/vocesparalelas.com.ar\/sitio\/wp-json\/wp\/v2\/posts\/43736\/revisions"}],"predecessor-version":[{"id":43738,"href":"https:\/\/vocesparalelas.com.ar\/sitio\/wp-json\/wp\/v2\/posts\/43736\/revisions\/43738"}],"wp:featuredmedia":[{"embeddable":true,"href":"https:\/\/vocesparalelas.com.ar\/sitio\/wp-json\/wp\/v2\/media\/28717"}],"wp:attachment":[{"href":"https:\/\/vocesparalelas.com.ar\/sitio\/wp-json\/wp\/v2\/media?parent=43736"}],"wp:term":[{"taxonomy":"category","embeddable":true,"href":"https:\/\/vocesparalelas.com.ar\/sitio\/wp-json\/wp\/v2\/categories?post=43736"},{"taxonomy":"post_tag","embeddable":true,"href":"https:\/\/vocesparalelas.com.ar\/sitio\/wp-json\/wp\/v2\/tags?post=43736"}],"curies":[{"name":"wp","href":"https:\/\/api.w.org\/{rel}","templated":true}]}}