{"id":43733,"date":"2021-11-07T22:14:59","date_gmt":"2021-11-08T01:14:59","guid":{"rendered":"https:\/\/vocesparalelas.com.ar\/sitio\/?p=43733"},"modified":"2021-11-08T21:46:45","modified_gmt":"2021-11-09T00:46:45","slug":"preinscripcion-para-el-curso-virtual-educacion-sexual-integral","status":"publish","type":"post","link":"https:\/\/vocesparalelas.com.ar\/sitio\/preinscripcion-para-el-curso-virtual-educacion-sexual-integral\/","title":{"rendered":"Preinscripci\u00f3n para el Curso virtual \u00abEducaci\u00f3n Sexual Integral\u00bb"},"content":{"rendered":"<p>Educaci\u00f3n Superior del Ministerio de Educaci\u00f3n del Gobierno de San Juan informa que la preinscripci\u00f3n al curso de actualizaci\u00f3n acad\u00e9mica en Educaci\u00f3n Sexual Integral que se desarrolla en forma virtual en Marzo de 2022 con una duraci\u00f3n de 200 horas reloj igual de 1 a\u00f1o de cursado.<\/p>\n<p><strong><span style=\"color: #ff9900;\">Los interesados deben registrarse<\/span><\/strong><\/p>\n<p><a href=\"https:\/\/www.juanamanso.edu.ar\/postitulos-infd#esi\">https:\/\/www.juanamanso.edu.ar\/postitulos-infd#esi<\/a><\/p>\n<p><strong><span style=\"color: #ff9900;\">Destinatarios<\/span><\/strong><\/p>\n<ul>\n<li>Docentes en ejercicio u otro rol con funci\u00f3n docente, incluyendo funciones de direcci\u00f3n, acompa\u00f1amiento, asesoramiento, orientaci\u00f3n o supervisi\u00f3n, en establecimientos educativos de nivel inicial, primario, secundario y superior de formaci\u00f3n docente y de todas las modalidades;<\/li>\n<li>Integrantes de equipos t\u00e9cnicos jurisdiccionales;<\/li>\n<li>Quienes se desempe\u00f1an en programas socioeducativos dependientes de sus jurisdicciones y que articulen acciones con instituciones educativas de nivel inicial, primario, secundario y superior de formaci\u00f3n docente y de todas las modalidades;<\/li>\n<li>Los inscriptos en los listados de orden de m\u00e9rito para el acceso a la docencia.<\/li>\n<\/ul>\n<p><strong><span style=\"color: #ff9900;\">Modalidad<\/span><\/strong><\/p>\n<p>La propuesta curricular y pedag\u00f3gica de la Actualizaci\u00f3n se estructura bajo la modalidad de ense\u00f1anza virtual, educaci\u00f3n a distancia.<\/p>\n<p><span style=\"color: #ff9900;\"><strong>Programa<\/strong><\/span><\/p>\n<p>La Actualizaci\u00f3n est\u00e1 organizada en 7 espacios curriculares; 6 m\u00f3dulos tem\u00e1ticos y 1 taller.<\/p>\n<p><strong><span style=\"color: #ff9900;\">Requisitos de inscripci\u00f3n<\/span><\/strong><\/p>\n<ol>\n<li>Deben tener una computadora e internet.<\/li>\n<li>Poseer t\u00edtulo docente de base o t\u00edtulo habilitante para el cargo.<\/li>\n<li>Constancia laboral expedida por la autoridad respectiva donde desempe\u00f1an sus tareas \u00f3 constancia de Inscripci\u00f3n en los listados de orden de m\u00e9rito para el acceso a la docencia.<\/li>\n<\/ol>\n<p><span style=\"color: #ff9900;\"><strong>Importante<\/strong><\/span><\/p>\n<p>Al finalizar el curso, reciben el Certificado de Actualizaci\u00f3n Acad\u00e9mica quienes tengan t\u00edtulo docente de base. Quienes no tengan t\u00edtulo docente de base, una vez aprobado todo el recorrido formativo, reciben la certificaci\u00f3n individual de cada uno de los espacios curriculares. No se entregan certificaciones parciales.<\/p>\n<p><strong><span style=\"color: #ff9900;\">Pasos a realizar para realizar la preinscripci\u00f3n<\/span><\/strong><\/p>\n<ol>\n<li>Registrarse como usuario del Plan Federal Juana Manso (en caso que no lo sea) en\u00a0<a href=\"https:\/\/gestionaulas.juanamanso.edu.ar\/auth\/new\">https:\/\/gestionaulas.juanamanso.edu.ar\/auth\/new<\/a><\/li>\n<li>Completar el formulario de preinscripci\u00f3n.<\/li>\n<\/ol>\n<p><span style=\"color: #ff9900;\"><strong>Importante<\/strong><\/span><\/p>\n<p>Una vez completado el formulario de pre-inscripci\u00f3n recibir\u00e1 en su casilla de correo electr\u00f3nico declarada un e-mail de confirmaci\u00f3n de pre-inscripci\u00f3n con el asunto: Actualizaciones Acad\u00e9micas INFD &#8211; confirmaci\u00f3n de pre-inscripci\u00f3n recibida. Si no recibe ese mensaje es porque el proceso de preinscripci\u00f3n no fue correctamente hecho. En ese caso comun\u00edquese con la Mesa de Ayuda escribiendo a <span id=\"cloaka9c498288ff1c81bb7ee0eecf23837fa\"><a href=\"mailto:actualizaciones@infd.edu.ar\">actualizaciones@infd.edu.ar<\/a><\/span><\/p>\n<ol start=\"3\">\n<li>Para realizar\u00a0la inscripci\u00f3n definitiva, su sede asignada lo\/la convocar\u00e1 para presentar la siguiente documentaci\u00f3n:<\/li>\n<li>Fotocopia de DNI cara y contra cara<\/li>\n<li>Foto 4&#215;4<\/li>\n<li>Fotocopia autenticada del t\u00edtulo docente de base<\/li>\n<li>Constancia laboral expedida por autoridad respectiva donde desempe\u00f1a sus tareas \u00f3 constancia de Inscripci\u00f3n en los listados de orden de m\u00e9rito para el acceso a la docencia.<\/li>\n<\/ol>\n<p>El proceso de aceptaci\u00f3n a la Actualizaci\u00f3n finaliza con la presentaci\u00f3n y chequeo de la documentaci\u00f3n en el Instituto\/Sede, que confirme que el\/la cursante es destinatario\/a.<\/p>\n<p>No es posible inscribirse en dos Actualizaciones Acad\u00e9micas del INFoDnpara cursarlas en simult\u00e1neo.<\/p>\n<p><strong><span style=\"color: #ff9900;\">Informes<\/span><\/strong><\/p>\n<p><span id=\"cloak280eb089fceddd71a2157a93d500ac01\"><a href=\"mailto:actualizaciones@infd.edu.ar\">actualizaciones@infd.edu.ar<\/a><\/span><\/p>\n<p><strong><span style=\"color: #ff9900;\">Consultas<\/span><\/strong><\/p>\n<p>Comunicarse por correo electr\u00f3nico: <span id=\"cloak86d3d30170c880fea89b7169b0be6938\"><a href=\"mailto:postitulossuperior@gmail.com\">postitulossuperior@gmail.com<\/a><\/span><\/p>\n<p><img loading=\"lazy\" decoding=\"async\" class=\"alignnone wp-image-3659 size-large\" src=\"https:\/\/vocesparalelas.com.ar\/sitio\/wp-content\/uploads\/2017\/08\/ESI-CCCUYO-800x522.jpg\" alt=\"\" width=\"800\" height=\"522\" srcset=\"https:\/\/vocesparalelas.com.ar\/sitio\/wp-content\/uploads\/2017\/08\/ESI-CCCUYO-800x522.jpg 800w, https:\/\/vocesparalelas.com.ar\/sitio\/wp-content\/uploads\/2017\/08\/ESI-CCCUYO-300x196.jpg 300w, https:\/\/vocesparalelas.com.ar\/sitio\/wp-content\/uploads\/2017\/08\/ESI-CCCUYO-768x501.jpg 768w, https:\/\/vocesparalelas.com.ar\/sitio\/wp-content\/uploads\/2017\/08\/ESI-CCCUYO.jpg 1000w\" sizes=\"auto, (max-width: 800px) 100vw, 800px\" \/><\/p>\n","protected":false},"excerpt":{"rendered":"<p>Educaci\u00f3n Superior del Ministerio de Educaci\u00f3n del Gobierno de San Juan informa que la preinscripci\u00f3n al curso de actualizaci\u00f3n acad\u00e9mica<\/p>\n","protected":false},"author":3,"featured_media":35071,"comment_status":"closed","ping_status":"closed","sticky":false,"template":"","format":"standard","meta":{"_acf_changed":false,"_seopress_robots_primary_cat":"none","_seopress_titles_title":"","_seopress_titles_desc":"","_seopress_robots_index":"","colormag_page_container_layout":"default_layout","colormag_page_sidebar_layout":"default_layout","footnotes":""},"categories":[9],"tags":[],"class_list":["post-43733","post","type-post","status-publish","format-standard","has-post-thumbnail","hentry","category-cursos"],"acf":[],"_links":{"self":[{"href":"https:\/\/vocesparalelas.com.ar\/sitio\/wp-json\/wp\/v2\/posts\/43733","targetHints":{"allow":["GET"]}}],"collection":[{"href":"https:\/\/vocesparalelas.com.ar\/sitio\/wp-json\/wp\/v2\/posts"}],"about":[{"href":"https:\/\/vocesparalelas.com.ar\/sitio\/wp-json\/wp\/v2\/types\/post"}],"author":[{"embeddable":true,"href":"https:\/\/vocesparalelas.com.ar\/sitio\/wp-json\/wp\/v2\/users\/3"}],"replies":[{"embeddable":true,"href":"https:\/\/vocesparalelas.com.ar\/sitio\/wp-json\/wp\/v2\/comments?post=43733"}],"version-history":[{"count":1,"href":"https:\/\/vocesparalelas.com.ar\/sitio\/wp-json\/wp\/v2\/posts\/43733\/revisions"}],"predecessor-version":[{"id":43735,"href":"https:\/\/vocesparalelas.com.ar\/sitio\/wp-json\/wp\/v2\/posts\/43733\/revisions\/43735"}],"wp:featuredmedia":[{"embeddable":true,"href":"https:\/\/vocesparalelas.com.ar\/sitio\/wp-json\/wp\/v2\/media\/35071"}],"wp:attachment":[{"href":"https:\/\/vocesparalelas.com.ar\/sitio\/wp-json\/wp\/v2\/media?parent=43733"}],"wp:term":[{"taxonomy":"category","embeddable":true,"href":"https:\/\/vocesparalelas.com.ar\/sitio\/wp-json\/wp\/v2\/categories?post=43733"},{"taxonomy":"post_tag","embeddable":true,"href":"https:\/\/vocesparalelas.com.ar\/sitio\/wp-json\/wp\/v2\/tags?post=43733"}],"curies":[{"name":"wp","href":"https:\/\/api.w.org\/{rel}","templated":true}]}}