{"id":43711,"date":"2021-11-06T21:06:51","date_gmt":"2021-11-07T00:06:51","guid":{"rendered":"https:\/\/vocesparalelas.com.ar\/sitio\/?p=43711"},"modified":"2021-11-08T22:07:11","modified_gmt":"2021-11-09T01:07:11","slug":"la-ampliacion-del-hospital-dr-marcial-quiroga-permite-mayor-servicio-de-atencion-en-terapia-intensiva-y-urgencia","status":"publish","type":"post","link":"https:\/\/vocesparalelas.com.ar\/sitio\/la-ampliacion-del-hospital-dr-marcial-quiroga-permite-mayor-servicio-de-atencion-en-terapia-intensiva-y-urgencia\/","title":{"rendered":"La ampliaci\u00f3n del Hospital Dr. Marcial Quiroga permite mayor servicio de atenci\u00f3n en terapia intensiva y urgencia"},"content":{"rendered":"<p>El Viernes, 05 de Noviembre, el Ministerio de Obras y Servicios P\u00fablicos del Gobierno de San Juan invit\u00f3 a los Periodistas San Juan a realizar una recorrida informativa por la obra de ampliaci\u00f3n del Hospital Dr. Marcial Quiroga, Av. Libertador y Rastreador Cal\u00edvar.<\/p>\n<p><img loading=\"lazy\" decoding=\"async\" class=\"alignnone wp-image-43698 size-full\" src=\"https:\/\/vocesparalelas.com.ar\/sitio\/wp-content\/uploads\/2021\/11\/HMQ-12.jpg\" alt=\"\" width=\"800\" height=\"533\" srcset=\"https:\/\/vocesparalelas.com.ar\/sitio\/wp-content\/uploads\/2021\/11\/HMQ-12.jpg 800w, https:\/\/vocesparalelas.com.ar\/sitio\/wp-content\/uploads\/2021\/11\/HMQ-12-300x200.jpg 300w, https:\/\/vocesparalelas.com.ar\/sitio\/wp-content\/uploads\/2021\/11\/HMQ-12-768x512.jpg 768w\" sizes=\"auto, (max-width: 800px) 100vw, 800px\" \/><\/p>\n<p>La visita estuvo a cargo del Secretario de Obras P\u00fablicas del Ministerio de Obras y Servicios P\u00fablicos, Ing. Alberto Demartini y el equipo t\u00e9cnico responsable, como el inspector de la Obra por la Direcci\u00f3n de Arquitectura, Arq. Sebasti\u00e1n Deredita, quien fue el responsable de ser el gu\u00eda en la visita por el interior de la obra del edificio.<\/p>\n<p>Es as\u00ed que, el Secretario de Obras P\u00fablicas, Ing. Alberto Demartini explic\u00f3 que \u00abla nueva infraestructura, que ya se encuentra en su etapa final, permitir\u00e1 ampliar y continuar la mejora de los servicios en pos de garantizar el acceso a la salud p\u00fablica\u00bb.<\/p>\n<figure id=\"attachment_43697\" aria-describedby=\"caption-attachment-43697\" style=\"width: 800px\" class=\"wp-caption alignnone\"><img loading=\"lazy\" decoding=\"async\" class=\"wp-image-43697 size-full\" src=\"https:\/\/vocesparalelas.com.ar\/sitio\/wp-content\/uploads\/2021\/11\/HMQ-11.jpg\" alt=\"\" width=\"800\" height=\"533\" srcset=\"https:\/\/vocesparalelas.com.ar\/sitio\/wp-content\/uploads\/2021\/11\/HMQ-11.jpg 800w, https:\/\/vocesparalelas.com.ar\/sitio\/wp-content\/uploads\/2021\/11\/HMQ-11-300x200.jpg 300w, https:\/\/vocesparalelas.com.ar\/sitio\/wp-content\/uploads\/2021\/11\/HMQ-11-768x512.jpg 768w\" sizes=\"auto, (max-width: 800px) 100vw, 800px\" \/><figcaption id=\"caption-attachment-43697\" class=\"wp-caption-text\">Secretario de Obras P\u00fablicas, Ing. Alberto Demartini<\/figcaption><\/figure>\n<p>&nbsp;<\/p>\n<p><iframe loading=\"lazy\" title=\"HMQ\" width=\"800\" height=\"450\" src=\"https:\/\/www.youtube.com\/embed\/9etuTJNytZA?feature=oembed\" frameborder=\"0\" allow=\"accelerometer; autoplay; clipboard-write; encrypted-media; gyroscope; picture-in-picture\" allowfullscreen><\/iframe><\/p>\n<p><span style=\"color: #339966;\"><strong>Breve memoria descriptiva de la obra<\/strong><\/span><\/p>\n<p>Uno de los centros de salud m\u00e1s representativo y punto neur\u00e1lgico para los ciudadanos es el Hospital Dr. Marcial Quiroga, el cual cuenta con multiplicidad de servicios para los pacientes que concurren. Sin embargo, desde el Ministerio de Salud P\u00fablica se plantearon diversos objetivos para ampliar y continuar la mejora en pos de garantizar el acceso a la salud.<\/p>\n<p>Desde el Ministerio de Obras y Servicios P\u00fablico, a trav\u00e9s de la Direcci\u00f3n de Arquitectura, se proyect\u00f3 la construcci\u00f3n de un nuevo edificio para el Hospital de aproximadamente 7.855,33 m2, el cual actualmente se desarrolla a partir de una serie de estudios previos en cuanto a su ubicaci\u00f3n, programa y encuadre funcional dentro del conjunto.<\/p>\n<p>El edificio se estructura en torno a un eje norte \u2013 sur, desarroll\u00e1ndose en tres niveles: subsuelo, planta baja y primer piso. En el subsuelo se ubicar\u00e1n las salas de m\u00e1quinas, farmacia y archivos de historias. En la planta baja se encontrar\u00e1n los servicios de urgencias, sala de tomograf\u00eda computada y sala de rayos, con sus \u00e1reas complementarias y de apoyatura.<\/p>\n<p>Por \u00faltimo, en el primer piso se situar\u00e1n las atenciones de terapia intensiva y unidad coronaria, que contar\u00e1 con 20 camas de Alta Complejidad y 12 comunes (para urgencia y observaci\u00f3n).<\/p>\n<p>La nueva ampliaci\u00f3n se vincula al edificio existente a trav\u00e9s de cuatro conectores: en planta baja con la circulaci\u00f3n del ala norte, en planta alta con la circulaci\u00f3n de internaci\u00f3n de las alas norte y sur y, tambi\u00e9n en planta alta, el ala central con el \u00e1rea quir\u00fargica.<\/p>\n<p>Sumado a esto, el proyecto contempla dos tipos de acceso al Hospital: ingresos peatonales y vehiculares. Los primeros implican el acceso a trav\u00e9s de amplias escalinatas y rampas con pisos antideslizantes, barandas, y se\u00f1al\u00e9tica. En cuanto a los accesos vehiculares, el predio cuenta con ingresos para personal y servicios de abastecimiento y suministros, diferenciados totalmente del ingreso de ambulancias al Servicio de Urgencia.<\/p>\n<p>En el aspecto constructivo cabe destacar que la calidad de los materiales contempla una larga vida \u00fatil del edificio y busca minimizar los costos de operaci\u00f3n y mantenimiento. Adem\u00e1s, la red de instalaciones asegurar\u00e1 la provisi\u00f3n de los servicios a cualquier punto del establecimiento. La modulaci\u00f3n, la accesibilidad de los tramos, su ubicaci\u00f3n estrat\u00e9gica y su sencillez en cuanto al mantenimiento, facilitar\u00e1n su adaptabilidad por cambios de producci\u00f3n o tecnolog\u00eda.<\/p>\n<p>Por \u00faltimo, las obras exteriores incluyen el dise\u00f1o paisaj\u00edstico y el tratamiento de los espacios exteriores, con plantaci\u00f3n de especies vegetales, instalaci\u00f3n de equipamientos espec\u00edficos de mantenimiento y riego.<\/p>\n<p>Actualmente la obra posee un 93% de avance y su finalizaci\u00f3n se estima para el primer semestre de 2022. Durante el proceso constructivo, el edificio alcanz\u00f3 un pico m\u00e1ximo de 130 trabajadores (2017) y un promedio estimado de 71 operarios.<\/p>\n<figure id=\"attachment_43696\" aria-describedby=\"caption-attachment-43696\" style=\"width: 800px\" class=\"wp-caption alignnone\"><img loading=\"lazy\" decoding=\"async\" class=\"wp-image-43696 size-full\" src=\"https:\/\/vocesparalelas.com.ar\/sitio\/wp-content\/uploads\/2021\/11\/HMQ-10.jpg\" alt=\"\" width=\"800\" height=\"533\" srcset=\"https:\/\/vocesparalelas.com.ar\/sitio\/wp-content\/uploads\/2021\/11\/HMQ-10.jpg 800w, https:\/\/vocesparalelas.com.ar\/sitio\/wp-content\/uploads\/2021\/11\/HMQ-10-300x200.jpg 300w, https:\/\/vocesparalelas.com.ar\/sitio\/wp-content\/uploads\/2021\/11\/HMQ-10-768x512.jpg 768w\" sizes=\"auto, (max-width: 800px) 100vw, 800px\" \/><figcaption id=\"caption-attachment-43696\" class=\"wp-caption-text\">inspector de la Obra por la Direcci\u00f3n de Arquitectura, Arq. Sebasti\u00e1n Deredita<\/figcaption><\/figure>\n<p>&nbsp;<\/p>\n<p><iframe loading=\"lazy\" title=\"HMQ\" width=\"800\" height=\"450\" src=\"https:\/\/www.youtube.com\/embed\/QiKhrx1Y9ng?feature=oembed\" frameborder=\"0\" allow=\"accelerometer; autoplay; clipboard-write; encrypted-media; gyroscope; picture-in-picture\" allowfullscreen><\/iframe><\/p>\n<p>&nbsp;<\/p>\n<p><img loading=\"lazy\" decoding=\"async\" class=\"alignnone wp-image-43688 size-full\" src=\"https:\/\/vocesparalelas.com.ar\/sitio\/wp-content\/uploads\/2021\/11\/HMQ-01.jpg\" alt=\"\" width=\"800\" height=\"533\" srcset=\"https:\/\/vocesparalelas.com.ar\/sitio\/wp-content\/uploads\/2021\/11\/HMQ-01.jpg 800w, https:\/\/vocesparalelas.com.ar\/sitio\/wp-content\/uploads\/2021\/11\/HMQ-01-300x200.jpg 300w, https:\/\/vocesparalelas.com.ar\/sitio\/wp-content\/uploads\/2021\/11\/HMQ-01-768x512.jpg 768w\" sizes=\"auto, (max-width: 800px) 100vw, 800px\" \/><\/p>\n<p><iframe loading=\"lazy\" title=\"HMQ\" width=\"800\" height=\"450\" src=\"https:\/\/www.youtube.com\/embed\/ubmH8qYCYP4?feature=oembed\" frameborder=\"0\" allow=\"accelerometer; autoplay; clipboard-write; encrypted-media; gyroscope; picture-in-picture\" allowfullscreen><\/iframe><\/p>\n<p>&nbsp;<\/p>\n<p><img loading=\"lazy\" decoding=\"async\" class=\"alignnone wp-image-43689 size-full\" src=\"https:\/\/vocesparalelas.com.ar\/sitio\/wp-content\/uploads\/2021\/11\/HMQ-02.jpg\" alt=\"\" width=\"800\" height=\"533\" srcset=\"https:\/\/vocesparalelas.com.ar\/sitio\/wp-content\/uploads\/2021\/11\/HMQ-02.jpg 800w, https:\/\/vocesparalelas.com.ar\/sitio\/wp-content\/uploads\/2021\/11\/HMQ-02-300x200.jpg 300w, https:\/\/vocesparalelas.com.ar\/sitio\/wp-content\/uploads\/2021\/11\/HMQ-02-768x512.jpg 768w\" sizes=\"auto, (max-width: 800px) 100vw, 800px\" \/><\/p>\n<p><img loading=\"lazy\" decoding=\"async\" class=\"alignnone wp-image-43690 size-full\" src=\"https:\/\/vocesparalelas.com.ar\/sitio\/wp-content\/uploads\/2021\/11\/HMQ-03.jpg\" alt=\"\" width=\"800\" height=\"533\" srcset=\"https:\/\/vocesparalelas.com.ar\/sitio\/wp-content\/uploads\/2021\/11\/HMQ-03.jpg 800w, https:\/\/vocesparalelas.com.ar\/sitio\/wp-content\/uploads\/2021\/11\/HMQ-03-300x200.jpg 300w, https:\/\/vocesparalelas.com.ar\/sitio\/wp-content\/uploads\/2021\/11\/HMQ-03-768x512.jpg 768w\" sizes=\"auto, (max-width: 800px) 100vw, 800px\" \/><\/p>\n<p><img loading=\"lazy\" decoding=\"async\" class=\"alignnone wp-image-43691 size-full\" src=\"https:\/\/vocesparalelas.com.ar\/sitio\/wp-content\/uploads\/2021\/11\/HMQ-04.jpg\" alt=\"\" width=\"800\" height=\"533\" srcset=\"https:\/\/vocesparalelas.com.ar\/sitio\/wp-content\/uploads\/2021\/11\/HMQ-04.jpg 800w, https:\/\/vocesparalelas.com.ar\/sitio\/wp-content\/uploads\/2021\/11\/HMQ-04-300x200.jpg 300w, https:\/\/vocesparalelas.com.ar\/sitio\/wp-content\/uploads\/2021\/11\/HMQ-04-768x512.jpg 768w\" sizes=\"auto, (max-width: 800px) 100vw, 800px\" \/><\/p>\n<p><img loading=\"lazy\" decoding=\"async\" class=\"alignnone wp-image-43692 size-full\" src=\"https:\/\/vocesparalelas.com.ar\/sitio\/wp-content\/uploads\/2021\/11\/HMQ-05.jpg\" alt=\"\" width=\"800\" height=\"533\" srcset=\"https:\/\/vocesparalelas.com.ar\/sitio\/wp-content\/uploads\/2021\/11\/HMQ-05.jpg 800w, https:\/\/vocesparalelas.com.ar\/sitio\/wp-content\/uploads\/2021\/11\/HMQ-05-300x200.jpg 300w, https:\/\/vocesparalelas.com.ar\/sitio\/wp-content\/uploads\/2021\/11\/HMQ-05-768x512.jpg 768w\" sizes=\"auto, (max-width: 800px) 100vw, 800px\" \/><\/p>\n<p><img loading=\"lazy\" decoding=\"async\" class=\"alignnone wp-image-43693 size-full\" src=\"https:\/\/vocesparalelas.com.ar\/sitio\/wp-content\/uploads\/2021\/11\/HMQ-06.jpg\" alt=\"\" width=\"800\" height=\"533\" srcset=\"https:\/\/vocesparalelas.com.ar\/sitio\/wp-content\/uploads\/2021\/11\/HMQ-06.jpg 800w, https:\/\/vocesparalelas.com.ar\/sitio\/wp-content\/uploads\/2021\/11\/HMQ-06-300x200.jpg 300w, https:\/\/vocesparalelas.com.ar\/sitio\/wp-content\/uploads\/2021\/11\/HMQ-06-768x512.jpg 768w\" sizes=\"auto, (max-width: 800px) 100vw, 800px\" \/><\/p>\n<p><img loading=\"lazy\" decoding=\"async\" class=\"alignnone wp-image-43694 size-full\" src=\"https:\/\/vocesparalelas.com.ar\/sitio\/wp-content\/uploads\/2021\/11\/HMQ-07.jpg\" alt=\"\" width=\"800\" height=\"533\" srcset=\"https:\/\/vocesparalelas.com.ar\/sitio\/wp-content\/uploads\/2021\/11\/HMQ-07.jpg 800w, https:\/\/vocesparalelas.com.ar\/sitio\/wp-content\/uploads\/2021\/11\/HMQ-07-300x200.jpg 300w, https:\/\/vocesparalelas.com.ar\/sitio\/wp-content\/uploads\/2021\/11\/HMQ-07-768x512.jpg 768w\" sizes=\"auto, (max-width: 800px) 100vw, 800px\" \/><\/p>\n<p><img loading=\"lazy\" decoding=\"async\" class=\"alignnone wp-image-43695 size-full\" src=\"https:\/\/vocesparalelas.com.ar\/sitio\/wp-content\/uploads\/2021\/11\/HMQ-08.jpg\" alt=\"\" width=\"800\" height=\"533\" srcset=\"https:\/\/vocesparalelas.com.ar\/sitio\/wp-content\/uploads\/2021\/11\/HMQ-08.jpg 800w, https:\/\/vocesparalelas.com.ar\/sitio\/wp-content\/uploads\/2021\/11\/HMQ-08-300x200.jpg 300w, https:\/\/vocesparalelas.com.ar\/sitio\/wp-content\/uploads\/2021\/11\/HMQ-08-768x512.jpg 768w\" sizes=\"auto, (max-width: 800px) 100vw, 800px\" \/><\/p>\n","protected":false},"excerpt":{"rendered":"<p>El Viernes, 05 de Noviembre, el Ministerio de Obras y Servicios P\u00fablicos del Gobierno de San Juan invit\u00f3 a los<\/p>\n","protected":false},"author":3,"featured_media":43699,"comment_status":"closed","ping_status":"closed","sticky":false,"template":"","format":"video","meta":{"_acf_changed":false,"_seopress_robots_primary_cat":"none","_seopress_titles_title":"","_seopress_titles_desc":"","_seopress_robots_index":"","colormag_page_container_layout":"default_layout","colormag_page_sidebar_layout":"default_layout","footnotes":""},"categories":[10,7],"tags":[],"class_list":["post-43711","post","type-post","status-publish","format-video","has-post-thumbnail","hentry","category-opiniones","category-videos","post_format-post-format-video"],"acf":[],"_links":{"self":[{"href":"https:\/\/vocesparalelas.com.ar\/sitio\/wp-json\/wp\/v2\/posts\/43711","targetHints":{"allow":["GET"]}}],"collection":[{"href":"https:\/\/vocesparalelas.com.ar\/sitio\/wp-json\/wp\/v2\/posts"}],"about":[{"href":"https:\/\/vocesparalelas.com.ar\/sitio\/wp-json\/wp\/v2\/types\/post"}],"author":[{"embeddable":true,"href":"https:\/\/vocesparalelas.com.ar\/sitio\/wp-json\/wp\/v2\/users\/3"}],"replies":[{"embeddable":true,"href":"https:\/\/vocesparalelas.com.ar\/sitio\/wp-json\/wp\/v2\/comments?post=43711"}],"version-history":[{"count":3,"href":"https:\/\/vocesparalelas.com.ar\/sitio\/wp-json\/wp\/v2\/posts\/43711\/revisions"}],"predecessor-version":[{"id":43721,"href":"https:\/\/vocesparalelas.com.ar\/sitio\/wp-json\/wp\/v2\/posts\/43711\/revisions\/43721"}],"wp:featuredmedia":[{"embeddable":true,"href":"https:\/\/vocesparalelas.com.ar\/sitio\/wp-json\/wp\/v2\/media\/43699"}],"wp:attachment":[{"href":"https:\/\/vocesparalelas.com.ar\/sitio\/wp-json\/wp\/v2\/media?parent=43711"}],"wp:term":[{"taxonomy":"category","embeddable":true,"href":"https:\/\/vocesparalelas.com.ar\/sitio\/wp-json\/wp\/v2\/categories?post=43711"},{"taxonomy":"post_tag","embeddable":true,"href":"https:\/\/vocesparalelas.com.ar\/sitio\/wp-json\/wp\/v2\/tags?post=43711"}],"curies":[{"name":"wp","href":"https:\/\/api.w.org\/{rel}","templated":true}]}}