{"id":43702,"date":"2021-11-06T20:25:17","date_gmt":"2021-11-06T23:25:17","guid":{"rendered":"https:\/\/vocesparalelas.com.ar\/sitio\/?p=43702"},"modified":"2021-11-08T21:47:41","modified_gmt":"2021-11-09T00:47:41","slug":"programa-de-noviembre-2021-escuchame-una-cosita-ciclo-de-solistas-de-san-juan","status":"publish","type":"post","link":"https:\/\/vocesparalelas.com.ar\/sitio\/programa-de-noviembre-2021-escuchame-una-cosita-ciclo-de-solistas-de-san-juan\/","title":{"rendered":"Programa de Noviembre 2021 \u00abEscuchame una cosita\u00bb Ciclo de Solistas de San Juan"},"content":{"rendered":"<p>Cuarta edici\u00f3n del Ciclo que busca visibilizar la creciente escena de solistas de San Juan. Despu\u00e9s del \u00e9xito de la tercera edici\u00f3n, sigue todos los domingos de noviembre el\u00a0 Ciclo de Solistas: \u201cEsc\u00fachame una Cosita\u201d en cada concierto podremos escuchar la propuesta de una cantautora y un cantautor. La cita es en Donata del Desierto, Av. Libertador Gral. San Mart\u00edn 3311 &#8211; O &#8211; Rivadavia, los Domingos,\u00a0 a las 20 hs. La entrada es libre y gratuita.<\/p>\n<p><strong><span style=\"color: #008000;\">Programaci\u00f3n de Escuchame una cosita \u2013Noviembre 2021<\/span><\/strong><\/p>\n<ul>\n<li>7 de Noviembre, Luli Gon &amp; Lucas y el tao<\/li>\n<li>14 de Noviembre, Esha &amp; Rostro Roto<\/li>\n<li>21 de Noviembre, Eysen &amp;\u00a0 Frecuencia Fantas\u00eda<\/li>\n<li>28 de Noviembre, Vale invisible &amp; Raiano<\/li>\n<\/ul>\n<p><strong><span style=\"color: #008000;\">Organiza<\/span><\/strong><\/p>\n<p>Fabricio Montilla 2644545009<\/p>\n<p>Redes Sociales\u00a0 Escuchame\u00a0 una cosita<\/p>\n<p><a href=\"https:\/\/www.instagram.com\/escuchameunacositasj\/\">https:\/\/www.instagram.com\/escuchameunacositasj\/<\/a><\/p>\n<p><a href=\"https:\/\/www.facebook.com\/Escuchame-una-cosita-Ciclo-de-Solistas-220257728691298\">https:\/\/www.facebook.com\/Escuchame-una-cosita-Ciclo-de-Solistas-220257728691298<\/a><\/p>\n<p><span style=\"color: #008000;\"><strong>Sobre el Ciclo:<\/strong><\/span><\/p>\n<p>La escena de solistas autores y autoras en la Provincia de San Juan ha crecido exponencialmente tanto en cantidad como calidad, llegando a contar con m\u00e1s de 150 solistas solo en el Gran San Juan y sus alrededores.<\/p>\n<p>En el a\u00f1o 2018 nace el Ciclo de Solistas \u00abEsc\u00fachame una Cosita\u00bb con el fin de visibilizar la escena de solistas, el\u00a0 eje de la propuesta\u00a0 fue\u00a0 crear un espacio para la escucha en donde\u00a0 se pone el foco en\u00a0 el valor de la canci\u00f3n de autor como objeto simb\u00f3lico del campo cultural.<\/p>\n<p>Por el Ciclo ya han pasado m\u00e1s de 60 solistas en lo casi 50 conciertos que lleva \u201cEscuchame\u201d desde su inicio.<\/p>\n<p>Varias generaciones de m\u00fasicas y m\u00fasicos vivencian en este evento la posibilidad de encontrase de forma presencial con su p\u00fablico y con nuevas audiencias,<\/p>\n<p>&nbsp;<\/p>\n<p><img loading=\"lazy\" decoding=\"async\" class=\"alignnone wp-image-43705 size-large\" src=\"https:\/\/vocesparalelas.com.ar\/sitio\/wp-content\/uploads\/2021\/11\/NOVIEMBRE-DONATA-EUC-Nov07-800x800.jpg\" alt=\"\" width=\"800\" height=\"800\" \/><\/p>\n<p><img loading=\"lazy\" decoding=\"async\" class=\"alignnone wp-image-43706 size-large\" src=\"https:\/\/vocesparalelas.com.ar\/sitio\/wp-content\/uploads\/2021\/11\/NOVIEMBRE-DONATA-EUC-Nov14-800x800.jpg\" alt=\"\" width=\"800\" height=\"800\" \/><\/p>\n<p><img loading=\"lazy\" decoding=\"async\" class=\"alignnone wp-image-43707 size-large\" src=\"https:\/\/vocesparalelas.com.ar\/sitio\/wp-content\/uploads\/2021\/11\/NOVIEMBRE-DONATA-EUC-Nov21-800x800.jpg\" alt=\"\" width=\"800\" height=\"800\" \/><\/p>\n<p><img loading=\"lazy\" decoding=\"async\" class=\"alignnone wp-image-43708 size-large\" src=\"https:\/\/vocesparalelas.com.ar\/sitio\/wp-content\/uploads\/2021\/11\/NOVIEMBRE-DONATA-EUC-Nov28-800x800.jpg\" alt=\"\" width=\"800\" height=\"800\" \/><\/p>\n<p>&nbsp;<\/p>\n<p>&nbsp;<\/p>\n","protected":false},"excerpt":{"rendered":"<p>Cuarta edici\u00f3n del Ciclo que busca visibilizar la creciente escena de solistas de San Juan. Despu\u00e9s del \u00e9xito de la<\/p>\n","protected":false},"author":3,"featured_media":0,"comment_status":"closed","ping_status":"closed","sticky":false,"template":"","format":"standard","meta":{"_acf_changed":false,"_seopress_robots_primary_cat":"none","_seopress_titles_title":"","_seopress_titles_desc":"","_seopress_robots_index":"","colormag_page_container_layout":"default_layout","colormag_page_sidebar_layout":"default_layout","footnotes":""},"categories":[20],"tags":[],"class_list":["post-43702","post","type-post","status-publish","format-standard","hentry","category-cartelera"],"acf":[],"_links":{"self":[{"href":"https:\/\/vocesparalelas.com.ar\/sitio\/wp-json\/wp\/v2\/posts\/43702","targetHints":{"allow":["GET"]}}],"collection":[{"href":"https:\/\/vocesparalelas.com.ar\/sitio\/wp-json\/wp\/v2\/posts"}],"about":[{"href":"https:\/\/vocesparalelas.com.ar\/sitio\/wp-json\/wp\/v2\/types\/post"}],"author":[{"embeddable":true,"href":"https:\/\/vocesparalelas.com.ar\/sitio\/wp-json\/wp\/v2\/users\/3"}],"replies":[{"embeddable":true,"href":"https:\/\/vocesparalelas.com.ar\/sitio\/wp-json\/wp\/v2\/comments?post=43702"}],"version-history":[{"count":2,"href":"https:\/\/vocesparalelas.com.ar\/sitio\/wp-json\/wp\/v2\/posts\/43702\/revisions"}],"predecessor-version":[{"id":43710,"href":"https:\/\/vocesparalelas.com.ar\/sitio\/wp-json\/wp\/v2\/posts\/43702\/revisions\/43710"}],"wp:attachment":[{"href":"https:\/\/vocesparalelas.com.ar\/sitio\/wp-json\/wp\/v2\/media?parent=43702"}],"wp:term":[{"taxonomy":"category","embeddable":true,"href":"https:\/\/vocesparalelas.com.ar\/sitio\/wp-json\/wp\/v2\/categories?post=43702"},{"taxonomy":"post_tag","embeddable":true,"href":"https:\/\/vocesparalelas.com.ar\/sitio\/wp-json\/wp\/v2\/tags?post=43702"}],"curies":[{"name":"wp","href":"https:\/\/api.w.org\/{rel}","templated":true}]}}