{"id":43666,"date":"2021-11-05T21:43:54","date_gmt":"2021-11-06T00:43:54","guid":{"rendered":"https:\/\/vocesparalelas.com.ar\/sitio\/?p=43666"},"modified":"2021-11-08T21:48:03","modified_gmt":"2021-11-09T00:48:03","slug":"ofrecen-cargo-de-supervisor-de-la-rama-primaria","status":"publish","type":"post","link":"https:\/\/vocesparalelas.com.ar\/sitio\/ofrecen-cargo-de-supervisor-de-la-rama-primaria\/","title":{"rendered":"Ofrecen cargo de Supervisor de la Rama Primaria"},"content":{"rendered":"<p>La Junta de Clasificaci\u00f3n Docente Rama Primaria del Ministerio de Educaci\u00f3n del Gobierno de San Juan, informa el cargo vacante de Supervisor Escolar que ser\u00e1 ofrecido, seg\u00fan Resoluci\u00f3n N\u00ba 2162-ME-2020, el 11 de Noviembre de 2021, a las 9 horas, bajo estricto protocolo sanitario preventivo, en la sede de esta Junta, Tucum\u00e1n 75 norte, Capital.<\/p>\n<p>&nbsp;<\/p>\n<p><img loading=\"lazy\" decoding=\"async\" class=\"alignnone wp-image-43669 size-full\" src=\"https:\/\/vocesparalelas.com.ar\/sitio\/wp-content\/uploads\/2021\/11\/SUPERVISOR-PRIMARIA.jpg\" alt=\"\" width=\"635\" height=\"200\" srcset=\"https:\/\/vocesparalelas.com.ar\/sitio\/wp-content\/uploads\/2021\/11\/SUPERVISOR-PRIMARIA.jpg 635w, https:\/\/vocesparalelas.com.ar\/sitio\/wp-content\/uploads\/2021\/11\/SUPERVISOR-PRIMARIA-300x94.jpg 300w\" sizes=\"auto, (max-width: 635px) 100vw, 635px\" \/><\/p>\n<p><span style=\"color: #ff0000;\"><strong>Cronograma del proceso<\/strong><\/span><\/p>\n<ul>\n<li>Exhibici\u00f3n del Cargo Vacante 8, 9 y 10 de noviembre de 2021.<\/li>\n<li>Acto de Ofrecimiento de Cargo 11 de noviembre de 2021.<\/li>\n<\/ul>\n<p><strong><span style=\"color: #ff0000;\">Los docentes interesados deben concurrir con la siguiente documentaci\u00f3n:<\/span><\/strong><\/p>\n<ul>\n<li>DNI.<\/li>\n<li>Fotocopia de DNI.<\/li>\n<li>Declaraci\u00f3n Jurada de Cargos emitida por el SIGE.<\/li>\n<li>Resoluci\u00f3n del cargo directivo por el cual concursa.<\/li>\n<\/ul>\n","protected":false},"excerpt":{"rendered":"<p>La Junta de Clasificaci\u00f3n Docente Rama Primaria del Ministerio de Educaci\u00f3n del Gobierno de San Juan, informa el cargo vacante<\/p>\n","protected":false},"author":3,"featured_media":5000,"comment_status":"closed","ping_status":"closed","sticky":false,"template":"","format":"standard","meta":{"_acf_changed":false,"_seopress_robots_primary_cat":"none","_seopress_titles_title":"","_seopress_titles_desc":"","_seopress_robots_index":"","colormag_page_container_layout":"default_layout","colormag_page_sidebar_layout":"default_layout","footnotes":""},"categories":[5],"tags":[],"class_list":["post-43666","post","type-post","status-publish","format-standard","has-post-thumbnail","hentry","category-ofrecimientos"],"acf":[],"_links":{"self":[{"href":"https:\/\/vocesparalelas.com.ar\/sitio\/wp-json\/wp\/v2\/posts\/43666","targetHints":{"allow":["GET"]}}],"collection":[{"href":"https:\/\/vocesparalelas.com.ar\/sitio\/wp-json\/wp\/v2\/posts"}],"about":[{"href":"https:\/\/vocesparalelas.com.ar\/sitio\/wp-json\/wp\/v2\/types\/post"}],"author":[{"embeddable":true,"href":"https:\/\/vocesparalelas.com.ar\/sitio\/wp-json\/wp\/v2\/users\/3"}],"replies":[{"embeddable":true,"href":"https:\/\/vocesparalelas.com.ar\/sitio\/wp-json\/wp\/v2\/comments?post=43666"}],"version-history":[{"count":1,"href":"https:\/\/vocesparalelas.com.ar\/sitio\/wp-json\/wp\/v2\/posts\/43666\/revisions"}],"predecessor-version":[{"id":43670,"href":"https:\/\/vocesparalelas.com.ar\/sitio\/wp-json\/wp\/v2\/posts\/43666\/revisions\/43670"}],"wp:featuredmedia":[{"embeddable":true,"href":"https:\/\/vocesparalelas.com.ar\/sitio\/wp-json\/wp\/v2\/media\/5000"}],"wp:attachment":[{"href":"https:\/\/vocesparalelas.com.ar\/sitio\/wp-json\/wp\/v2\/media?parent=43666"}],"wp:term":[{"taxonomy":"category","embeddable":true,"href":"https:\/\/vocesparalelas.com.ar\/sitio\/wp-json\/wp\/v2\/categories?post=43666"},{"taxonomy":"post_tag","embeddable":true,"href":"https:\/\/vocesparalelas.com.ar\/sitio\/wp-json\/wp\/v2\/tags?post=43666"}],"curies":[{"name":"wp","href":"https:\/\/api.w.org\/{rel}","templated":true}]}}