{"id":43660,"date":"2021-11-05T00:42:27","date_gmt":"2021-11-05T03:42:27","guid":{"rendered":"https:\/\/vocesparalelas.com.ar\/sitio\/?p=43660"},"modified":"2021-11-07T22:02:12","modified_gmt":"2021-11-08T01:02:12","slug":"seminario-emergencia-hidrica-impacto-y-mitigacion","status":"publish","type":"post","link":"https:\/\/vocesparalelas.com.ar\/sitio\/seminario-emergencia-hidrica-impacto-y-mitigacion\/","title":{"rendered":"Seminario \u00abEmergencia h\u00eddrica: impacto y mitigaci\u00f3n\u00bb"},"content":{"rendered":"<p>\u201cNuestro rol como Facultad es generar una mesa de debates sobre la crisis h\u00eddrica en San Juan. Por eso habr\u00e1 disertantes especializados en hidr\u00e1ulica, agronom\u00eda, en sistemas de bombeo, productores. En mi caso, hablar\u00e9 de bombeo solar\u201d, anunci\u00f3 Facundo Delgado, ingeniero del Departamento de Ingenier\u00eda Electromec\u00e1nica, unidad que, junto a la instituci\u00f3n que la contiene, la Facultad de Ingenier\u00eda de la UNSJ, organiza el Seminario \u201cEmergencia h\u00eddrica: impacto y mitigaci\u00f3n\u201d.<\/p>\n<p>Dirigidas a los sectores agropecuario, ganadero y afines, las disertaciones ser\u00e1n desde el mi\u00e9rcoles 10 de noviembre\u00a0 (inaugura a las 17) hasta el viernes 12 de este mes. El lugar es la\u00a0Sala de Conferencias del Instituto de Energ\u00eda El\u00e9ctrica\u00a0de la Facultad de Ingenier\u00eda \u2013 UNSJ (Av. Libertador San Mart\u00edn 1109 Oeste).\u00a0El horario de las disertaciones en los tres d\u00edas es entre las 17 y 20.30.\u00a0La actividad es presencial y las acreditaciones comienzan a las 16.30.<\/p>\n<p>Los dem\u00e1s disertantes, aparte de Facundo Delgado, son el doctor ingeniero Oscar D\u00f6lling, la ingeniera Emilia Estronell, los ingenieros Mauricio Borsi y Leonardo Sarda, y el magister ingeniero Oscar Coria.<\/p>\n<p><span style=\"color: #808000;\"><strong>Adaptar<\/strong><\/span><\/p>\n<p>Oscar D\u00f6lling dijo que la crisis h\u00eddrica se puede mitigar, pero ello va de la mano de ciertas medidas. \u201cLas medidas estructurales pasan por obras para poder adaptar los sistemas que tenemos para ser m\u00e1s eficientes. Estas obras implican -y ac\u00e1 viene tema electromec\u00e1nico-, la adaptaci\u00f3n de sistemas de compuertas para que sean autom\u00e1ticos y exista telemetr\u00eda (sistema automatizado), para as\u00ed poder comandar a la distancia con software de optimizaci\u00f3n. Se puede optimizar la distribuci\u00f3n principal como la aplicaci\u00f3n en fincas. Y a nivel de fincas tambi\u00e9n hay sistemas de optimizaci\u00f3n de entrega de agua, incluso utilizando mangas o riego presurizado, m\u00e1s sensores, etc. La mitigaci\u00f3n hoy viene de la mano de la tecnolog\u00eda.\u00a0Si no tecnificamos los sistemas de riego, no nos vamos a poder adaptar a estos cambios a que nos somete la naturaleza\u201d, defini\u00f3.<\/p>\n<p>Director del Programa de Gesti\u00f3n Integral de Cuencas Hidrogr\u00e1ficas, Ingenier\u00eda Hidr\u00e1ulica y Ambiental de la Facultad de Ingenier\u00eda de la UNSJ, Oscar D\u00f6lling dijo que la crisis h\u00eddrica es producto \u201cde cambios c\u00edclicos, naturales, que dependen de la ciclicidad de la actividad solar: hoy estamos pasando por un m\u00ednimo de actividad solar. Estamos viviendo una situaci\u00f3n de disminuci\u00f3n de precipitaciones n\u00edveas, pero\u00a0<strong>dentro de unos tres o cuatro a\u00f1os podemos empezar a ver una recuperaci\u00f3n de nuestras \u00e1reas cubiertas de nieve. Eso no significa que no vayamos a pasar en la pr\u00f3xima d\u00e9cada situaciones de sequ\u00eda<\/strong>. Tenemos que aprender a manejarnos y adaptarnos para poder mitigar los efectos de esta situaci\u00f3n\u201d.<\/p>\n<p>&nbsp;<\/p>\n<p><img loading=\"lazy\" decoding=\"async\" class=\"alignnone wp-image-43662 size-large\" src=\"https:\/\/vocesparalelas.com.ar\/sitio\/wp-content\/uploads\/2021\/11\/FI-SEMINARIO-HIDRICO-800x600.jpg\" alt=\"\" width=\"800\" height=\"600\" srcset=\"https:\/\/vocesparalelas.com.ar\/sitio\/wp-content\/uploads\/2021\/11\/FI-SEMINARIO-HIDRICO-800x600.jpg 800w, https:\/\/vocesparalelas.com.ar\/sitio\/wp-content\/uploads\/2021\/11\/FI-SEMINARIO-HIDRICO-300x225.jpg 300w, https:\/\/vocesparalelas.com.ar\/sitio\/wp-content\/uploads\/2021\/11\/FI-SEMINARIO-HIDRICO-768x576.jpg 768w, https:\/\/vocesparalelas.com.ar\/sitio\/wp-content\/uploads\/2021\/11\/FI-SEMINARIO-HIDRICO.jpg 1024w\" sizes=\"auto, (max-width: 800px) 100vw, 800px\" \/><\/p>\n<p>&nbsp;<\/p>\n<p>&nbsp;<\/p>\n<p>&nbsp;<\/p>\n","protected":false},"excerpt":{"rendered":"<p>\u201cNuestro rol como Facultad es generar una mesa de debates sobre la crisis h\u00eddrica en San Juan. Por eso habr\u00e1<\/p>\n","protected":false},"author":3,"featured_media":23028,"comment_status":"closed","ping_status":"closed","sticky":false,"template":"","format":"standard","meta":{"_acf_changed":false,"_seopress_robots_primary_cat":"none","_seopress_titles_title":"","_seopress_titles_desc":"","_seopress_robots_index":"","colormag_page_container_layout":"default_layout","colormag_page_sidebar_layout":"default_layout","footnotes":""},"categories":[9],"tags":[],"class_list":["post-43660","post","type-post","status-publish","format-standard","has-post-thumbnail","hentry","category-cursos"],"acf":[],"_links":{"self":[{"href":"https:\/\/vocesparalelas.com.ar\/sitio\/wp-json\/wp\/v2\/posts\/43660","targetHints":{"allow":["GET"]}}],"collection":[{"href":"https:\/\/vocesparalelas.com.ar\/sitio\/wp-json\/wp\/v2\/posts"}],"about":[{"href":"https:\/\/vocesparalelas.com.ar\/sitio\/wp-json\/wp\/v2\/types\/post"}],"author":[{"embeddable":true,"href":"https:\/\/vocesparalelas.com.ar\/sitio\/wp-json\/wp\/v2\/users\/3"}],"replies":[{"embeddable":true,"href":"https:\/\/vocesparalelas.com.ar\/sitio\/wp-json\/wp\/v2\/comments?post=43660"}],"version-history":[{"count":1,"href":"https:\/\/vocesparalelas.com.ar\/sitio\/wp-json\/wp\/v2\/posts\/43660\/revisions"}],"predecessor-version":[{"id":43663,"href":"https:\/\/vocesparalelas.com.ar\/sitio\/wp-json\/wp\/v2\/posts\/43660\/revisions\/43663"}],"wp:featuredmedia":[{"embeddable":true,"href":"https:\/\/vocesparalelas.com.ar\/sitio\/wp-json\/wp\/v2\/media\/23028"}],"wp:attachment":[{"href":"https:\/\/vocesparalelas.com.ar\/sitio\/wp-json\/wp\/v2\/media?parent=43660"}],"wp:term":[{"taxonomy":"category","embeddable":true,"href":"https:\/\/vocesparalelas.com.ar\/sitio\/wp-json\/wp\/v2\/categories?post=43660"},{"taxonomy":"post_tag","embeddable":true,"href":"https:\/\/vocesparalelas.com.ar\/sitio\/wp-json\/wp\/v2\/tags?post=43660"}],"curies":[{"name":"wp","href":"https:\/\/api.w.org\/{rel}","templated":true}]}}