{"id":4366,"date":"2017-08-25T01:50:13","date_gmt":"2017-08-25T04:50:13","guid":{"rendered":"http:\/\/vocesparalelas.com.ar\/sitio\/?p=4366"},"modified":"2017-11-10T17:45:18","modified_gmt":"2017-11-10T20:45:18","slug":"construiran-viviendas-en-el-departamento-jachal","status":"publish","type":"post","link":"https:\/\/vocesparalelas.com.ar\/sitio\/construiran-viviendas-en-el-departamento-jachal\/","title":{"rendered":"Construir\u00e1n viviendas en el Departamento J\u00e1chal"},"content":{"rendered":"<p>La C\u00e1mara de Diputados de San Juan celebr\u00f3 el Jueves, 24 de Agosto, la Octava Sesi\u00f3n del per\u00edodo ordinario en cuyo transcurso consider\u00f3 y aprob\u00f3 diversos temas entre los que sobresalen una iniciativa Interbloque como es la creaci\u00f3n del C\u00edrculo de Legisladores de San Juan y la declaraci\u00f3n de utilidad p\u00fablica y sujetos a expropiaci\u00f3n un total de siete parcelas para erigir all\u00ed la nueva terminal de colectivos de larga y media distancia.<\/p>\n<p>La sesi\u00f3n fue conducida en forma alternada por el vicegobernador y presidente de la C\u00e1mara de Diputados, Marcelo Jorge Lima y el vicepresidente segundo del cuerpo parlamentario, legislador C\u00e9sar Aguilar.<\/p>\n<p><span style=\"color: #800080\"><strong>C\u00edrculo de Legisladores de San Juan<\/strong><\/span><\/p>\n<p>Por una iniciativa Interbloque, el cuerpo parlamentario considerar\u00e1 el proyecto de Ley de creaci\u00f3n del C\u00edrculo de Legisladores de San Juan en el \u00e1mbito de la C\u00e1mara de Diputados de la provincia de San Juan.<\/p>\n<p>La norma planteada propone que el C\u00edrculo de Legisladores dependa funcionalmente de la C\u00e1mara de Diputados e integrar\u00e1 su estructura org\u00e1nica.<\/p>\n<p>Asimismo, se\u00f1ala entre otros aspectos que las finalidades del C\u00edrculo de Legisladores ser\u00e1n las de agrupar a los diputados en ejercicio y mandato cumplido a fin de consolidar los v\u00ednculos asociativos entre todos los miembros del C\u00edrculo, sin discriminaci\u00f3n alguna por razones pol\u00edtico \u2013 partidarias.<\/p>\n<p><span style=\"color: #800080\"><strong>Nueva Terminal de Colectivos<\/strong><\/span><\/p>\n<p>Por otra parte, el cuerpo deber\u00e1 considerar si otorga acuerdo al Mensaje N\u00ba 0065 y proyecto de Ley remitido por el Poder Ejecutivo por el que declara de utilidad p\u00fablica y sujeto a expropiaci\u00f3n conforme a la Ley General de Expropiaciones N\u00ba 1000-A, un total de siete parcelas que ser\u00e1n destinadas a la localizaci\u00f3n de la nueva Terminal de Colectivos de media y larga distancia de la provincia.<\/p>\n<p><span style=\"color: #800080\"><strong>Obras de electrificaci\u00f3n<\/strong><\/span><\/p>\n<p>El plenario resolver\u00e1 si otorga conformidad al Mensaje N\u00ba 0073 y proyecto de Ley remitido por el Poder Ejecutivo por el que modifica la Ley N\u00ba 1181-A, en el que en su art\u00edculo 1\u00ba declara de utilidad p\u00fablica obras de jurisdicci\u00f3n nacional, incorporadas o a ser incorporadas al Sistema Argentino de Interconexi\u00f3n (SADI); obras de jurisdicci\u00f3n provincial, las cuales forman parte del Sistema Interconectado Provincial (SIP).<\/p>\n<p>A la vez considera los antecedentes normativos y legales y el tratamiento dado a los beneficiarios de las obras, como tambi\u00e9n el tratamiento de los aportes que realicen las empresas mineras y las centrales de generaci\u00f3n de energ\u00edas renovables alternativas.<\/p>\n<p><span style=\"color: #800080\"><strong>Convenio con INTA<\/strong><\/span><\/p>\n<p>Adem\u00e1s, los parlamentarios deber\u00e1n resolver si ofrecen acuerdo al Mensaje N\u00ba 0024 y proyecto de Ley remitido por el Poder Ejecutivo, por el que aprueba el Convenio y su respectivo anexo, celebrado entre el Instituto Nacional de Tecnolog\u00eda Agropecuaria (INTA) y la provincia, cuyo objetivo es conformar un equipo de investigaci\u00f3n que realice un aporte t\u00e9cnico para el dise\u00f1o de pol\u00edticas p\u00fablicas para un proceso de innovaci\u00f3n en la vitivinicultura sanjuanina.<\/p>\n<p><span style=\"color: #800080\"><strong>Convenio con CONICET<\/strong><\/span><\/p>\n<p>Asimismo, el cuerpo considerar\u00e1 el Mensaje N\u00ba 0070 y proyecto de Ley remitido por el Poder Ejecutivo por el ratifica en todas sus partes la Adenda, de fecha 21 de marzo de 2017, al Convenio Espec\u00edfico de Financiamiento Conjunto de Proyectos de Investigaci\u00f3n Orientados, aprobado por Decreto N\u00ba 0498-SECITI-15, entre la Secretar\u00eda de Estado de Ciencia, Tecnolog\u00eda e Innovaci\u00f3n de la provincia de San Juan, representada por su titular, Tulio Abel Del Bono y el Consejo Nacional de Investigaciones Cient\u00edficas y T\u00e9cnicas (CONICET), representada por su presidente, Hermenegildo Alejandro Ram\u00f3n Ceccatto.<\/p>\n<p><span style=\"color: #800080\"><strong>Convenio por Comedores Escolares<\/strong><\/span><\/p>\n<p>Acto seguido, los legisladores deber\u00e1n determinar si otorgan acuerdo al Mensaje N\u00ba 0073 y proyecto de Ley remitido por el Ejecutivo por el que aprueba en todas sus partes el Convenio de Ejecuci\u00f3n Plan Nacional de Seguridad Alimentaria \u2013 Funcionamiento de Comedores Escolares, que tiene por objeto brindar un refuerzo alimentario a ni\u00f1os, ni\u00f1as y adolescentes en edad escolar asistentes a comedores escolares de la provincia, provenientes de hogares en situaci\u00f3n de vulnerabilidad socio alimentaria de la provincia.<\/p>\n<p><span style=\"color: #800080\"><strong>Construcci\u00f3n de viviendas en J\u00e1chal<\/strong><\/span><\/p>\n<p>Tambi\u00e9n los diputados deber\u00e1n considerar si ofrecen conformidad al Mensaje N\u00ba 0067 y proyecto de Ley remitido por el Poder Ejecutivo, por el que es aprobado el Convenio Espec\u00edfico \u201cPrograma de construcci\u00f3n de viviendas sociales\u201d, celebrado entre la Direcci\u00f3n Provincial del Lote Hogar, representada por su director, Juan Arturo Pizzoglio y la municipalidad de J\u00e1chal, representada por su intendente, Miguel Vega, suscripto a los 26 d\u00edas del mes de abril de 2017, cuyo objeto radica en la construcci\u00f3n de veinte vivienas sociales en la localidad de Villa Mercedes, del departamento J\u00e1chal.<\/p>\n<p><span style=\"color: #800080\"><strong>Convenio de asistencia educativa<\/strong><\/span><\/p>\n<p>Luego, los parlamentarios considerar\u00e1n el Mensaje N\u00ba 0072 y proyecto de Ley remitido por el Poder Ejecutivo por el que aprueba el Convenio de Asistencia Educativa, de fecha 10 de agosto de 2016, suscripto por la municipalidad de Pocito, representado por el intendente N\u00e9stor Fabi\u00e1n Aballay y el ministerio de Educaci\u00f3n de la provincia, representado por el ministro, Felipe De los R\u00edos.<\/p>\n<p><span style=\"color: #800080\"><strong>Imponen nombre a centro educativo<\/strong><\/span><\/p>\n<p>A instancias del legislador Leonardo Gioja, el plenario resolvi\u00f3 aprobar un proyecto de Ley por el que impuso el nombre de Centro de Educaci\u00f3n de Nivel Secundario \u201cProfesora Mar\u00eda del Carmen Caballero Vidal\u201d al CENS N\u00ba 69, ubicado en avenida Alem 314 sur, departamento Capital, dependiente de la Direcci\u00f3n de Adultos del Ministerio de Educaci\u00f3n de la provincia de San Juan.<\/p>\n<p>Durante el tratamiento del proyecto de Ley estuvieron presentes el director del establecimiento, Ra\u00fal Videla y la profesora Roxana Mercado.<\/p>\n<p><span style=\"color: #800080\"><strong>Resoluciones<\/strong><\/span><\/p>\n<p>Por otra parte, los legisladores resolvieron aprobar los siguientes proyectos de Resoluci\u00f3n que declaran de Inter\u00e9s:<\/p>\n<ul>\n<li><span style=\"color: #800080\"><strong>Art\u00edstico y Cultural<\/strong> <\/span>a las distintas actividades que se realizan en \u201cCinco elementos, ecosistema cultural\u201d, ubicado en la localidad de La Ca\u00f1ada, del departamento Albard\u00f3n. (diputada Cristina L\u00f3pez);<\/li>\n<li><span style=\"color: #800080\"><strong>Educativo y Acad\u00e9mico<\/strong> <\/span>las \u201cXXXVIII Jornadas Nacionales de profesores de Matem\u00e1tica Financiera\u201d, organizadas por la c\u00e1tedra C\u00e1lculo Financiero dependiente del departamento de Ciencias Econ\u00f3micas de la Facultad de Ciencias Sociales de la Universidad Nacional de San Juan,\u00a0 a realizarse los d\u00edas 12, 13 y 14 de octubre de 2017, en el sal\u00f3n de actos de mencionada facultad. (diputado Jos\u00e9 Rub\u00e9n U\u00f1ac);<\/li>\n<li><span style=\"color: #800080\"><strong>Social, Educativo y Sanitario<\/strong><\/span> el \u201cII Congreso Internacional de Prevenci\u00f3n de Adicciones en Poblaciones Vulnerables\u201d, organizado conjuntamente por el gobierno de la provincia de San Juan, municipalidad de la ciudad de San Juan, SEDRONAR, Universidad Nacional de San Juan, Universidad Cat\u00f3lica de Cuyo y Arzobispado de San Juan de Cuyo, a realizarse los d\u00edas 7 y 8 de septiembre de 2017 en la provincia de San Juan. (diputado Pablo Garc\u00eda Nieto);<\/li>\n<li><span style=\"color: #800080\"><strong>Cient\u00edfico y Educativo<\/strong> <\/span>las \u201cVIII Jornadas de Crecimiento y Desarrollo del Ni\u00f1o y Adolescente\u201d, organizada por el Comit\u00e9 de Docencia e Investigaci\u00f3n del Hospital \u201cDr. Jos\u00e9 Giordano\u201d, del departamento Albard\u00f3n, a realizarse el 8 de septiembre de 2017 en las instalaciones de ese nosocomio. (diputada Cristina L\u00f3pez);<\/li>\n<li><span style=\"color: #800080\"><strong>Sanitario y Social<\/strong><\/span> la tarea y misi\u00f3n del Centro Mutual Rh Negativo, por su valioso aporte a la protecci\u00f3n de la salud de miles de sanjuaninos. (diputado Fernando Moya);<\/li>\n<li><span style=\"color: #800080\"><strong>Cient\u00edfico, Educativo y Cultural<\/strong><\/span> a la \u201cI Jornada Provincial de Investigadores en Historia Regional\u201d, organizada por el Instituto de Investigaciones de Historia Regional y Argentina \u201cProf. H\u00e9ctor D. Arias\u201d, dependiente de la Facultad de Filosof\u00eda, Humanidades y Artes de la Universidad Nacional de San Juan, a realizarse los d\u00edas 14 y 15 de septiembre de 2017, en las instalaciones de la mencionada facultad. (diputada Cristina L\u00f3pez);<\/li>\n<li><strong><span style=\"color: #800080\">Cultural y Social<\/span> <\/strong>el recital \u201cVoces, m\u00fasica y poes\u00eda\u201d, organizado por el poeta Manuel M\u00ednguez y el profesor Nito Constanza, con el auspicio del gobierno de la provincia de San Juan, a trav\u00e9s del Ministerio de Turismo y Cultura, a realizarse el d\u00eda 8 de septiembre de 2017, en el Teatro Sarmiento. (diputada Cristina L\u00f3pez)<\/li>\n<li><span style=\"color: #800080\"><strong>Social y Tur\u00edstico<\/strong><\/span> a las Fiestas Patronales en honor a Santa Rosa de Lima, a realizarse desde el d\u00eda 21 al 30 de agosto de 2017, en el departamento 25 de Mayo. (diputado Rodolfo Jalife);<\/li>\n<li><strong><span style=\"color: #800080\">Educativo, Social y Cultural<\/span><\/strong> el \u201cDesfile c\u00edvico en conmemoraci\u00f3n del bicentenario del Cruce de los Andes\u201d, a realizarse en calles 25 de Mayo e Islas, el d\u00eda 25 de agosto de 2017, organizado por la Escuela \u201cJuan Pestalozzi\u201d, turno tarde. (diputado Andr\u00e9s Chanampa);<\/li>\n<li><strong><span style=\"color: #800080\">Legislativo y Educativo<\/span><\/strong> el \u201cCurso de Actualizaci\u00f3n en Actuaci\u00f3n Pericial en el Proceso Expropiatorio\u201d, organizado en forma conjunta por el Departamento de Ingenier\u00eda en Agrimensura de la Facultad de Ingenier\u00eda de la Universidad Nacional de San Juan y el Colegio de Profesionales de la Agrimensura de la provincia, a realizarse entre los d\u00edas 24 de agosto al 1 de septiembre de 2017. (diputado Mario Tello);<\/li>\n<li><span style=\"color: #800080\"><strong>Social y Educativo<\/strong><\/span> las \u201cXV Jornadas Provinciales de J\u00f3venes Profesionales en Ciencias Econ\u00f3micas bajo el lema \u201cCreando oportunidades para potenciar el futuro\u201d, organizadas por la Comisi\u00f3n de J\u00f3venes del Consejo Profesional de Ciencias Econ\u00f3micas de la provincia conjuntamente con la Federaci\u00f3n Argentina de Consejos Profesionales en Ciencias Econ\u00f3micas, a realizarse el 1 y 2 de septiembre de 2017, en nuestra provincia. (diputado Rodolfo Jalife);<\/li>\n<li><strong><span style=\"color: #800080\">Social y Educativa<\/span> <\/strong>a la Jornada de Inteligencia Emocional, Educaci\u00f3n y Comunicaci\u00f3n, a realizarse los d\u00edas 30 y 31 de agosto de 2017, organizadas por la Universidad Cat\u00f3lica de Cuyo y el Colegio Parroquial Santa Luc\u00eda, en el Centro de Convenciones. (diputados Juan Jos\u00e9 Orrego y Carlos Platero);<\/li>\n<li><strong><span style=\"color: #800080\">Social y Cultural<\/span> <\/strong>la obra titulada \u201cBodas de sangre\u201d, a realizarse el 9 de septiembre de 2017, en el Teatro del Bicentenario, en el marco del festejo por el 35\u00ba aniversario del Instituto Centro de la Danza Granada, ubicado en el departamento Santa Luc\u00eda. (diputados Juan Jos\u00e9 Orrego y Carlos Platero);<\/li>\n<li><strong><span style=\"color: #800080\">Cultural, Tur\u00edstico y Educativo<\/span> <\/strong>el evento \u201cDGR\u201d (Distinguished Gentlemans Ride) a realizarse el pr\u00f3ximo 24 de septiembre a las 10, en la ciudad de San Juan y departamentos aleda\u00f1os. (diputada Graciela Seva);<\/li>\n<li><strong><span style=\"color: #800080\">Tur\u00edstico<\/span><\/strong> la 1\u00ba Fiesta Provincial de la Aventura en San Juan, denominada Expo Aventura\u00b4s San Juan, a realizarse el 10 de septiembre, en la plaza del Bicentenario. (diputado Jos\u00e9 Rub\u00e9n U\u00f1ac), y<\/li>\n<li><strong><span style=\"color: #800080\">Social, Cultural y Educativo<\/span><\/strong> el Taller para Dirigentes Scouts \u201cLiderazgo en el Scoutismo\u201d y el Foro de J\u00f3venes del Distrito I, organizados por el Distrito I, Zona 35, Scouts de San Juan, el 26 de agosto de 2017, en la provincia de San Juan. (diputado Pablo Garc\u00eda Nieto).<\/li>\n<\/ul>\n<p>A la vez, los legisladores considerar\u00e1n un proyecto de Comunicaci\u00f3n, autor\u00eda de los legisladores Juan Jos\u00e9 Orrego y Carlos Platero, por el que requieren al Poder Ejecutivo que arbitre las medidas para la instalaci\u00f3n y puesta en funcionamiento de un cajero autom\u00e1tico del Banco de la Naci\u00f3n Argentina, en la localidad de Alto de Sierra, departamento Santa Luc\u00eda, a fin de mejorar la prestaci\u00f3n de servicios bancarios del mismo.<\/p>\n<p>&nbsp;<\/p>\n<p>&nbsp;<\/p>\n","protected":false},"excerpt":{"rendered":"<p>La C\u00e1mara de Diputados de San Juan celebr\u00f3 el Jueves, 24 de Agosto, la Octava Sesi\u00f3n del per\u00edodo ordinario en<\/p>\n","protected":false},"author":3,"featured_media":4367,"comment_status":"closed","ping_status":"closed","sticky":false,"template":"","format":"standard","meta":{"_acf_changed":false,"_seopress_robots_primary_cat":"","_seopress_titles_title":"","_seopress_titles_desc":"","_seopress_robots_index":"","colormag_page_container_layout":"default_layout","colormag_page_sidebar_layout":"default_layout","footnotes":""},"categories":[1],"tags":[],"class_list":["post-4366","post","type-post","status-publish","format-standard","has-post-thumbnail","hentry","category-destacadas"],"acf":[],"_links":{"self":[{"href":"https:\/\/vocesparalelas.com.ar\/sitio\/wp-json\/wp\/v2\/posts\/4366","targetHints":{"allow":["GET"]}}],"collection":[{"href":"https:\/\/vocesparalelas.com.ar\/sitio\/wp-json\/wp\/v2\/posts"}],"about":[{"href":"https:\/\/vocesparalelas.com.ar\/sitio\/wp-json\/wp\/v2\/types\/post"}],"author":[{"embeddable":true,"href":"https:\/\/vocesparalelas.com.ar\/sitio\/wp-json\/wp\/v2\/users\/3"}],"replies":[{"embeddable":true,"href":"https:\/\/vocesparalelas.com.ar\/sitio\/wp-json\/wp\/v2\/comments?post=4366"}],"version-history":[{"count":0,"href":"https:\/\/vocesparalelas.com.ar\/sitio\/wp-json\/wp\/v2\/posts\/4366\/revisions"}],"wp:featuredmedia":[{"embeddable":true,"href":"https:\/\/vocesparalelas.com.ar\/sitio\/wp-json\/wp\/v2\/media\/4367"}],"wp:attachment":[{"href":"https:\/\/vocesparalelas.com.ar\/sitio\/wp-json\/wp\/v2\/media?parent=4366"}],"wp:term":[{"taxonomy":"category","embeddable":true,"href":"https:\/\/vocesparalelas.com.ar\/sitio\/wp-json\/wp\/v2\/categories?post=4366"},{"taxonomy":"post_tag","embeddable":true,"href":"https:\/\/vocesparalelas.com.ar\/sitio\/wp-json\/wp\/v2\/tags?post=4366"}],"curies":[{"name":"wp","href":"https:\/\/api.w.org\/{rel}","templated":true}]}}