{"id":43656,"date":"2021-11-05T00:02:13","date_gmt":"2021-11-05T03:02:13","guid":{"rendered":"https:\/\/vocesparalelas.com.ar\/sitio\/?p=43656"},"modified":"2021-11-07T21:46:53","modified_gmt":"2021-11-08T00:46:53","slug":"cronograma-de-finalizacion-de-ofrecimientos","status":"publish","type":"post","link":"https:\/\/vocesparalelas.com.ar\/sitio\/cronograma-de-finalizacion-de-ofrecimientos\/","title":{"rendered":"Cronograma de finalizaci\u00f3n de ofrecimientos"},"content":{"rendered":"<p>La Secretaria de Coordinaci\u00f3n Administrativa Financiara y la Secretar\u00eda de Educaci\u00f3n del Ministerio de Educaci\u00f3n del Gobierno de San Juan informan que teniendo en cuenta la Resoluci\u00f3n N\u00b0 0227-ME-2021, Calendario Escolar Provincial 2021 y sus modificatorias, Resoluciones N\u00b0 0242-ME-2021, N\u00b0 2401-ME-2021 y 5183-ME-2021, se comunica el Cronograma de finalizaci\u00f3n de ofrecimientos para cubrir horas c\u00e1tedras y\/o cargos interinos y\/o Suplentes que se produzcan en los distintos niveles y modalidades.<\/p>\n<p><a href=\"https:\/\/vocesparalelas.com.ar\/sitio\/wp-content\/uploads\/2021\/11\/CRONOGRAMA-DE-FINALIZACION.pdf\">CRONOGRAMA DE FINALIZACION<\/a><\/p>\n","protected":false},"excerpt":{"rendered":"<p>La Secretaria de Coordinaci\u00f3n Administrativa Financiara y la Secretar\u00eda de Educaci\u00f3n del Ministerio de Educaci\u00f3n del Gobierno de San Juan<\/p>\n","protected":false},"author":3,"featured_media":28629,"comment_status":"closed","ping_status":"closed","sticky":false,"template":"","format":"standard","meta":{"_acf_changed":false,"_seopress_robots_primary_cat":"none","_seopress_titles_title":"","_seopress_titles_desc":"","_seopress_robots_index":"","colormag_page_container_layout":"default_layout","colormag_page_sidebar_layout":"default_layout","footnotes":""},"categories":[5],"tags":[],"class_list":["post-43656","post","type-post","status-publish","format-standard","has-post-thumbnail","hentry","category-ofrecimientos"],"acf":[],"_links":{"self":[{"href":"https:\/\/vocesparalelas.com.ar\/sitio\/wp-json\/wp\/v2\/posts\/43656","targetHints":{"allow":["GET"]}}],"collection":[{"href":"https:\/\/vocesparalelas.com.ar\/sitio\/wp-json\/wp\/v2\/posts"}],"about":[{"href":"https:\/\/vocesparalelas.com.ar\/sitio\/wp-json\/wp\/v2\/types\/post"}],"author":[{"embeddable":true,"href":"https:\/\/vocesparalelas.com.ar\/sitio\/wp-json\/wp\/v2\/users\/3"}],"replies":[{"embeddable":true,"href":"https:\/\/vocesparalelas.com.ar\/sitio\/wp-json\/wp\/v2\/comments?post=43656"}],"version-history":[{"count":1,"href":"https:\/\/vocesparalelas.com.ar\/sitio\/wp-json\/wp\/v2\/posts\/43656\/revisions"}],"predecessor-version":[{"id":43659,"href":"https:\/\/vocesparalelas.com.ar\/sitio\/wp-json\/wp\/v2\/posts\/43656\/revisions\/43659"}],"wp:featuredmedia":[{"embeddable":true,"href":"https:\/\/vocesparalelas.com.ar\/sitio\/wp-json\/wp\/v2\/media\/28629"}],"wp:attachment":[{"href":"https:\/\/vocesparalelas.com.ar\/sitio\/wp-json\/wp\/v2\/media?parent=43656"}],"wp:term":[{"taxonomy":"category","embeddable":true,"href":"https:\/\/vocesparalelas.com.ar\/sitio\/wp-json\/wp\/v2\/categories?post=43656"},{"taxonomy":"post_tag","embeddable":true,"href":"https:\/\/vocesparalelas.com.ar\/sitio\/wp-json\/wp\/v2\/tags?post=43656"}],"curies":[{"name":"wp","href":"https:\/\/api.w.org\/{rel}","templated":true}]}}