{"id":43652,"date":"2021-11-04T23:34:53","date_gmt":"2021-11-05T02:34:53","guid":{"rendered":"https:\/\/vocesparalelas.com.ar\/sitio\/?p=43652"},"modified":"2021-12-03T21:55:18","modified_gmt":"2021-12-04T00:55:18","slug":"jornada-informativa-bim","status":"publish","type":"post","link":"https:\/\/vocesparalelas.com.ar\/sitio\/jornada-informativa-bim\/","title":{"rendered":"Jornada Informativa BIM"},"content":{"rendered":"<p>El Viernes, 3 de Diciembre, a las 18 hs.; en el Aula Magna de la Facultad de Arquitectura, Urbanismo y Dise\u00f1o de la Universidad Nacional de San Juan se desarrolla la Jornada Informativa BIM. Es\u00a0presencial y gratuita.<\/p>\n<p>El objetivo de la jornada es informar sobre el curso de formaci\u00f3n permanente que la FAUD organiza a traves del Departamento de Estudios de Posgrado.<\/p>\n<p>&nbsp;<\/p>\n<p>La metodolog\u00eda BIM est\u00e1 constituida por procesos, herramientas, est\u00e1ndares y personas, en las cuales se organiza el proceso de la construcci\u00f3n y ciclo de vida de un edificio.<\/p>\n<p>Los cambios sugeridos por la metodolog\u00eda van dirigidos a los fundamentos del flujo de trabajo que actualmente utilizan la mayor parte de los profesionales del \u00e1rea de la construcci\u00f3n. Estos cambios implican la implementaci\u00f3n de l\u00f3gicas de trabajo colaborativo,\u00a0expansi\u00f3n de competencias profesionales e involucrar a todas las disciplinas que intervienen en el proceso de dise\u00f1o.<\/p>\n<p>La Jornada BIM FAUD\u00a0est\u00e1 dirigida a Profesionales de la Arquitectura, Ingenier\u00eda y la Construcci\u00f3n, Docentes, Estudiantes Avanzados, Profesionales T\u00e9cnicos.<\/p>\n<p><span style=\"color: #339966;\"><strong>Se propone entre sus objetivos:<\/strong><\/span><\/p>\n<ul>\n<li>Describir las caracter\u00edsticas y conceptos involucrados en la Implementaci\u00f3n de la Metodolog\u00eda BIM (Building Information Modeling);<\/li>\n<li>Describir el panorama de la situaci\u00f3n contextual en el pa\u00eds y la provincia en la tem\u00e1tica BIM;<\/li>\n<li>Presentar la Propuesta de Cursos de Formaci\u00f3n y Capacitaci\u00f3n en Metodolog\u00eda BIM a iniciar en el ciclo 2022.<\/li>\n<\/ul>\n<p><span style=\"color: #339966;\"><strong>Inscripciones<\/strong><\/span><\/p>\n<p><a href=\"https:\/\/docs.google.com\/forms\/d\/e\/1FAIpQLScMKF23CUnJjWkzkjiR1GzjY760hfVst-nKCzxKuxmMp-AOEA\/viewform\">https:\/\/docs.google.com\/forms\/d\/e\/1FAIpQLScMKF23CUnJjWkzkjiR1GzjY760hfVst-nKCzxKuxmMp-AOEA\/viewform<\/a><\/p>\n<p>&nbsp;<\/p>\n<p><img loading=\"lazy\" decoding=\"async\" class=\"alignnone wp-image-43654 size-large\" src=\"https:\/\/vocesparalelas.com.ar\/sitio\/wp-content\/uploads\/2021\/11\/FAUD-POSGRADO-800x800.jpg\" alt=\"\" width=\"800\" height=\"800\" srcset=\"https:\/\/vocesparalelas.com.ar\/sitio\/wp-content\/uploads\/2021\/11\/FAUD-POSGRADO-800x800.jpg 800w, https:\/\/vocesparalelas.com.ar\/sitio\/wp-content\/uploads\/2021\/11\/FAUD-POSGRADO-300x300.jpg 300w, https:\/\/vocesparalelas.com.ar\/sitio\/wp-content\/uploads\/2021\/11\/FAUD-POSGRADO-150x150.jpg 150w, https:\/\/vocesparalelas.com.ar\/sitio\/wp-content\/uploads\/2021\/11\/FAUD-POSGRADO-768x768.jpg 768w, https:\/\/vocesparalelas.com.ar\/sitio\/wp-content\/uploads\/2021\/11\/FAUD-POSGRADO.jpg 1024w\" sizes=\"auto, (max-width: 800px) 100vw, 800px\" \/><\/p>\n<p>&nbsp;<\/p>\n<p>&nbsp;<\/p>\n<p>&nbsp;<\/p>\n","protected":false},"excerpt":{"rendered":"<p>El Viernes, 3 de Diciembre, a las 18 hs.; en el Aula Magna de la Facultad de Arquitectura, Urbanismo y<\/p>\n","protected":false},"author":3,"featured_media":22249,"comment_status":"closed","ping_status":"closed","sticky":false,"template":"","format":"standard","meta":{"_acf_changed":false,"_seopress_robots_primary_cat":"none","_seopress_titles_title":"","_seopress_titles_desc":"","_seopress_robots_index":"","colormag_page_container_layout":"default_layout","colormag_page_sidebar_layout":"default_layout","footnotes":""},"categories":[15],"tags":[],"class_list":["post-43652","post","type-post","status-publish","format-standard","has-post-thumbnail","hentry","category-posgrados"],"acf":[],"_links":{"self":[{"href":"https:\/\/vocesparalelas.com.ar\/sitio\/wp-json\/wp\/v2\/posts\/43652","targetHints":{"allow":["GET"]}}],"collection":[{"href":"https:\/\/vocesparalelas.com.ar\/sitio\/wp-json\/wp\/v2\/posts"}],"about":[{"href":"https:\/\/vocesparalelas.com.ar\/sitio\/wp-json\/wp\/v2\/types\/post"}],"author":[{"embeddable":true,"href":"https:\/\/vocesparalelas.com.ar\/sitio\/wp-json\/wp\/v2\/users\/3"}],"replies":[{"embeddable":true,"href":"https:\/\/vocesparalelas.com.ar\/sitio\/wp-json\/wp\/v2\/comments?post=43652"}],"version-history":[{"count":1,"href":"https:\/\/vocesparalelas.com.ar\/sitio\/wp-json\/wp\/v2\/posts\/43652\/revisions"}],"predecessor-version":[{"id":43655,"href":"https:\/\/vocesparalelas.com.ar\/sitio\/wp-json\/wp\/v2\/posts\/43652\/revisions\/43655"}],"wp:featuredmedia":[{"embeddable":true,"href":"https:\/\/vocesparalelas.com.ar\/sitio\/wp-json\/wp\/v2\/media\/22249"}],"wp:attachment":[{"href":"https:\/\/vocesparalelas.com.ar\/sitio\/wp-json\/wp\/v2\/media?parent=43652"}],"wp:term":[{"taxonomy":"category","embeddable":true,"href":"https:\/\/vocesparalelas.com.ar\/sitio\/wp-json\/wp\/v2\/categories?post=43652"},{"taxonomy":"post_tag","embeddable":true,"href":"https:\/\/vocesparalelas.com.ar\/sitio\/wp-json\/wp\/v2\/tags?post=43652"}],"curies":[{"name":"wp","href":"https:\/\/api.w.org\/{rel}","templated":true}]}}