{"id":43634,"date":"2021-11-04T20:50:30","date_gmt":"2021-11-04T23:50:30","guid":{"rendered":"https:\/\/vocesparalelas.com.ar\/sitio\/?p=43634"},"modified":"2021-11-04T20:55:51","modified_gmt":"2021-11-04T23:55:51","slug":"mpba-adquirio-dos-piezas-artisticas-para-su-coleccion-patrimonial","status":"publish","type":"post","link":"https:\/\/vocesparalelas.com.ar\/sitio\/mpba-adquirio-dos-piezas-artisticas-para-su-coleccion-patrimonial\/","title":{"rendered":"MPBA adquiri\u00f3 dos piezas art\u00edsticas para su colecci\u00f3n patrimonial"},"content":{"rendered":"<p>Desde 2009, el\u00a0Museo Franklin Rawson\u00a0participa activamente de\u00a0arteba, una de las ferias de arte contempor\u00e1neo m\u00e1s importantes de Latinoam\u00e9rica. Como en cada edici\u00f3n, el museo vuelve a adquirir nuevas obras de arte para sumar a su patrimonio, gracias al cofinanciamiento de Fundaci\u00f3n arteba y Ministerio de Turismo y Cultura, del Gobierno de San Juan.<\/p>\n<p>En esta oportunidad, en el marco de la trig\u00e9sima edici\u00f3n de la feria, la colecci\u00f3n del MPBAFR se enriquece con dos escultopinturas (2020\/2021) -fragmentos de \u00f3leo s\/tela, pegamento, madera, medidas variables- del artista argentino Jose Luis Landet, de Galer\u00eda de arte Waldengallery.<\/p>\n<p><img loading=\"lazy\" decoding=\"async\" class=\"alignnone wp-image-43637 size-full\" src=\"https:\/\/vocesparalelas.com.ar\/sitio\/wp-content\/uploads\/2021\/11\/ARTEBA-03.jpg\" alt=\"\" width=\"768\" height=\"560\" srcset=\"https:\/\/vocesparalelas.com.ar\/sitio\/wp-content\/uploads\/2021\/11\/ARTEBA-03.jpg 768w, https:\/\/vocesparalelas.com.ar\/sitio\/wp-content\/uploads\/2021\/11\/ARTEBA-03-300x219.jpg 300w\" sizes=\"auto, (max-width: 768px) 100vw, 768px\" \/><\/p>\n<p>Arteba se desarrolla del 4 al 7 de Noviembre de 2021, en el Arenas Studio, en la Boca, Buenos Aires. Se encuentran presentes la secretaria de Cultura, Virginia Agote y el director del Museo Franklin Rawson, Emanuel D\u00edaz Ruiz.<\/p>\n<div class=\"itemBody\">\n<div class=\"itemFullText\">\n<p><strong>Arteba<\/strong><\/p>\n<p>Fundaci\u00f3n arteba es una organizaci\u00f3n sin fines de lucro que trabaja en el desarrollo y fortalecimiento del mercado de arte, desde 1991. Desde su conformaci\u00f3n, hace 30 a\u00f1os, organiza una de las ferias de arte contempor\u00e1neo m\u00e1s importante de la regi\u00f3n promoviendo el arte argentino y latinoamericano.<\/p>\n<p><span style=\"color: #99cc00;\"><strong>M\u00e1s informaci\u00f3n<\/strong><\/span><\/p>\n<p><a href=\"http:\/\/www.arteba.org\/\">www.arteba.org<\/a><\/p>\n<p><span style=\"color: #99cc00;\"><strong>Sobre el artista Jos\u00e9 Luis Landet<\/strong><\/span><\/p>\n<p>Naci\u00f3 en 1977 en Buenos Aires. Licenciado en Artes Visuales de la Escuela Nacional de Pintura, Escultura y Grabado La Esmeralda (M\u00e9xico) e integrante del Colectivo Segundo piso, ha ganado numerosas becas internacionales como la Residencia Flora\/ Honda, Colombia; Beca del FONCA, de M\u00e9xico; y Beca del Fondo Nacional de las Artes, Buenos Aires. Ha participado en prestigiosas ferias como Scope Art Fair (Miami y Nueva York), Art Miami (Miami), ArteBA (Argentina), Zona Maco (M\u00e9xico) y Artissima (Italia). Realiz\u00f3 exposiciones individuales en M\u00e9xico, Per\u00fa, EEUU y Argentina. Hace una d\u00e9cada present\u00f3 su primera exposici\u00f3n en un museo, el de Arte Moderno de la Ciudad de M\u00e9xico.<\/p>\n<\/div>\n<div class=\"clr\"><img loading=\"lazy\" decoding=\"async\" class=\"alignnone wp-image-43636 size-full\" src=\"https:\/\/vocesparalelas.com.ar\/sitio\/wp-content\/uploads\/2021\/11\/ARTEBA-01.jpg\" alt=\"\" width=\"763\" height=\"435\" srcset=\"https:\/\/vocesparalelas.com.ar\/sitio\/wp-content\/uploads\/2021\/11\/ARTEBA-01.jpg 763w, https:\/\/vocesparalelas.com.ar\/sitio\/wp-content\/uploads\/2021\/11\/ARTEBA-01-300x171.jpg 300w\" sizes=\"auto, (max-width: 763px) 100vw, 763px\" \/><\/div>\n<\/div>\n<div class=\"itemLinks\">\n<div class=\"itemTagsBlock\">\n<p>&nbsp;<\/p>\n<\/div>\n<\/div>\n","protected":false},"excerpt":{"rendered":"<p>Desde 2009, el\u00a0Museo Franklin Rawson\u00a0participa activamente de\u00a0arteba, una de las ferias de arte contempor\u00e1neo m\u00e1s importantes de Latinoam\u00e9rica. Como en<\/p>\n","protected":false},"author":3,"featured_media":43638,"comment_status":"closed","ping_status":"closed","sticky":false,"template":"","format":"standard","meta":{"_acf_changed":false,"_seopress_robots_primary_cat":"none","_seopress_titles_title":"","_seopress_titles_desc":"","_seopress_robots_index":"","colormag_page_container_layout":"default_layout","colormag_page_sidebar_layout":"default_layout","footnotes":""},"categories":[1],"tags":[],"class_list":["post-43634","post","type-post","status-publish","format-standard","has-post-thumbnail","hentry","category-destacadas"],"acf":[],"_links":{"self":[{"href":"https:\/\/vocesparalelas.com.ar\/sitio\/wp-json\/wp\/v2\/posts\/43634","targetHints":{"allow":["GET"]}}],"collection":[{"href":"https:\/\/vocesparalelas.com.ar\/sitio\/wp-json\/wp\/v2\/posts"}],"about":[{"href":"https:\/\/vocesparalelas.com.ar\/sitio\/wp-json\/wp\/v2\/types\/post"}],"author":[{"embeddable":true,"href":"https:\/\/vocesparalelas.com.ar\/sitio\/wp-json\/wp\/v2\/users\/3"}],"replies":[{"embeddable":true,"href":"https:\/\/vocesparalelas.com.ar\/sitio\/wp-json\/wp\/v2\/comments?post=43634"}],"version-history":[{"count":2,"href":"https:\/\/vocesparalelas.com.ar\/sitio\/wp-json\/wp\/v2\/posts\/43634\/revisions"}],"predecessor-version":[{"id":43640,"href":"https:\/\/vocesparalelas.com.ar\/sitio\/wp-json\/wp\/v2\/posts\/43634\/revisions\/43640"}],"wp:featuredmedia":[{"embeddable":true,"href":"https:\/\/vocesparalelas.com.ar\/sitio\/wp-json\/wp\/v2\/media\/43638"}],"wp:attachment":[{"href":"https:\/\/vocesparalelas.com.ar\/sitio\/wp-json\/wp\/v2\/media?parent=43634"}],"wp:term":[{"taxonomy":"category","embeddable":true,"href":"https:\/\/vocesparalelas.com.ar\/sitio\/wp-json\/wp\/v2\/categories?post=43634"},{"taxonomy":"post_tag","embeddable":true,"href":"https:\/\/vocesparalelas.com.ar\/sitio\/wp-json\/wp\/v2\/tags?post=43634"}],"curies":[{"name":"wp","href":"https:\/\/api.w.org\/{rel}","templated":true}]}}