{"id":43631,"date":"2021-11-04T20:34:41","date_gmt":"2021-11-04T23:34:41","guid":{"rendered":"https:\/\/vocesparalelas.com.ar\/sitio\/?p=43631"},"modified":"2021-11-04T20:34:41","modified_gmt":"2021-11-04T23:34:41","slug":"jornada-institucional-hablemos-de-trato","status":"publish","type":"post","link":"https:\/\/vocesparalelas.com.ar\/sitio\/jornada-institucional-hablemos-de-trato\/","title":{"rendered":"Jornada Institucional \u201cHablemos de trato\u201d"},"content":{"rendered":"<div class=\"itemBody\">\n<div class=\"itemFullText\">\n<p>El Viernes, 5 de Noviembre, <span style=\"color: #000000;\">en las escuelas de San Juan, en los diferentes niveles y modalidad de gesti\u00f3n estatal y privada, <\/span>se desarrolla la Jornada Institucional \u201cHablemos de trato\u201d. La misma se realiza durante la actividad escolar en cada uno de los turnos y en el aula.<\/p>\n<p>La Jornada \u201cHablemos de tratos\u2026\u201d es una valiosa oportunidad generada por el Ministerio de Educaci\u00f3n para la prevenci\u00f3n de la vulneraci\u00f3n de derechos, que permita a ni\u00f1os, ni\u00f1as, adolescentes, j\u00f3venes y adultos, crecer y transitar sus vidas saludablemente, siendo respetados todos sus derechos.<\/p>\n<p>\u00bfPor qu\u00e9 los tratos se vinculan con Educaci\u00f3n Sexual Integral? Porque los tratos saludables se sostienen transversalmente en cada una de las normativas sobre derechos humanos. Y porque la prevenci\u00f3n y erradicaci\u00f3n de la violencia, es tema central para educar integralmente a una persona.<\/p>\n<p>La escuela, es el \u00e1mbito \u00fanico y privilegiado, que permite la reflexi\u00f3n sobre las actitudes cotidianas que promueven desigualdades. Como as\u00ed tambi\u00e9n el reconocimiento temprano de las se\u00f1ales de violencia, del acoso y los abusos, promoviendo el pensamiento cr\u00edtico, incorporando valores y actitudes para la propia vida de cada d\u00eda de los y las estudiantes, cualquiera sea la etapa vital por la que transite.<\/p>\n<p><span style=\"color: #99cc00;\"><strong>Metodolog\u00eda de las actividades<\/strong><\/span><\/p>\n<p>\u201cHablemos de tratos\u2026\u201d es un espacio destinado a pensar, pensarse, reflexionar; individual y colectivamente sobre los tratos hacia uno mismo y hacia el otro. Abordando preventiva y transversalmente una de las grandes problem\u00e1ticas que afectan a la sociedad actual, como es la vulneraci\u00f3n de los derechos, y espec\u00edficamente los derechos sexuales , la discriminaci\u00f3n, la violencia, el acoso, el abuso, el maltrato, entre otros.<\/p>\n<p>Por la importancia del encuentro, se dise\u00f1\u00f3 un Documento Orientador, en el que se desarrollan algunos conceptos b\u00e1sicos, objetivos y momentos de la Jornada, estableciendo con claridad lo que debe realizar cada actor en el marco de la instituci\u00f3n educativa. Tambi\u00e9n se ofrecen algunas actividades posibles seg\u00fan nivel y modalidad, sujetas a cada realidad institucional, de modo optativo.<\/p>\n<p>Toda la comunidad educativa est\u00e1 convocada a participar comprometidamente en cada una de las actividades dise\u00f1adas que se implementar\u00e1n en cada instituci\u00f3n educativa.<\/p>\n<p><span style=\"color: #99cc00;\"><strong>Cuidado de la comunidad educativa<\/strong><\/span><\/p>\n<p>Cabe recordar que el Ministerio de Educaci\u00f3n desarrolla desde el Ciclo Lectivo 2016 m\u00faltiples acciones preventivas, en el marco de una intensa pol\u00edtica de cuidado de s\u00ed y del otro, y en cumplimiento de derechos de cada uno de los miembros que componen la comunidad educativa de la Provincia.<\/p>\n<p>En este marco una importante l\u00ednea de cuidado de los y las estudiantes, lo constituye la Ley N\u00b026.150, que crea el Programa Nacional de Educaci\u00f3n Sexual Integral, sancionada en el a\u00f1o 2006 en la Argentina, a la que adhiri\u00f3 San Juan en 2018, a trav\u00e9s de la Ley N\u00b01819-H-2018.<\/p>\n<p>A 15 a\u00f1os de su implementaci\u00f3n en la Argentina, y tras transitar distintas etapas de una pandemia impensada, la provincia de San Juan acompa\u00f1a esta conmemoraci\u00f3n, generando espacios de encuentro en el \u00e1mbito de la escuela y el aula, como \u201cHablemos de tratos&#8230;\u201d<\/p>\n<\/div>\n<\/div>\n<p>&nbsp;<\/p>\n<p>&nbsp;<\/p>\n<div class=\"itemNavigation\"><\/div>\n","protected":false},"excerpt":{"rendered":"<p>El Viernes, 5 de Noviembre, en las escuelas de San Juan, en los diferentes niveles y modalidad de gesti\u00f3n estatal<\/p>\n","protected":false},"author":3,"featured_media":7142,"comment_status":"closed","ping_status":"closed","sticky":false,"template":"","format":"standard","meta":{"_acf_changed":false,"_seopress_robots_primary_cat":"none","_seopress_titles_title":"","_seopress_titles_desc":"","_seopress_robots_index":"","colormag_page_container_layout":"default_layout","colormag_page_sidebar_layout":"default_layout","footnotes":""},"categories":[1],"tags":[],"class_list":["post-43631","post","type-post","status-publish","format-standard","has-post-thumbnail","hentry","category-destacadas"],"acf":[],"_links":{"self":[{"href":"https:\/\/vocesparalelas.com.ar\/sitio\/wp-json\/wp\/v2\/posts\/43631","targetHints":{"allow":["GET"]}}],"collection":[{"href":"https:\/\/vocesparalelas.com.ar\/sitio\/wp-json\/wp\/v2\/posts"}],"about":[{"href":"https:\/\/vocesparalelas.com.ar\/sitio\/wp-json\/wp\/v2\/types\/post"}],"author":[{"embeddable":true,"href":"https:\/\/vocesparalelas.com.ar\/sitio\/wp-json\/wp\/v2\/users\/3"}],"replies":[{"embeddable":true,"href":"https:\/\/vocesparalelas.com.ar\/sitio\/wp-json\/wp\/v2\/comments?post=43631"}],"version-history":[{"count":1,"href":"https:\/\/vocesparalelas.com.ar\/sitio\/wp-json\/wp\/v2\/posts\/43631\/revisions"}],"predecessor-version":[{"id":43633,"href":"https:\/\/vocesparalelas.com.ar\/sitio\/wp-json\/wp\/v2\/posts\/43631\/revisions\/43633"}],"wp:featuredmedia":[{"embeddable":true,"href":"https:\/\/vocesparalelas.com.ar\/sitio\/wp-json\/wp\/v2\/media\/7142"}],"wp:attachment":[{"href":"https:\/\/vocesparalelas.com.ar\/sitio\/wp-json\/wp\/v2\/media?parent=43631"}],"wp:term":[{"taxonomy":"category","embeddable":true,"href":"https:\/\/vocesparalelas.com.ar\/sitio\/wp-json\/wp\/v2\/categories?post=43631"},{"taxonomy":"post_tag","embeddable":true,"href":"https:\/\/vocesparalelas.com.ar\/sitio\/wp-json\/wp\/v2\/tags?post=43631"}],"curies":[{"name":"wp","href":"https:\/\/api.w.org\/{rel}","templated":true}]}}