{"id":43618,"date":"2021-11-04T00:20:03","date_gmt":"2021-11-04T03:20:03","guid":{"rendered":"https:\/\/vocesparalelas.com.ar\/sitio\/?p=43618"},"modified":"2021-11-04T00:20:03","modified_gmt":"2021-11-04T03:20:03","slug":"105o-anos-de-vida-de-la-sociedad-israelita-de-beneficencia-de-san-juan","status":"publish","type":"post","link":"https:\/\/vocesparalelas.com.ar\/sitio\/105o-anos-de-vida-de-la-sociedad-israelita-de-beneficencia-de-san-juan\/","title":{"rendered":"105\u00ba a\u00f1os de vida de la Sociedad Israelita de Beneficencia de San Juan"},"content":{"rendered":"<div class=\"itemFullText jbintrotext\">\n<p>En el marco del 105\u00ba aniversario de la Sociedad Israelita de Beneficencia de San Juan, el vicegobernador CPN Roberto Gattoni, particip\u00f3 de una ceremonia de reconocimiento por parte de la entidad al Dr. Carlos Fagale y al Dr. Juan Mariel Erostarbe, por su compromiso con la educaci\u00f3n, el arte y la cultura en la sociedad de San Juan.<\/p>\n<\/div>\n<div class=\"itemFullText\">\n<p>Ello ocurri\u00f3 en la sede de la Sociedad Israelita de San Juan, ubicada en avenida C\u00f3rdoba 139 &#8211; O &#8211; Capital y en la oportunidad recibi\u00f3 a los invitados el titular de la organizaci\u00f3n, Dr. Leonardo Siere junto a la secretaria general, Graciela Kalejman.<\/p>\n<p>Asistieron el secretario de Relaciones Institucionales del gobierno, Lic. Marcelo Fretes; la secretaria de Cultura, Turismo y Educaci\u00f3n de la municipalidad de la ciudad de San Juan, Dra. Sandra Barcel\u00f3; el rector de la Universidad Nacional de San Juan, Ing. Tadeo Berenguer; el presidente del Mozarteum San Juan, Dr. Claudio Feldman; integrantes de la Mesa Interreligiosa de San Juan; la directora de Culto de la Sociedad Israelita, Lic. Paula Romero; miembros de la entidad anfitriona; invitados especiales.<\/p>\n<p>Es oportuno consignar que esta entidad fue fundada en noviembre de 1916 por un grupo de inmigrantes jud\u00edos con objetivos sociales, religiosos, culturales y deportivos y al conmemorarse el 105\u00ba aniversario tiene lugar el reconocimiento de dos sanjuaninos que contribuyeron a la educaci\u00f3n, el arte y la cultura como lo constituyen: Carlos Fagale y Juan Mariel Erostarbe.<\/p>\n<p>En primer t\u00e9rmino, m\u00fasicos de la categor\u00eda infantil, luego de la intermedia y por \u00faltimo de la \u00faltima de ellas de la Orquesta Escuela ejecutaron un concierto para todos los presentes.<\/p>\n<p><img loading=\"lazy\" decoding=\"async\" class=\"alignnone wp-image-43620 size-large\" src=\"https:\/\/vocesparalelas.com.ar\/sitio\/wp-content\/uploads\/2021\/11\/ORQUESTA-NINOS-800x423.jpg\" alt=\"\" width=\"800\" height=\"423\" srcset=\"https:\/\/vocesparalelas.com.ar\/sitio\/wp-content\/uploads\/2021\/11\/ORQUESTA-NINOS-800x423.jpg 800w, https:\/\/vocesparalelas.com.ar\/sitio\/wp-content\/uploads\/2021\/11\/ORQUESTA-NINOS-300x159.jpg 300w, https:\/\/vocesparalelas.com.ar\/sitio\/wp-content\/uploads\/2021\/11\/ORQUESTA-NINOS-768x407.jpg 768w, https:\/\/vocesparalelas.com.ar\/sitio\/wp-content\/uploads\/2021\/11\/ORQUESTA-NINOS-390x205.jpg 390w, https:\/\/vocesparalelas.com.ar\/sitio\/wp-content\/uploads\/2021\/11\/ORQUESTA-NINOS.jpg 1024w\" sizes=\"auto, (max-width: 800px) 100vw, 800px\" \/><\/p>\n<p>El vicegobernador Gattoni al hacer uso de la palabra, destac\u00f3 que \u201cla Sociedad Israelita es una instituci\u00f3n que lleva m\u00e1s de cien a\u00f1os en la provincia de San Juan y cuando a veces desde la pol\u00edtica hablamos del modelo San Juan, nos referimos al modelo de sociedad que hemos construido con tolerancia, respeto y convivencia entre las miradas o pensamientos diferentes, en el marco de la aceptaci\u00f3n mutua de nuestra forma de pensar y la manera de profesar la fe que tiene cada uno\u201d.<\/p>\n<p>Continu\u00f3 diciendo que \u201crealmente tengo que destacarlo, porque s\u00ed lo he vivido y lo he compartido con Leonardo Siere en la funci\u00f3n p\u00fablica, es notable el trabajo que ha realizado la Sociedad Israelita y lo que ha contribuido para que este modelo de sociedad de convivencia, de tolerancia, de consenso sea posible en la provincia de San Juan y sin dudas que sin el aporte de la Sociedad Israelita no hubi\u00e9ramos podido lograrlo como as\u00ed tambi\u00e9n sin el aporte del resto de la sociedad\u201d.<\/p>\n<p>Luego de evocar los 105\u00ba a\u00f1os de vida de la instituci\u00f3n, tuvo palabras de agradecimiento y felicitaci\u00f3n \u201cpor incluir en parte de los festejos el reconocimiento a nuestra cultura y a la educaci\u00f3n en las personas de Juan Mariel Erostarbe que formul\u00f3 un gran aporte a las letras sobre todo vinculado a la historia, pero tambi\u00e9n fue director del Archivo de la provincia de San Juan y el cambio y dinamismo que le impuso al organismo, hizo que el Archivo de la provincia sea considerado uno de los mejores del pa\u00eds\u201d.<\/p>\n<p>Finalmente, destac\u00f3 \u201cy qu\u00e9 puedo decir de Carlos Fagale, un amigo con el que hemos transitado y compartido muchas cosas durante nuestra vida, fundamentalmente vinculadas al Mozarteum, un incansable luchador por la m\u00fasica y la cultura en la provincia de San Juan. En definitiva, el reconocimiento a dos personalidades tan importantes para la cultura de San Juan\u201d.<\/p>\n<p>Por \u00faltimo, tras las palabras de Dr. Leonardo Siere, fueron entregados los reconocimientos a cada uno de los galardonados.<\/p>\n<\/div>\n<p><img loading=\"lazy\" decoding=\"async\" class=\"alignnone wp-image-43622 size-large\" src=\"https:\/\/vocesparalelas.com.ar\/sitio\/wp-content\/uploads\/2021\/11\/CAMARA-SOCIEDAD-01-800x504.jpg\" alt=\"\" width=\"800\" height=\"504\" srcset=\"https:\/\/vocesparalelas.com.ar\/sitio\/wp-content\/uploads\/2021\/11\/CAMARA-SOCIEDAD-01-800x504.jpg 800w, https:\/\/vocesparalelas.com.ar\/sitio\/wp-content\/uploads\/2021\/11\/CAMARA-SOCIEDAD-01-300x189.jpg 300w, https:\/\/vocesparalelas.com.ar\/sitio\/wp-content\/uploads\/2021\/11\/CAMARA-SOCIEDAD-01-768x483.jpg 768w, https:\/\/vocesparalelas.com.ar\/sitio\/wp-content\/uploads\/2021\/11\/CAMARA-SOCIEDAD-01.jpg 1023w\" sizes=\"auto, (max-width: 800px) 100vw, 800px\" \/><\/p>\n","protected":false},"excerpt":{"rendered":"<p>En el marco del 105\u00ba aniversario de la Sociedad Israelita de Beneficencia de San Juan, el vicegobernador CPN Roberto Gattoni,<\/p>\n","protected":false},"author":3,"featured_media":43621,"comment_status":"closed","ping_status":"closed","sticky":false,"template":"","format":"standard","meta":{"_acf_changed":false,"_seopress_robots_primary_cat":"none","_seopress_titles_title":"","_seopress_titles_desc":"","_seopress_robots_index":"","colormag_page_container_layout":"default_layout","colormag_page_sidebar_layout":"default_layout","footnotes":""},"categories":[1],"tags":[],"class_list":["post-43618","post","type-post","status-publish","format-standard","has-post-thumbnail","hentry","category-destacadas"],"acf":[],"_links":{"self":[{"href":"https:\/\/vocesparalelas.com.ar\/sitio\/wp-json\/wp\/v2\/posts\/43618","targetHints":{"allow":["GET"]}}],"collection":[{"href":"https:\/\/vocesparalelas.com.ar\/sitio\/wp-json\/wp\/v2\/posts"}],"about":[{"href":"https:\/\/vocesparalelas.com.ar\/sitio\/wp-json\/wp\/v2\/types\/post"}],"author":[{"embeddable":true,"href":"https:\/\/vocesparalelas.com.ar\/sitio\/wp-json\/wp\/v2\/users\/3"}],"replies":[{"embeddable":true,"href":"https:\/\/vocesparalelas.com.ar\/sitio\/wp-json\/wp\/v2\/comments?post=43618"}],"version-history":[{"count":1,"href":"https:\/\/vocesparalelas.com.ar\/sitio\/wp-json\/wp\/v2\/posts\/43618\/revisions"}],"predecessor-version":[{"id":43624,"href":"https:\/\/vocesparalelas.com.ar\/sitio\/wp-json\/wp\/v2\/posts\/43618\/revisions\/43624"}],"wp:featuredmedia":[{"embeddable":true,"href":"https:\/\/vocesparalelas.com.ar\/sitio\/wp-json\/wp\/v2\/media\/43621"}],"wp:attachment":[{"href":"https:\/\/vocesparalelas.com.ar\/sitio\/wp-json\/wp\/v2\/media?parent=43618"}],"wp:term":[{"taxonomy":"category","embeddable":true,"href":"https:\/\/vocesparalelas.com.ar\/sitio\/wp-json\/wp\/v2\/categories?post=43618"},{"taxonomy":"post_tag","embeddable":true,"href":"https:\/\/vocesparalelas.com.ar\/sitio\/wp-json\/wp\/v2\/tags?post=43618"}],"curies":[{"name":"wp","href":"https:\/\/api.w.org\/{rel}","templated":true}]}}