{"id":43613,"date":"2021-11-03T22:43:10","date_gmt":"2021-11-04T01:43:10","guid":{"rendered":"https:\/\/vocesparalelas.com.ar\/sitio\/?p=43613"},"modified":"2021-11-03T22:43:10","modified_gmt":"2021-11-04T01:43:10","slug":"1-plenario-presencial-de-secretarios-generales-de-los-gremios-de-base-de-conadu-historica","status":"publish","type":"post","link":"https:\/\/vocesparalelas.com.ar\/sitio\/1-plenario-presencial-de-secretarios-generales-de-los-gremios-de-base-de-conadu-historica\/","title":{"rendered":"1\u00b0 plenario presencial de Secretarios Generales de los gremios de base de Conadu Hist\u00f3rica"},"content":{"rendered":"<p>Este martes 2 de noviembre sesion\u00f3 de manera presencial, el Plenario de Secretar\u00edas Generales de la Federaci\u00f3n CONADU Hist\u00f3rica por primera vez luego de mas de un a\u00f1o y medio de pandemia. Las mejoras en la situaci\u00f3n sanitaria hicieron posible la realizaci\u00f3n de la reuni\u00f3n que se llev\u00f3 a cabo en la sede nacional de la Federaci\u00f3n, sito en Sarand\u00ed 1226 de la Capital Federal. El Plenario comenz\u00f3 con un homenaje a quienes fallecieron producto de la COVID 19 en estos largos meses, y a todos y todas quienes pusieron el cuerpo en la lucha contra la pandemia, en particular el personal sanitario.<\/p>\n<p>Se realiz\u00f3 una valoraci\u00f3n de la situaci\u00f3n nacional y de la docencia de las Universidades Nacionales con los informes que presentaron cada una de las Asociaciones de Base. Sobre la situaci\u00f3n salarial se analiz\u00f3 que ante el aumento del \u00edndice inflacionaria del \u00faltimo mes -que cambia la tendencia a la baja- es necesario jerarquizar la cl\u00e1usula de revisi\u00f3n del acta salarial establecida para diciembre en la cual ser\u00e1 necesario actualizar los porcentajes de aumento ya acordados.<\/p>\n<p>Respecto a la situaci\u00f3n presupuestaria de las Universidades Nacionales, se resolvi\u00f3 que en cada asociaci\u00f3n de base se gestionen entrevistas con los rectorados para analizar la ejecuci\u00f3n presupuestaria. Recordemos que en la reuni\u00f3n que representantes de la Mesa Ejecutiva de CONADUH mantuvieron con la Secretar\u00eda de Pol\u00edticas Universitarias se afirm\u00f3 que hab\u00eda una partida de fondos especiales para ejecuci\u00f3n de las obras de infraestructura necesarias para el regreso a la presencialidad en las Universidades Nacionales.<\/p>\n<p>Por otra parte, se reiter\u00f3 la preocupaci\u00f3n por el funcionamiento de las comisiones paritarias locales que analizan los protocolos de regreso a la presencialidad teniendo en cuenta que en varias Universidades no se han respetado estas instancias, destacando el caso de la Universidad Nacional de Salta en la cual fue excluida de una reuni\u00f3n pertinente y de manera autoritaria nuestro gremio de base ADIUNSA. La demanda es hacia el Consejo Interuniversitario Nacional de que se cumpla con lo dispuesto en el Convenio Colectivo de Trabajo del sector.<\/p>\n<p>Asimismo, volvi\u00f3 a estar sobre la mesa el tema de las Obras Sociales Universitarias porque en muchos casos ya hay situaciones de desfinanciamiento muy grande. Al respecto se resolvi\u00f3 convocar a una reuni\u00f3n nacional que realice un diagn\u00f3stico y elabore propuestas frente a la critica situaci\u00f3n de las obras sociales.<\/p>\n<p>En otro orden de temas, se resolvi\u00f3 insistir con la fiscalizaci\u00f3n ejecuci\u00f3n del Programa de Ascensos de Ayudantes de Primera a Jefe\/a de Trabajos Pr\u00e1cticos y de salario para los\/as docentes Ad Honorem. Esto se aprob\u00f3 en la paritaria nacional por eso reclamamos a la SPU y a las Universidades Nacionales que brinde la informaci\u00f3n necesaria sobre listados de docentes en condiciones de acceder a la ejecuci\u00f3n de estos programas.<\/p>\n<p>El Plenario destac\u00f3 los avances en los procesos de regularizaci\u00f3n de docentes interinos -como en la Universidad Nacional de Cuyo- o en ascenso de categor\u00eda de docentes pr\u00f3ximos a jubilarse -como en la Universidad Nacional del Comahue.<\/p>\n<p>Finalmente, se aprob\u00f3 la solidaridad con el pueblo mapuche ante la campa\u00f1a de difamaci\u00f3n, discriminaci\u00f3n y xenofobia que realizan los sectores de derecha y algunos medios de comunicaci\u00f3n. Asimismo, se reiter\u00f3 la solidaridad con las y los estudiantes de la Universidad Nacional de C\u00f3rdoba procesados en 2018 y la exigencia del desprocesamiento de todos los luchadores populares.<\/p>\n<p>Tambi\u00e9n el plenario manifest\u00f3 el rechazo a las presiones del Fondo Monetario Internacional -cuyo repudio manifestamos en la masiva movilizaci\u00f3n convocada por la CTA Aut\u00f3noma el pasado 28\/10- y exigi\u00f3 un Presupuesto Nacional 2022 que de respuestas a las necesidades populares.<\/p>\n<p><img loading=\"lazy\" decoding=\"async\" class=\"alignnone wp-image-43615 size-large\" src=\"https:\/\/vocesparalelas.com.ar\/sitio\/wp-content\/uploads\/2021\/11\/CONADU-H-01-800x455.jpg\" alt=\"\" width=\"800\" height=\"455\" srcset=\"https:\/\/vocesparalelas.com.ar\/sitio\/wp-content\/uploads\/2021\/11\/CONADU-H-01-800x455.jpg 800w, https:\/\/vocesparalelas.com.ar\/sitio\/wp-content\/uploads\/2021\/11\/CONADU-H-01-300x171.jpg 300w, https:\/\/vocesparalelas.com.ar\/sitio\/wp-content\/uploads\/2021\/11\/CONADU-H-01-768x437.jpg 768w, https:\/\/vocesparalelas.com.ar\/sitio\/wp-content\/uploads\/2021\/11\/CONADU-H-01.jpg 1024w\" sizes=\"auto, (max-width: 800px) 100vw, 800px\" \/><\/p>\n","protected":false},"excerpt":{"rendered":"<p>Este martes 2 de noviembre sesion\u00f3 de manera presencial, el Plenario de Secretar\u00edas Generales de la Federaci\u00f3n CONADU Hist\u00f3rica por<\/p>\n","protected":false},"author":3,"featured_media":43616,"comment_status":"closed","ping_status":"closed","sticky":false,"template":"","format":"standard","meta":{"_acf_changed":false,"_seopress_robots_primary_cat":"none","_seopress_titles_title":"","_seopress_titles_desc":"","_seopress_robots_index":"","colormag_page_container_layout":"default_layout","colormag_page_sidebar_layout":"default_layout","footnotes":""},"categories":[1],"tags":[],"class_list":["post-43613","post","type-post","status-publish","format-standard","has-post-thumbnail","hentry","category-destacadas"],"acf":[],"_links":{"self":[{"href":"https:\/\/vocesparalelas.com.ar\/sitio\/wp-json\/wp\/v2\/posts\/43613","targetHints":{"allow":["GET"]}}],"collection":[{"href":"https:\/\/vocesparalelas.com.ar\/sitio\/wp-json\/wp\/v2\/posts"}],"about":[{"href":"https:\/\/vocesparalelas.com.ar\/sitio\/wp-json\/wp\/v2\/types\/post"}],"author":[{"embeddable":true,"href":"https:\/\/vocesparalelas.com.ar\/sitio\/wp-json\/wp\/v2\/users\/3"}],"replies":[{"embeddable":true,"href":"https:\/\/vocesparalelas.com.ar\/sitio\/wp-json\/wp\/v2\/comments?post=43613"}],"version-history":[{"count":1,"href":"https:\/\/vocesparalelas.com.ar\/sitio\/wp-json\/wp\/v2\/posts\/43613\/revisions"}],"predecessor-version":[{"id":43617,"href":"https:\/\/vocesparalelas.com.ar\/sitio\/wp-json\/wp\/v2\/posts\/43613\/revisions\/43617"}],"wp:featuredmedia":[{"embeddable":true,"href":"https:\/\/vocesparalelas.com.ar\/sitio\/wp-json\/wp\/v2\/media\/43616"}],"wp:attachment":[{"href":"https:\/\/vocesparalelas.com.ar\/sitio\/wp-json\/wp\/v2\/media?parent=43613"}],"wp:term":[{"taxonomy":"category","embeddable":true,"href":"https:\/\/vocesparalelas.com.ar\/sitio\/wp-json\/wp\/v2\/categories?post=43613"},{"taxonomy":"post_tag","embeddable":true,"href":"https:\/\/vocesparalelas.com.ar\/sitio\/wp-json\/wp\/v2\/tags?post=43613"}],"curies":[{"name":"wp","href":"https:\/\/api.w.org\/{rel}","templated":true}]}}