{"id":43591,"date":"2021-11-03T21:36:38","date_gmt":"2021-11-04T00:36:38","guid":{"rendered":"https:\/\/vocesparalelas.com.ar\/sitio\/?p=43591"},"modified":"2021-11-04T00:20:58","modified_gmt":"2021-11-04T03:20:58","slug":"tu-el-nuevo-sencillo-de-sebastian-garay-el-artista-que-lleva-cuyo-en-la-voz","status":"publish","type":"post","link":"https:\/\/vocesparalelas.com.ar\/sitio\/tu-el-nuevo-sencillo-de-sebastian-garay-el-artista-que-lleva-cuyo-en-la-voz\/","title":{"rendered":"\u201cT\u00fa\u201d el nuevo sencillo de Sebasti\u00e1n Garay, el artista que lleva Cuyo en la voz"},"content":{"rendered":"<p>El cantautor Sebastian Garay se presenta el Mi\u00e9rcoles, 17 de Noviembre, a las 21 hs.; en la Sala Auditorium del Teatro del Bicentenario.<\/p>\n<p><strong><span style=\"color: #008000;\">Entradas<\/span><\/strong><\/p>\n<p><a href=\"http:\/\/www.tuentrada.com\">http:\/\/www.tuentrada.com<\/a><\/p>\n<p><img loading=\"lazy\" decoding=\"async\" class=\"wp-image-43598 size-full aligncenter\" src=\"https:\/\/vocesparalelas.com.ar\/sitio\/wp-content\/uploads\/2021\/11\/garay-sebastian.jpg\" alt=\"\" width=\"577\" height=\"1024\" \/><\/p>\n<p>Con su carrera en permanente ascenso, el cantante que ya comparti\u00f3 escenario con grandes m\u00fasicos como Mercedes Sosa, Joan Manuel Serrat y Jorge Drexler, est\u00e1 presentando su nueva canci\u00f3n.<\/p>\n<p>\u201cT\u00fa\u201d se encuentra disponible en todas las plataformas digitales desde el 17 de septiembre. Se trata el primer adelanto de su pr\u00f3ximo trabajo que cuenta con la coproducci\u00f3n de Abel Pintos y Universo Paralelo.<\/p>\n<p>La Canci\u00f3n, en tiempos de bolero, relata todas las formas posibles y cotidianas de extra\u00f1ar a alguien. Fue escrita en tiempos pre pand\u00e9micos, pero la llegada del coronavirus y sus cuarentenas hicieron que su poes\u00eda cobre aun mayor sentido. Con lenguaje contempor\u00e1neo expresa gran sentimiento de nostalgia y amor. Esos mismos sentimientos que muchas veces mantenemos ocultos, callados y que por tan solo algunos momentos nos permitimos expresar.<\/p>\n<p>Por su parte el 1 de octubre pasado qued\u00f3 publicado en el canal oficial del artista en Youtube el video de \u201cTu\u201d. El mismo fue creado por Max Aguirre y Pablo Faro, y cuenta una historia de amor a partir de la fusi\u00f3n de la animaci\u00f3n y el formato video lyric.<\/p>\n<p><span style=\"color: #008080;\"><strong>Sobre el artista<\/strong><\/span><\/p>\n<p>Con una trayectoria de m\u00e1s de diez a\u00f1os, Sebasti\u00e1n Garay es un buscador incansable de sus ra\u00edces, la selecci\u00f3n de su repertorio est\u00e1 \u00edntimamente relacionada con la investigaci\u00f3n del cancionero regional, nacional y latinoamericano. Se ha relacionado con exponentes tanto del \u00e1mbito local como internacional quienes, apoyando su talento y compromiso, han compartido con \u00e9l escenarios y grabaciones.<\/p>\n<p>En el a\u00f1o 2008, hizo su debut discogr\u00e1fico y edit\u00f3 la placa titulada Piel y Barro, donde incluye composiciones como \u00abFlor de la frontera\u00bb, \u00abEstrella\u00bb, \u00abHe visto a la intemperie\u00bb y \u00abPiel y barro\u00bb, canci\u00f3n que le da t\u00edtulo a su \u00e1lbum. Todas son de su autor\u00eda, donde lo acompa\u00f1an artistas de la talla de Pocho Sosa, Franco Luciani, Teresa Parodi, Abel Pintos y Mercedes Sosa.<\/p>\n<p>Particip\u00f3 en el disco \u00abCantora, un viaje intimo\u00bb, en la versi\u00f3n del Himno Nacional Argentino de Mercedes Sosa, con quien tambi\u00e9n comparti\u00f3 numerosos escenarios nacionales En agosto de 2015, edit\u00f3 su segundo trabajo discogr\u00e1fico como Folclor o no Folclor, el cual contiene diez canciones y fue editado de forma independiente. De este material sobresalen las canciones: \u00abLos hermanos del Sol\u00bb, \u00abUna d\u00e9cada m\u00e1s\u00bb, \u00abCae la noche\u00bb y un cover de \u00abInconsciente colectivo\u00bb de Charly Garc\u00eda.<\/p>\n<p><span style=\"color: #008080;\"><strong>Links<\/strong><\/span><\/p>\n<p>YouTube\u00a0<a href=\"https:\/\/youtu.be\/5Pzsvfnvat0\">https:\/\/youtu.be\/5Pzsvfnvat0<\/a><br \/>\nTu en Spotify<\/p>\n<p><iframe loading=\"lazy\" title=\"Sebasti\u00e1n Garay - &quot;Tu&quot; (video oficial)\" width=\"800\" height=\"450\" src=\"https:\/\/www.youtube.com\/embed\/5Pzsvfnvat0?feature=oembed\" frameborder=\"0\" allow=\"accelerometer; autoplay; clipboard-write; encrypted-media; gyroscope; picture-in-picture\" allowfullscreen><\/iframe><\/p>\n","protected":false},"excerpt":{"rendered":"<p>El cantautor Sebastian Garay se presenta el Mi\u00e9rcoles, 17 de Noviembre, a las 21 hs.; en la Sala Auditorium del<\/p>\n","protected":false},"author":3,"featured_media":43593,"comment_status":"closed","ping_status":"closed","sticky":false,"template":"","format":"video","meta":{"_acf_changed":false,"_seopress_robots_primary_cat":"none","_seopress_titles_title":"","_seopress_titles_desc":"","_seopress_robots_index":"","colormag_page_container_layout":"default_layout","colormag_page_sidebar_layout":"default_layout","footnotes":""},"categories":[20,7],"tags":[],"class_list":["post-43591","post","type-post","status-publish","format-video","has-post-thumbnail","hentry","category-cartelera","category-videos","post_format-post-format-video"],"acf":[],"_links":{"self":[{"href":"https:\/\/vocesparalelas.com.ar\/sitio\/wp-json\/wp\/v2\/posts\/43591","targetHints":{"allow":["GET"]}}],"collection":[{"href":"https:\/\/vocesparalelas.com.ar\/sitio\/wp-json\/wp\/v2\/posts"}],"about":[{"href":"https:\/\/vocesparalelas.com.ar\/sitio\/wp-json\/wp\/v2\/types\/post"}],"author":[{"embeddable":true,"href":"https:\/\/vocesparalelas.com.ar\/sitio\/wp-json\/wp\/v2\/users\/3"}],"replies":[{"embeddable":true,"href":"https:\/\/vocesparalelas.com.ar\/sitio\/wp-json\/wp\/v2\/comments?post=43591"}],"version-history":[{"count":3,"href":"https:\/\/vocesparalelas.com.ar\/sitio\/wp-json\/wp\/v2\/posts\/43591\/revisions"}],"predecessor-version":[{"id":43601,"href":"https:\/\/vocesparalelas.com.ar\/sitio\/wp-json\/wp\/v2\/posts\/43591\/revisions\/43601"}],"wp:featuredmedia":[{"embeddable":true,"href":"https:\/\/vocesparalelas.com.ar\/sitio\/wp-json\/wp\/v2\/media\/43593"}],"wp:attachment":[{"href":"https:\/\/vocesparalelas.com.ar\/sitio\/wp-json\/wp\/v2\/media?parent=43591"}],"wp:term":[{"taxonomy":"category","embeddable":true,"href":"https:\/\/vocesparalelas.com.ar\/sitio\/wp-json\/wp\/v2\/categories?post=43591"},{"taxonomy":"post_tag","embeddable":true,"href":"https:\/\/vocesparalelas.com.ar\/sitio\/wp-json\/wp\/v2\/tags?post=43591"}],"curies":[{"name":"wp","href":"https:\/\/api.w.org\/{rel}","templated":true}]}}