{"id":43587,"date":"2021-11-03T20:57:27","date_gmt":"2021-11-03T23:57:27","guid":{"rendered":"https:\/\/vocesparalelas.com.ar\/sitio\/?p=43587"},"modified":"2021-11-05T00:30:36","modified_gmt":"2021-11-05T03:30:36","slug":"como-solicitar-el-desbloqueo-de-netbooks-o-del-aula-digital-movil-de-san-juan","status":"publish","type":"post","link":"https:\/\/vocesparalelas.com.ar\/sitio\/como-solicitar-el-desbloqueo-de-netbooks-o-del-aula-digital-movil-de-san-juan\/","title":{"rendered":"\u00bfC\u00f3mo solicitar el desbloqueo de netbooks o del Aula Digital M\u00f3vil de San Juan?"},"content":{"rendered":"<div class=\"itemFullText\">\n<p>El Ministerio de Educaci\u00f3n del Gobierno de San Juan, ante las numerosas consultas efectuadas por la comunidad educativa, informa que el Plan Federal Juana Manso y M\u00f3dulo II TIC del Plan Provincial de Actualizaci\u00f3n y Capacitaci\u00f3n Docente 2016-2023, realiza el servicio de desbloqueos de netbooks de estudiantes de Nivel Primario, Nivel Secundario y Educaci\u00f3n Superior y del Aula Digital M\u00f3vil ADM, de uso pedag\u00f3gico.<\/p>\n<p><span style=\"color: #339966;\"><strong>Obtenci\u00f3n de turno de atenci\u00f3n<\/strong><\/span><\/p>\n<p>Para asegurar la viabilidad de este servicio se lleva adelante un cronograma de turnos otorgados de forma presencial en la oficina del Plan Federal Juana Manso y M\u00f3dulo II TIC del Ministerio de Educaci\u00f3n ubicada en el segundo piso del Centro C\u00edvico, los mismos son emitidos con anterioridad al desbloqueo y los requisitos para la obtenci\u00f3n de turno son:<\/p>\n<ul>\n<li>En caso de ser estudiante de Nivel Secundario o Educaci\u00f3n Superior, se solicita presentar comodato o en su defecto nota de la instituci\u00f3n educativa a la que pertenece el equipamiento y DNI del comodatario firmados por las autoridades pertinente.<\/li>\n<li>En caso de ser Instituciones Educativas de Nivel Primario, Nivel Secundario o Terciario, para el desbloqueo del ADM (Aula Digital M\u00f3vil) o carro digital se solicita a Directivos o Supervisores presentar nota presencialmente, solicitando el desbloqueo a la Referente Jurisdiccional detallando\u00a0nombre de la escuela,\u00a0cantidad de equipos a\u00a0desbloquear,\u00a0nombre\u00a0y\u00a0tel\u00e9fono de la autoridad escolar\u00a0y adjuntar junto a la nota el remito del correo en el que se entreg\u00f3 las netbooks a la instituci\u00f3n.<\/li>\n<li>En ambos casos anteriores, si no es posible concurrir al Centro C\u00edvico a fin de solicitar turno, pueden realizar el pedido al correo\u00a0<span id=\"cloak9c9978205acb22683ac0cd569b2e9e54\"><a href=\"mailto:juanamanso.sj@gmail.com\"><strong>sj@gmail.com<\/strong><\/a><\/span>. En caso de ser estudiante en el pedido por correo se requiere adjuntar foto del DNI del comodatario, foto del dorso de la netbook donde se visualice el n\u00famero de serie, y el comodato de la netbook a desbloquear. En caso de ser autoridad quien requiere el desbloqueo se solicita adjuntar en la nota el pedido correspondiente. Luego recibir\u00e1n el turno mediante email con el d\u00eda y hora asignados con el cual deber\u00e1n presentarse en la oficina para el desbloqueo del equipamiento.<\/li>\n<li>Cabe destacar que el tr\u00e1mite de desbloqueo de netbook del Equipamiento de su Instituci\u00f3n es de manera personal y que el horario es de 14 a 18 horas, se debe respetar el horario y turno asignado.<\/li>\n<li>En caso de no poder asistir a la Oficina puede enviar el equipo con un Docente en su representaci\u00f3n con una NOTA de AUTORIZACI\u00d3N.<\/li>\n<\/ul>\n<p><span style=\"color: #339966;\"><strong>Importante<\/strong><\/span><\/p>\n<p><strong>A<\/strong>l momento de asistir al turno designado debe presentar la documentaci\u00f3n solicitada, como as\u00ed tambi\u00e9n recordar que las computadoras a desbloquear son entregadas el mismo d\u00eda del turno.<\/p>\n<p>Por mayor informaci\u00f3n o consultas en horario de 9 a 17 horas al 4302310<\/p>\n<\/div>\n<div class=\"itemContentFooter\"><\/div>\n","protected":false},"excerpt":{"rendered":"<p>El Ministerio de Educaci\u00f3n del Gobierno de San Juan, ante las numerosas consultas efectuadas por la comunidad educativa, informa que<\/p>\n","protected":false},"author":3,"featured_media":43589,"comment_status":"closed","ping_status":"closed","sticky":false,"template":"","format":"standard","meta":{"_acf_changed":false,"_seopress_robots_primary_cat":"none","_seopress_titles_title":"","_seopress_titles_desc":"","_seopress_robots_index":"","colormag_page_container_layout":"default_layout","colormag_page_sidebar_layout":"default_layout","footnotes":""},"categories":[5],"tags":[],"class_list":["post-43587","post","type-post","status-publish","format-standard","has-post-thumbnail","hentry","category-ofrecimientos"],"acf":[],"_links":{"self":[{"href":"https:\/\/vocesparalelas.com.ar\/sitio\/wp-json\/wp\/v2\/posts\/43587","targetHints":{"allow":["GET"]}}],"collection":[{"href":"https:\/\/vocesparalelas.com.ar\/sitio\/wp-json\/wp\/v2\/posts"}],"about":[{"href":"https:\/\/vocesparalelas.com.ar\/sitio\/wp-json\/wp\/v2\/types\/post"}],"author":[{"embeddable":true,"href":"https:\/\/vocesparalelas.com.ar\/sitio\/wp-json\/wp\/v2\/users\/3"}],"replies":[{"embeddable":true,"href":"https:\/\/vocesparalelas.com.ar\/sitio\/wp-json\/wp\/v2\/comments?post=43587"}],"version-history":[{"count":1,"href":"https:\/\/vocesparalelas.com.ar\/sitio\/wp-json\/wp\/v2\/posts\/43587\/revisions"}],"predecessor-version":[{"id":43590,"href":"https:\/\/vocesparalelas.com.ar\/sitio\/wp-json\/wp\/v2\/posts\/43587\/revisions\/43590"}],"wp:featuredmedia":[{"embeddable":true,"href":"https:\/\/vocesparalelas.com.ar\/sitio\/wp-json\/wp\/v2\/media\/43589"}],"wp:attachment":[{"href":"https:\/\/vocesparalelas.com.ar\/sitio\/wp-json\/wp\/v2\/media?parent=43587"}],"wp:term":[{"taxonomy":"category","embeddable":true,"href":"https:\/\/vocesparalelas.com.ar\/sitio\/wp-json\/wp\/v2\/categories?post=43587"},{"taxonomy":"post_tag","embeddable":true,"href":"https:\/\/vocesparalelas.com.ar\/sitio\/wp-json\/wp\/v2\/tags?post=43587"}],"curies":[{"name":"wp","href":"https:\/\/api.w.org\/{rel}","templated":true}]}}