{"id":43579,"date":"2021-11-03T20:30:30","date_gmt":"2021-11-03T23:30:30","guid":{"rendered":"https:\/\/vocesparalelas.com.ar\/sitio\/?p=43579"},"modified":"2021-11-03T20:30:30","modified_gmt":"2021-11-03T23:30:30","slug":"cronograma-previo-al-calendario-escolar-provincial","status":"publish","type":"post","link":"https:\/\/vocesparalelas.com.ar\/sitio\/cronograma-previo-al-calendario-escolar-provincial\/","title":{"rendered":"Cronograma previo al Calendario Escolar Provincial"},"content":{"rendered":"<p>El Ministerio de Educaci\u00f3n del Gobierno de San Juan informa que, en adhesi\u00f3n a la Resoluci\u00f3n del Consejo Federal de Educaci\u00f3n N\u00b0 405\/2021, emiti\u00f3 la Resoluci\u00f3n N\u00b0 5183-ME-2021, mediante la cual se aprueba el Cronograma previo al Calendario Escolar Provincial para las instituciones educativas dependientes de este ministerio, que regir\u00e1 para el trayecto final del periodo del A\u00f1o Escolar 2021, correspondiente al mes de diciembre y para el periodo del a\u00f1o escolar 2022, correspondiente a los meses de febrero y marzo.<\/p>\n<p>La emisi\u00f3n de esta norma permitir\u00e1 la organizaci\u00f3n de cada una de las instituciones educativas de gesti\u00f3n estatal y privada de San Juan.<\/p>\n<p><strong><span style=\"color: #008080;\">Entre algunas de las disposiciones establecidas se destacan:<\/span><\/strong><\/p>\n<ul>\n<li>El per\u00edodo de evaluaci\u00f3n de diciembre de de alumnos regulares se traslada a febrero 2022.<\/li>\n<li>Que los ex\u00e1menes de materias pendientes para completar carrera hasta la cohorte 2019, alumnos libres, o de planes FinEs y FinesTec se realizar\u00e1n en diciembre.<\/li>\n<li>La prueba Aprender se realizar\u00e1 el 1 de diciembre a alumnos de 6 grado de Nivel Primario de escuelas de gesti\u00f3n estatal y privada.<\/li>\n<li>Nivel Inicial culmina Ciclo Lectivo 2021 el 10 de diciembre. Del 13 al 17 diciembre inscripciones 2022<\/li>\n<li>Nivel Primario y Primaria Adultos culmina Ciclo Lectivo 2021 el 17 diciembre. Del 20 al 22 per\u00edodo de apoyo, recuperaci\u00f3n y toma de ex\u00e1menes. Tambi\u00e9n Inscripciones-<\/li>\n<li>Nivel Secundario y Secundario Adultos, 1 y 2 diciembre inscripciones para evaluaci\u00f3n estudiantes regulares con materias pendientes hasta la cohorte 2019. Libres, equivalencias, terminaci\u00f3n de carreras y Plan FinEs. Del 9 al 17 diciembre per\u00edodo de Recuperaci\u00f3n 3 Trimestre. El 17 diciembre finalizaci\u00f3n Ciclo Lectivo. Del 20 al 22 de diciembre , preinscripciones estudiantes a ingresar a 1 a\u00f1o. Mientras que el 27 y 28 de diciembre inscripci\u00f3n Mesas Examen de febrero.<\/li>\n<li>Educaci\u00f3n T\u00e9cnica, Agrot\u00e9cnica, Capacitaci\u00f3n Laboral y Formaci\u00f3n Profesional 1y 2 diciembre inscripciones para evaluaci\u00f3n estudiantes regulares con materias pendientes hasta la cohorte 2019. Libres , equivalencias, terminaci\u00f3n de carreras y Plan FinEs. Del 9 al 17 diciembre per\u00edodo de Recuperaci\u00f3n 3 Trimestre. El 17 diciembre finalizaci\u00f3n Ciclo Lectivo. Del 20 al 22 de diciembre, evaluaci\u00f3n de alumnos libres, equivalentes, FinEs y FinesTec. Y el 27 y 28 inscripci\u00f3n ex\u00e1menes febrero.<\/li>\n<li>Educaci\u00f3n Especial de gesti\u00f3n privada y estatal, finaliza el Ciclo Lectivo 10 de diciembre. El 13 y 17 de diciembre inscripci\u00f3n Ciclo Lectivo 2022.<\/li>\n<li>Gabientes T\u00e9cnicos Interdisciplinarios finaliza el Ciclo Lectivo 2021 el 17 de diciembre.<\/li>\n<\/ul>\n<p><span style=\"color: #008080;\"><strong>Descarg\u00e1 la Resoluci\u00f3n N\u00b0 5183-ME-2021<\/strong><\/span><\/p>\n<p><a href=\"https:\/\/vocesparalelas.com.ar\/sitio\/wp-content\/uploads\/2021\/11\/Resolucion_5401-ME-2021-2.pdf\">Resoluci\u00f3n_5401-ME-2021 (2)<\/a><\/p>\n<p>en este enlace. Tambi\u00e9n se puede consultar en el sitio oficial del Ministerio de Educaci\u00f3n.<\/p>\n","protected":false},"excerpt":{"rendered":"<p>El Ministerio de Educaci\u00f3n del Gobierno de San Juan informa que, en adhesi\u00f3n a la Resoluci\u00f3n del Consejo Federal de<\/p>\n","protected":false},"author":3,"featured_media":28629,"comment_status":"closed","ping_status":"closed","sticky":false,"template":"","format":"standard","meta":{"_acf_changed":false,"_seopress_robots_primary_cat":"none","_seopress_titles_title":"","_seopress_titles_desc":"","_seopress_robots_index":"","colormag_page_container_layout":"default_layout","colormag_page_sidebar_layout":"default_layout","footnotes":""},"categories":[1],"tags":[],"class_list":["post-43579","post","type-post","status-publish","format-standard","has-post-thumbnail","hentry","category-destacadas"],"acf":[],"_links":{"self":[{"href":"https:\/\/vocesparalelas.com.ar\/sitio\/wp-json\/wp\/v2\/posts\/43579","targetHints":{"allow":["GET"]}}],"collection":[{"href":"https:\/\/vocesparalelas.com.ar\/sitio\/wp-json\/wp\/v2\/posts"}],"about":[{"href":"https:\/\/vocesparalelas.com.ar\/sitio\/wp-json\/wp\/v2\/types\/post"}],"author":[{"embeddable":true,"href":"https:\/\/vocesparalelas.com.ar\/sitio\/wp-json\/wp\/v2\/users\/3"}],"replies":[{"embeddable":true,"href":"https:\/\/vocesparalelas.com.ar\/sitio\/wp-json\/wp\/v2\/comments?post=43579"}],"version-history":[{"count":1,"href":"https:\/\/vocesparalelas.com.ar\/sitio\/wp-json\/wp\/v2\/posts\/43579\/revisions"}],"predecessor-version":[{"id":43582,"href":"https:\/\/vocesparalelas.com.ar\/sitio\/wp-json\/wp\/v2\/posts\/43579\/revisions\/43582"}],"wp:featuredmedia":[{"embeddable":true,"href":"https:\/\/vocesparalelas.com.ar\/sitio\/wp-json\/wp\/v2\/media\/28629"}],"wp:attachment":[{"href":"https:\/\/vocesparalelas.com.ar\/sitio\/wp-json\/wp\/v2\/media?parent=43579"}],"wp:term":[{"taxonomy":"category","embeddable":true,"href":"https:\/\/vocesparalelas.com.ar\/sitio\/wp-json\/wp\/v2\/categories?post=43579"},{"taxonomy":"post_tag","embeddable":true,"href":"https:\/\/vocesparalelas.com.ar\/sitio\/wp-json\/wp\/v2\/tags?post=43579"}],"curies":[{"name":"wp","href":"https:\/\/api.w.org\/{rel}","templated":true}]}}