{"id":43574,"date":"2021-11-03T12:25:09","date_gmt":"2021-11-03T15:25:09","guid":{"rendered":"https:\/\/vocesparalelas.com.ar\/sitio\/?p=43574"},"modified":"2021-11-04T23:04:10","modified_gmt":"2021-11-05T02:04:10","slug":"comienza-la-vacunacion-de-la-3-dosis-de-sinopharm-a-mayores-de-50-anos","status":"publish","type":"post","link":"https:\/\/vocesparalelas.com.ar\/sitio\/comienza-la-vacunacion-de-la-3-dosis-de-sinopharm-a-mayores-de-50-anos\/","title":{"rendered":"Comienza la vacunaci\u00f3n de la 3\u00b0 Dosis de Sinopharm a mayores de 50 a\u00f1os"},"content":{"rendered":"<p>El Ministerio de Salud P\u00fablica del Gobierno de San Juan comunica que desde el Jueves, 4 de Noviembre, se comienza con la colocaci\u00f3n de la tercera dosis para las personas mayores de 50 a\u00f1os, con esquema completo de Sinopharm, y para las personas inmunocomprometidas.<\/p>\n<p>Los mayores de 50 a\u00f1os, que cuenten con la 1ra. y 2da. dosis de Sinopharm, reciben un mensaje de texto del n\u00famero 40340 para acercarse por los Centro de Salud habilitados en los diferentes departamentos con el d\u00eda y horario.<\/p>\n<p><span style=\"color: #ff0000;\"><strong>Las personas deben presentar los siguientes requisitos:<\/strong><\/span><\/p>\n<ul>\n<li>Demostrar al equipo de salud el Turno asignado.<\/li>\n<li>El carnet de vacunaci\u00f3n con las dos dosis.<\/li>\n<li>DNI.<\/li>\n<li>Sin ning\u00fan tipo de s\u00edntomas.<\/li>\n<\/ul>\n<p><span style=\"color: #ff0000;\"><strong>Esquemas de vacunaci\u00f3n con dosis adicional<\/strong><\/span><\/p>\n<ul>\n<li>Poblaci\u00f3n: personas de 50 a\u00f1os.<\/li>\n<li>Primera dosis: Sinopharm.<\/li>\n<li>Segunda dosis: Sinopharm.<\/li>\n<li>Dosis adicional: AstraZeneca.<\/li>\n<\/ul>\n<p>El intervalo m\u00ednimo de aplicaci\u00f3n de la dosis adicional, en todos los casos, es de no inferior a 4 semanas desde la aplicaci\u00f3n de la \u00faltima dosis.<\/p>\n<p>Para esta tercera dosis se habilitan los siguientes centros de salud que funcionan de Lunes a Viernes, en los siguientes horarios: turno ma\u00f1ana de 9 a 13 hs. y en turno tarde de 14 a 17:30 hs. Previamente, consultar en cada centro de salud el horario de vacunaci\u00f3n.<\/p>\n<table width=\"581\">\n<tbody>\n<tr>\n<td width=\"75\"><strong>ZONA I<\/strong><\/td>\n<td width=\"145\">Las Margaritas<\/td>\n<td width=\"361\">Calle Juez Ram\u00f3n D\u00edaz y Agust\u00edn G\u00f3mez. Capital<\/td>\n<\/tr>\n<tr>\n<td width=\"75\"><\/td>\n<td width=\"145\">Ibone Silva<\/td>\n<td width=\"361\">Calle Riveros y Balcarce. Santa Luc\u00eda<\/td>\n<\/tr>\n<tr>\n<td width=\"75\"><\/td>\n<td width=\"145\">B\u00e1ez Laspiur<\/td>\n<td width=\"361\">Calle Sarmiento y L\u00f3pez Pel\u00e1ez. Chimbas<\/td>\n<\/tr>\n<tr>\n<td width=\"75\"><\/td>\n<td width=\"145\">Carrillo<\/td>\n<td width=\"361\">Av. Alem y Rodr\u00edguez. Chimbas<\/td>\n<\/tr>\n<tr>\n<td width=\"75\"><\/td>\n<td width=\"145\">Arturo de la Colina<\/td>\n<td width=\"361\">Diagonal San Mart\u00edn y Paraguay. 9 de Julio<\/td>\n<\/tr>\n<tr>\n<td width=\"75\"><\/td>\n<td width=\"145\">Carlos Bouthery<\/td>\n<td width=\"361\">Loteo Municipal Las Chacritas<\/td>\n<\/tr>\n<\/tbody>\n<\/table>\n<table width=\"581\">\n<tbody>\n<tr>\n<td width=\"75\"><strong>ZONA II<\/strong><\/td>\n<td width=\"145\">Caucete<\/td>\n<td width=\"361\"><\/td>\n<\/tr>\n<tr>\n<td width=\"75\"><\/td>\n<td width=\"145\">H. Cesar Aguilar<\/td>\n<td width=\"361\">Calle J.J. Bustos y Ferm\u00edn Rodr\u00edguez<\/td>\n<\/tr>\n<tr>\n<td width=\"75\"><\/td>\n<td width=\"145\">Alonso Fuego<\/td>\n<td width=\"361\">Calle San Lorenzo y Torres<\/td>\n<\/tr>\n<tr>\n<td width=\"75\"><\/td>\n<td width=\"145\">Guadalupe<\/td>\n<td width=\"361\">Calle Colon y Enfermera Medina<\/td>\n<\/tr>\n<tr>\n<td width=\"75\"><\/td>\n<td width=\"145\">Pozo de los Algarrobos<\/td>\n<td width=\"361\">Calle Paso de los Andes y Caseros<\/td>\n<\/tr>\n<tr>\n<td width=\"75\"><\/td>\n<td width=\"145\">Pie de Palo<\/td>\n<td width=\"361\">Calle San Lorenzo (Cuadro Estaci\u00f3n Pie de Palo)<\/td>\n<\/tr>\n<tr>\n<td width=\"75\"><\/td>\n<td width=\"145\"><\/td>\n<td width=\"361\"><\/td>\n<\/tr>\n<tr>\n<td width=\"75\"><\/td>\n<td width=\"145\"><strong>25 de Mayo<\/strong><\/td>\n<td width=\"361\"><\/td>\n<\/tr>\n<tr>\n<td width=\"75\"><\/td>\n<td width=\"145\">H. 25 de Mayo<\/td>\n<td width=\"361\">Calle 4 entre Mendoza Espada y Enfermera Medina<\/td>\n<\/tr>\n<tr>\n<td width=\"75\"><\/td>\n<td width=\"145\">C.S Domingo Cejas<\/td>\n<td width=\"361\">Calle Mariano Moreno (Ex. Las Casuarinas)<\/td>\n<\/tr>\n<tr>\n<td width=\"75\"><\/td>\n<td width=\"145\">La Chimbera<\/td>\n<td width=\"361\">Calle Ruperto Mart\u00edn<\/td>\n<\/tr>\n<tr>\n<td width=\"75\"><\/td>\n<td width=\"145\">Tupeli<\/td>\n<td width=\"361\">Calle Santa Fe y B. San Lorenzo<\/td>\n<\/tr>\n<tr>\n<td width=\"75\"><\/td>\n<td width=\"145\"><\/td>\n<td width=\"361\"><\/td>\n<\/tr>\n<tr>\n<td width=\"75\"><\/td>\n<td width=\"145\"><strong>San Mart\u00edn<\/strong><\/td>\n<td width=\"361\"><\/td>\n<\/tr>\n<tr>\n<td width=\"75\"><\/td>\n<td width=\"145\">H. Stella Molina<\/td>\n<td width=\"361\">Calle Sarmiento y Meglioli<\/td>\n<\/tr>\n<tr>\n<td width=\"75\"><\/td>\n<td width=\"145\">Janseen<\/td>\n<td width=\"361\">Calle 20 de Junio y Avila<\/td>\n<\/tr>\n<tr>\n<td width=\"75\"><\/td>\n<td width=\"145\">Independencia<\/td>\n<td width=\"361\">B\u00b0 Independencia<\/td>\n<\/tr>\n<tr>\n<td width=\"75\"><\/td>\n<td width=\"145\">Ejercito de los Andes<\/td>\n<td width=\"361\">Calle Independencia<\/td>\n<\/tr>\n<tr>\n<td width=\"75\"><\/td>\n<td width=\"145\">Cordero<\/td>\n<td width=\"361\">Calle Nacional y Rodr\u00edguez<\/td>\n<\/tr>\n<tr>\n<td width=\"75\"><\/td>\n<td width=\"145\"><strong>Angaco<\/strong><\/td>\n<td width=\"361\"><\/td>\n<\/tr>\n<tr>\n<td width=\"75\"><\/td>\n<td width=\"145\">H. Rizo Esparza<\/td>\n<td width=\"361\">Calle Sarmiento<\/td>\n<\/tr>\n<tr>\n<td width=\"75\"><\/td>\n<td width=\"145\">Las Tapias<\/td>\n<td width=\"361\">Calle 21 de Febrero. CIC Angaco<\/td>\n<\/tr>\n<tr>\n<td width=\"75\"><\/td>\n<td width=\"145\">Campo de Batalla<\/td>\n<td width=\"361\">Calle Proyectada B\u00b0 Zoe Bustos<\/td>\n<\/tr>\n<tr>\n<td width=\"75\"><\/td>\n<td width=\"145\"><strong>Valle F\u00e9rtil<\/strong><\/td>\n<td width=\"361\"><\/td>\n<\/tr>\n<tr>\n<td width=\"75\"><\/td>\n<td width=\"145\">H. A. Albarrac\u00edn<\/td>\n<td width=\"361\">Calle Gral. Acha y 25 de Mayo<\/td>\n<\/tr>\n<tr>\n<td width=\"75\"><\/td>\n<td width=\"145\">Usno<\/td>\n<td width=\"361\">Ruta 510<\/td>\n<\/tr>\n<tr>\n<td width=\"75\"><\/td>\n<td width=\"145\">Balde de las Chilcas<\/td>\n<td width=\"361\">Ruta 510<\/td>\n<\/tr>\n<tr>\n<td width=\"75\"><\/td>\n<td width=\"145\">Astica<\/td>\n<td width=\"361\">Calle Fabian Atencio<\/td>\n<\/tr>\n<tr>\n<td width=\"75\"><\/td>\n<td width=\"145\"><\/td>\n<td width=\"361\"><\/td>\n<\/tr>\n<\/tbody>\n<\/table>\n<table width=\"581\">\n<tbody>\n<tr>\n<td width=\"75\"><strong>ZONA III<\/strong><\/td>\n<td width=\"145\"><strong>Albard\u00f3n<\/strong><\/td>\n<td width=\"361\"><\/td>\n<\/tr>\n<tr>\n<td width=\"75\"><\/td>\n<td width=\"145\">H. Giordano<\/td>\n<td width=\"361\">Calle Sarmiento. V\u00b0 Gral San Martin.<\/td>\n<\/tr>\n<tr>\n<td width=\"75\"><\/td>\n<td width=\"145\"><strong>J\u00e1chal<\/strong><\/td>\n<td width=\"361\"><\/td>\n<\/tr>\n<tr>\n<td width=\"75\"><\/td>\n<td width=\"145\">H. San Roque<\/td>\n<td width=\"361\">Calle 25 de Mayo 859 San Jose de Jachal<\/td>\n<\/tr>\n<tr>\n<td width=\"75\"><\/td>\n<td width=\"145\"><strong>Iglesia<\/strong><\/td>\n<td width=\"361\"><\/td>\n<\/tr>\n<tr>\n<td width=\"75\"><\/td>\n<td width=\"145\">H. Tomas Per\u00f3n<\/td>\n<td width=\"361\">Calle Santo Domingo<\/td>\n<\/tr>\n<\/tbody>\n<\/table>\n<table width=\"600\">\n<tbody>\n<tr>\n<td width=\"75\"><strong>ZONA IV<\/strong><\/td>\n<td width=\"145\"><strong><u>R<\/u>ivadavia<\/strong><\/td>\n<td width=\"380\"><\/td>\n<\/tr>\n<tr>\n<td width=\"75\"><\/td>\n<td width=\"145\">Rodr\u00edguez Pinto<\/td>\n<td width=\"380\">Calle Centenario 627 (sur) Villa R. Pinto<\/td>\n<\/tr>\n<tr>\n<td width=\"75\"><\/td>\n<td width=\"145\">Hospital Marcial Quiroga<\/td>\n<td width=\"380\">Turno Tarde. Av Libertador<\/td>\n<\/tr>\n<tr>\n<td width=\"75\"><\/td>\n<td width=\"145\">Centro de Salud San Justo<\/td>\n<td width=\"380\">Calle Proyectada, entre Sarmiento, Rivadavia<\/td>\n<\/tr>\n<tr>\n<td width=\"75\"><\/td>\n<td width=\"145\">Centro de Salud Barrio Rivadavia Sur, Dr. Rene Favaloro<\/td>\n<td width=\"380\">Gregorio las Heras 1174, Rivadavia<\/td>\n<\/tr>\n<tr>\n<td width=\"75\"><\/td>\n<td width=\"145\"><strong>Zonda<\/strong><\/td>\n<td width=\"380\"><\/td>\n<\/tr>\n<tr>\n<td width=\"75\"><\/td>\n<td width=\"145\">Zonda<\/td>\n<td width=\"380\">12 Km. Villa Basilio Nievas<\/td>\n<\/tr>\n<tr>\n<td width=\"75\"><\/td>\n<td width=\"145\"><strong>Ullum<\/strong><\/td>\n<td width=\"380\"><\/td>\n<\/tr>\n<tr>\n<td width=\"75\"><\/td>\n<td width=\"145\">CIC Ullum<\/td>\n<td width=\"380\">Calle Herm\u00f3genes Ruiz y Ullumba. V. Aurora<\/td>\n<\/tr>\n<tr>\n<td width=\"75\"><\/td>\n<td width=\"145\"><strong>Calingasta<\/strong><\/td>\n<td width=\"380\"><\/td>\n<\/tr>\n<tr>\n<td width=\"75\"><\/td>\n<td width=\"145\">Poli Barreal<\/td>\n<td width=\"380\"><\/td>\n<\/tr>\n<tr>\n<td width=\"75\"><\/td>\n<td width=\"145\">Tamber\u00edas<\/td>\n<td width=\"380\">Calle Lavalle<\/td>\n<\/tr>\n<tr>\n<td width=\"75\"><\/td>\n<td width=\"145\">H. Cantoni<\/td>\n<td width=\"380\">Avda. Argentina<\/td>\n<\/tr>\n<\/tbody>\n<\/table>\n<table width=\"600\">\n<tbody>\n<tr>\n<td width=\"75\"><strong>ZONA V<\/strong><\/td>\n<td width=\"145\"><strong>Rawson<\/strong><\/td>\n<td width=\"380\"><\/td>\n<\/tr>\n<tr>\n<td width=\"75\"><\/td>\n<td width=\"145\">B\u00b0Valle Grande<\/td>\n<td width=\"380\">Calle Proyectada. Barrio Valle Grande<\/td>\n<\/tr>\n<tr>\n<td width=\"75\"><\/td>\n<td width=\"145\">B\u00b0Rio Blanco<\/td>\n<td width=\"380\">Calle Segundo Sombra entre Calvento y Devoto. B\u00b0 R\u00edo Blanco<\/td>\n<\/tr>\n<tr>\n<td width=\"75\"><\/td>\n<td width=\"145\">CIC M\u00e9dano de Oro<\/td>\n<td width=\"380\">Calle Ram\u00f3n Franco (frente a plaza principal del M\u00e9dano)<\/td>\n<\/tr>\n<tr>\n<td width=\"75\"><\/td>\n<td width=\"145\">G\u00fcemes<\/td>\n<td width=\"380\">Calle V\u00e9lez Sarsfield y Capdevila 406. B\u00b0 G\u00fcemes<\/td>\n<\/tr>\n<tr>\n<td width=\"75\"><\/td>\n<td width=\"145\"><strong>Pocito<\/strong><\/td>\n<td width=\"380\"><\/td>\n<\/tr>\n<tr>\n<td width=\"75\"><\/td>\n<td width=\"145\">Chubut<\/td>\n<td width=\"380\">Calle 2 de Abril y Sarmiento<\/td>\n<\/tr>\n<tr>\n<td width=\"75\"><\/td>\n<td width=\"145\">Huarpes<\/td>\n<td width=\"380\">Calle Aberastain y J.J Bustos. V Huarpes<\/td>\n<\/tr>\n<tr>\n<td width=\"75\"><\/td>\n<td width=\"145\">CIC Pocito<\/td>\n<td width=\"380\">Calle Pascual Lama y Cuesta del Viento. B\u00b0 Salvador Norte<\/td>\n<\/tr>\n<tr>\n<td width=\"75\"><\/td>\n<td width=\"145\">Hermosilla<\/td>\n<td width=\"380\">Calle 15 y Avda Aberastain. La Rinconada<\/td>\n<\/tr>\n<tr>\n<td width=\"75\"><\/td>\n<td width=\"145\"><strong>Sarmiento<\/strong><\/td>\n<td width=\"380\"><\/td>\n<\/tr>\n<tr>\n<td width=\"75\"><\/td>\n<td width=\"145\">Ca\u00f1ada Honda<\/td>\n<td width=\"380\">Calle P\u00fablica. Ca\u00f1ada Honda<\/td>\n<\/tr>\n<tr>\n<td width=\"75\"><\/td>\n<td width=\"145\">Cochagual Norte<\/td>\n<td width=\"380\">Ruta Provincial 253 entre callejones Mor\u00f3n y Ferrer.<\/td>\n<\/tr>\n<tr>\n<td width=\"75\"><\/td>\n<td width=\"145\">Tres Esquinas<\/td>\n<td width=\"380\">Calle 25 de Mayo. Tres Esquinas<\/td>\n<\/tr>\n<tr>\n<td width=\"75\"><\/td>\n<td width=\"145\">Cerro Valdivia<\/td>\n<td width=\"380\">Calle Salvador Mar\u00eda del Carril. Colonia Fiscal<\/td>\n<\/tr>\n<tr>\n<td width=\"75\"><\/td>\n<td width=\"145\">Micro H. Los Berros<\/td>\n<td width=\"380\">Ruta 319. Los Berros<\/td>\n<\/tr>\n<\/tbody>\n<\/table>\n<ul>\n<li>Personas con inmunocompromiso, independientemente del esquema primario recibido: tratamiento oncol\u00f3gico para tumores s\u00f3lidos y onco-hematol\u00f3gicos.<\/li>\n<li>Receptores de trasplante de \u00f3rgano s\u00f3lido en tratamiento inmunosupresor.<\/li>\n<li>Receptores de trasplante de c\u00e9lulas progenitoras hematopoy\u00e9ticas en los \u00faltimos 2 a\u00f1os o en tratamiento inmunosupresor Inmunodeficiencia primaria moderada o grave.<\/li>\n<li>Personas viviendo con VIH Tratamiento activo con corticosteroides en dosis altas o medicaci\u00f3n inmunosupresora.<\/li>\n<\/ul>\n","protected":false},"excerpt":{"rendered":"<p>El Ministerio de Salud P\u00fablica del Gobierno de San Juan comunica que desde el Jueves, 4 de Noviembre, se comienza<\/p>\n","protected":false},"author":3,"featured_media":33965,"comment_status":"closed","ping_status":"closed","sticky":false,"template":"","format":"standard","meta":{"_acf_changed":false,"_seopress_robots_primary_cat":"none","_seopress_titles_title":"","_seopress_titles_desc":"","_seopress_robots_index":"","colormag_page_container_layout":"default_layout","colormag_page_sidebar_layout":"default_layout","footnotes":""},"categories":[6],"tags":[],"class_list":["post-43574","post","type-post","status-publish","format-standard","has-post-thumbnail","hentry","category-eventos"],"acf":[],"_links":{"self":[{"href":"https:\/\/vocesparalelas.com.ar\/sitio\/wp-json\/wp\/v2\/posts\/43574","targetHints":{"allow":["GET"]}}],"collection":[{"href":"https:\/\/vocesparalelas.com.ar\/sitio\/wp-json\/wp\/v2\/posts"}],"about":[{"href":"https:\/\/vocesparalelas.com.ar\/sitio\/wp-json\/wp\/v2\/types\/post"}],"author":[{"embeddable":true,"href":"https:\/\/vocesparalelas.com.ar\/sitio\/wp-json\/wp\/v2\/users\/3"}],"replies":[{"embeddable":true,"href":"https:\/\/vocesparalelas.com.ar\/sitio\/wp-json\/wp\/v2\/comments?post=43574"}],"version-history":[{"count":2,"href":"https:\/\/vocesparalelas.com.ar\/sitio\/wp-json\/wp\/v2\/posts\/43574\/revisions"}],"predecessor-version":[{"id":43651,"href":"https:\/\/vocesparalelas.com.ar\/sitio\/wp-json\/wp\/v2\/posts\/43574\/revisions\/43651"}],"wp:featuredmedia":[{"embeddable":true,"href":"https:\/\/vocesparalelas.com.ar\/sitio\/wp-json\/wp\/v2\/media\/33965"}],"wp:attachment":[{"href":"https:\/\/vocesparalelas.com.ar\/sitio\/wp-json\/wp\/v2\/media?parent=43574"}],"wp:term":[{"taxonomy":"category","embeddable":true,"href":"https:\/\/vocesparalelas.com.ar\/sitio\/wp-json\/wp\/v2\/categories?post=43574"},{"taxonomy":"post_tag","embeddable":true,"href":"https:\/\/vocesparalelas.com.ar\/sitio\/wp-json\/wp\/v2\/tags?post=43574"}],"curies":[{"name":"wp","href":"https:\/\/api.w.org\/{rel}","templated":true}]}}