{"id":43524,"date":"2021-11-02T23:52:04","date_gmt":"2021-11-03T02:52:04","guid":{"rendered":"https:\/\/vocesparalelas.com.ar\/sitio\/?p=43524"},"modified":"2021-11-03T21:47:16","modified_gmt":"2021-11-04T00:47:16","slug":"xxvii-festival-de-guitarras-del-mundo","status":"publish","type":"post","link":"https:\/\/vocesparalelas.com.ar\/sitio\/xxvii-festival-de-guitarras-del-mundo\/","title":{"rendered":"XXVII Festival de Guitarras del Mundo"},"content":{"rendered":"<p>El Mi\u00e9rcoles, 3 de Noviembre, a las 21 hs.; en el Auditorio Juan Victoria se desarrolla XXVII Festival de Guitarras del Mundo. La entrada es libre y gratuita.<\/p>\n<p>Por ello, UPCN Seccional San Juan invita a la comunidad a disfrutar de m\u00fasica a partir de la ejecuci\u00f3n de la guitarra interpretada por grandes m\u00fasicos.<\/p>\n<p>Es as\u00ed que, Voces Paralelas entrevist\u00f3 al Secretario de Cultura y Capacitaci\u00f3n de UPCN, Lic. Luis Mallea, quien invit\u00f3 y describi\u00f3 la convocatoria XXVII Festival de Guitarras del Mundo para disfrutar en familia.<\/p>\n<p><iframe loading=\"lazy\" title=\"UPCN LIC. LUIS MALLEA\" width=\"800\" height=\"450\" src=\"https:\/\/www.youtube.com\/embed\/-U7b3UF601E?feature=oembed\" frameborder=\"0\" allow=\"accelerometer; autoplay; clipboard-write; encrypted-media; gyroscope; picture-in-picture\" allowfullscreen><\/iframe><\/p>\n<p>&nbsp;<\/p>\n<p>&nbsp;<\/p>\n<p><strong><span style=\"color: #0000ff;\">ARTISTA <\/span><\/strong><strong><span style=\"color: #0000ff;\">INTERNACIONAL: FRANCIA &#8211; ARGENTINA<\/span><\/strong><\/p>\n<p><strong><span style=\"color: #0000ff;\">\u201cRudi\u201d Flores<\/span> <\/strong>es uno de los embajadores musicales de la Argentina en el exterior y m\u00e1s precisamente en Francia, donde desarrolla gran parte de su carrera art\u00edstica difundiendo principalmente el chamam\u00e9, m\u00fasica de su tierra natal, Corrientes.<\/p>\n<p>Exquisito int\u00e9rprete de la guitarra folcl\u00f3rica argentina, es tambi\u00e9n compositor, difusor y defensor de las ra\u00edces musicales de su pa\u00eds, pero tambi\u00e9n un apasionado de la m\u00fasica latinoamericana. En su actual formaci\u00f3n instrumental, que lleva su nombre, y donde despliega, adem\u00e1s de la espontaneidad y creatividad constante, una extensa y variada gama de ambientes r\u00edtmicos y arm\u00f3nicos renovadores que llevan a la guitarra a ocupar el rol de protagonista principal en el repertorio popular de la m\u00fasica argentina.<\/p>\n<p><strong><span style=\"color: #0000ff;\">Ernesto M\u00e9ndez<\/span><\/strong> naci\u00f3 en Paran\u00e1, provincia de Entre R\u00edos, Argentina. Sus trabajos como solista \u2013 \u201cAlma guaran\u00ed\u201d EPSA Music 1999 y \u201cAlborada\u201d SHAGRADA MEDRA 2005 &#8211; lo revelan como uno de los compositores y<br \/>\narregladores m\u00e1s originales de la actualidad.<\/p>\n<p>En 2011 edita su tercer cd solista \u201cPueblero\u201d como Premio R\u00e9gimen de Fomento de Ediciones Discogr\u00e1ficas del Fondo Nacional de las Artes, Argentina. En 2013 edita el cd \u201cGenealog\u00eda\u201d junto a Ramiro Gallo y Andr\u00e9s Pilar y hacia fines de este mismo a\u00f1o graba con Rudi Flores \u201cSonido Junto\u201d, Dedicado a la m\u00fasica del litoral en versiones libres y espont\u00e1neas. Ha participado de Festivales Internacionales y se ha presentado en Argentina, Brasil, Uruguay, Reino Unido y Alemania.<\/p>\n<p>Present\u00e1ndose en salas de prestigio como el Royal Festival Hall de Londres, el Centro de Estudios Ibero Americanos de Berl\u00edn y el Teatro Col\u00f3n de Buenos Aires. Sus composiciones originales para guitarra son editadas por EPSA Publishing (2007), Fondo Nacional de las Artes (2006), Tr\u00e1fico de Arte (2004) y son interpretadas y grabadas por guitarristas de distintas partes del mundo. Y han sido incluidas como obras impuestas en distintos concursos de guitarra cl\u00e1sica.<\/p>\n<p>Desarrolla su actividad docente en la Universidad Aut\u00f3noma de Entre R\u00edos y la Universidad Nacional del Litoral. Ganador del Premios Gardel edici\u00f3n 2019, al Mejor \u00e1lbum de Chamam\u00e9 en Guitarras\u201d.<\/p>\n<p><span style=\"color: #0000ff;\"><strong>ARTISTA NACIONAL: ARGENTINA<\/strong><\/span><\/p>\n<p><span style=\"color: #0000ff;\"><strong> MIRTA ALVAREZ<\/strong><\/span><\/p>\n<p>Concertista argentina de guitarra, compositora, arregladora y cantante con una vasta trayectoria en escenarios nacionales e internacionales.<\/p>\n<p>Como docente desarrolla su labor en la EMPA, (Escuela de M\u00fasica Popular de Avellaneda) una instituci\u00f3n fundamental en la transmisi\u00f3n de la m\u00fasica popular en Argentina. Public\u00f3 en el a\u00f1o 2018 su primer libro de arreglos \u201cTango para guitarra por Editorial Melos. Su \u00faltimo cd \u201cMUSICA ARGENTINA\u201d, editado por el sello Acqua (2019) ha sido nominado a los Premios Gardel 2020.<\/p>\n<p>A trav\u00e9s de su guitarra aborda con profundidad nuestra m\u00fasica popular argentina, (tango y folklore) piezas solistas con un marcado virtuosismo y sensibilidad, versiones, adaptaciones y arreglos que viajan a los estilos fundamentales del tango, composiciones propias, obras originales para guitarra, y el dialogo preciso en las versiones cantadas que vive junto a su instrumento.<\/p>\n<p><strong><span style=\"color: #0000ff;\">ARTISTA LOCAL: SAN JUAN<\/span><\/strong><\/p>\n<p><strong><span style=\"color: #0000ff;\">IGNACIO DANIEL ONTIVERO<\/span><\/strong><\/p>\n<p>(15 a\u00f1os) naci\u00f3 en 2006 en la provincia de San Juan, Argentina, es alumno de guitarra cl\u00e1sica y cursa el 3er Ciclo de la carrera de Int\u00e9rprete Musical en la Especialidad de Guitarra, en la Escuela de M\u00fasica de la Universidad Nacional de San Juan. Profesores de guitarra: Andr\u00e9 Esp\u00edndola (Brasil), Marcelo Villegas (San Juan) y Juan Almada (Bs. As.).<\/p>\n<p>Como alumno, particip\u00f3 de diversos cursos de t\u00e9cnica e interpretaci\u00f3n guitarr\u00edstica y masterclass con m\u00fasicos<br \/>\nrenombrados como: Juan Fal\u00fa, M\u00e1ximo Pujol, Marcos Pu\u00f1a (Bolivia), Dr. Sidney Molina (Brasil), Ariel Elijovich, Andre Porto (Brasil), D\u00fao Siqueira-Lima (Brasil-Uruguay), entre otros. Como int\u00e9rprete actu\u00f3 en 2019 en Brasil en el Viva Art Center, Campo Grande, Mato Grosso do Sul y el II Festival Internacional de Violao de Navira\u00ed.<\/p>\n<p>Adem\u00e1s, en los festivales \u00abEncuentro de Guitarras de Lincol (B.A.)\u00bb, \u00abIX Festival de Guitarra Andes La Rioja 2018\u00bb.<\/p>\n<p>Becas: En 2019 fue becado por la Jacobs School of Music de la Universidad de Indiana (EE. UU.), en el \u00abFESTIVAL DE INDIANA &#8211; Programa de Formaci\u00f3n Intensiva en T\u00e9cnica e Interpretaci\u00f3n Musical\u00bb.<\/p>\n<p>Invitaciones: Fue invitado a actuar en 2020 en el festival Guitare en C\u00e9vennes, Francia y a las ciudades de Sao Pablo y Rio de Janeiro, Brasil.<\/p>\n<p>Actualmente, ha sido invitado a New York, para el mes de febrero del 2022, a dar tres conciertos y audicionar para una beca universitaria por la Hunter College, The City University of New York.<\/p>\n<p>Particip\u00f3 en tres Concursos Internacionales, siendo premiado en todos ellos:<\/p>\n<ul>\n<li>Primer Premio: Concurso XXXI Concurso de Guitarra Souza Lima, Brasil &#8211; 2020.<\/li>\n<li>Primer Premio: XV Concurso de Viol\u00e3o do Conservat\u00f3rio Villa Lobos da FITO, San Pablo, Brasil &#8211; 2021.<\/li>\n<li>Segundo Premio: V Festival Internacional de Guitarra \u201cMar\u00eda Luisa Anido\u201d, Bs. As. \u2013 2021.<\/li>\n<\/ul>\n<p><strong><span style=\"color: #0000ff;\">Homenaje<\/span><\/strong><\/p>\n<ul>\n<li><span style=\"color: #0000ff;\"><strong>HUGO VINZIO ROSSELOT<\/strong><\/span><\/li>\n<\/ul>\n<p>Artista pl\u00e1stico nacido en San Juan, Argentina, el 23 de junio de 1956. Vive actualmente en San Juan. Posee<br \/>\nestudios universitarios en artes pl\u00e1sticas y en ciencias de la comunicaci\u00f3n. Ha trabajado en el \u00e1mbito privado<br \/>\nen el \u00e1rea de la publicidad y en el estatal.<\/p>\n<p>En el de la cultura (Gobierno de San Juan) y el arte, Universidad Nacional de San Juan. Entre los a\u00f1os 1982 y 1986 fue contratado por UNESCO, como consultor para realizar trabajos de capacitaci\u00f3n en pa\u00edses de Am\u00e9rica Latina y el Caribe.<\/p>\n<p>Tiene exposiciones individuales y colectivas. Humorista gr\u00e1fico, ha editado en diferentes medios en su lugar de origen como as\u00ed libros de humor gr\u00e1fico y cuentos. Premios provinciales, nacionales e internacionales.<\/p>\n<p>Sus obras han sido adquiridas por colecciones privadas, tambi\u00e9n en el \u00e1mbito estatal.<\/p>\n<p><span style=\"color: #0000ff;\"><strong>RICARDO WALTER SORIA<\/strong><\/span><br \/>\n<span style=\"color: #0000ff;\"><strong>Q.E.P.D.<\/strong><\/span><\/p>\n<p>Fecha de nacimiento: 28\/01\/47<br \/>\nFormaci\u00f3n Acad\u00e9mica: Percusi\u00f3n. Escuela de M\u00fasica UNSJ.<br \/>\nMatricula Profesional Musico: 1424 SADEM.<br \/>\nCursos: especializaci\u00f3n en bater\u00eda, Jazz.<br \/>\nExperiencia Profesional<br \/>\n1962\/ 63: Jimmy y sus Dixilanders.<br \/>\n1963\/65: M\u00fasico estable Canal 8 JC Trio. Los Juglares.<br \/>\n1965\/67: Hermes Vieyra y su conjunto. Los Salvajes.<br \/>\n1967\/73: The Kings. Grupo Joe Mill\u00e1n Bs As.<br \/>\n1973\/76: Grabaci\u00f3n LP Mi Raza Huarpe, Conjunto Ariel, Hermes Vieyra, Giras por diversas provincias del pa\u00eds, Bolivia y Chile.<br \/>\n1975\/84: Ingresa como musico estable de Hotel Nogaro y Casino de San Juan ejerciendo la jefatura musical de los mismos. Acompa\u00f1o Artistas Internacionales Armando Manzanero, Mar\u00eda Marta Serra<br \/>\nLima, Roberto Yanez\u2026 entre otros.<br \/>\n1984: Musico solista, Obra \u201cCantata Sudamericana\u201d, dirigida por Juan Carlos Abraham y giras nacionales con la misma.<br \/>\n1988\/99: Ingresa por concurso a la banda de Jazz estable de la UNSJ, Jazz Ensamble. Recorriendo con la misma, festivales internacionales y Presentaciones nacionales. Jazz Ensamble representa a San Juan en Mozarteum Argentino.<br \/>\n2000\/20: Ingreso a la orquesta mel\u00f3dica \u201cLuna Azul\u201d de la Municipalidad de la Ciudad de San Juan, ingresando como docente de percusi\u00f3n y bater\u00eda, hasta la fecha.<br \/>\n2004\/01: Occidental Sax Band, recorriendo el pa\u00eds, Bolivia y Chile dando el cierre de Mozarteum Argentino del a\u00f1o 2009.<\/p>\n<p><strong><span style=\"color: #0000ff;\">DAVID MOLINA<\/span><\/strong><\/p>\n<p>En 1977 comenz\u00f3 sus estudios de contrabajo en la Escuela de M\u00fasica de la FFHA de la UNSJ, Catedra de Contrabajo del Profesor Romeo Molo, en 1982 ingresa a la Orquesta Sinf\u00f3nica de la UNSJ, en 1987 gana por concurso de Antecedentes y oposici\u00f3n el cargo de Profesor Titular de la Catedra de Contrabajo y Solista de Contrabajo en la<br \/>\nOrquesta Sinf\u00f3nica de la UNSJ cargo que desempe\u00f1\u00f3 hasta enero del 2021, llevo adelante una intensa labor en la Ense\u00f1anza y difusi\u00f3n del Contrabajo en nuestra Provincia como en otras regiones de la Argentina.<\/p>\n<p><img loading=\"lazy\" decoding=\"async\" class=\"alignnone wp-image-43471 size-full aligncenter\" src=\"https:\/\/vocesparalelas.com.ar\/sitio\/wp-content\/uploads\/2021\/11\/UPCN-GUITARRAS.jpg\" alt=\"\" width=\"517\" height=\"920\" srcset=\"https:\/\/vocesparalelas.com.ar\/sitio\/wp-content\/uploads\/2021\/11\/UPCN-GUITARRAS.jpg 517w, https:\/\/vocesparalelas.com.ar\/sitio\/wp-content\/uploads\/2021\/11\/UPCN-GUITARRAS-169x300.jpg 169w, https:\/\/vocesparalelas.com.ar\/sitio\/wp-content\/uploads\/2021\/11\/UPCN-GUITARRAS-450x800.jpg 450w\" sizes=\"auto, (max-width: 517px) 100vw, 517px\" \/><\/p>\n","protected":false},"excerpt":{"rendered":"<p>El Mi\u00e9rcoles, 3 de Noviembre, a las 21 hs.; en el Auditorio Juan Victoria se desarrolla XXVII Festival de Guitarras<\/p>\n","protected":false},"author":3,"featured_media":43464,"comment_status":"closed","ping_status":"closed","sticky":false,"template":"","format":"video","meta":{"_acf_changed":false,"_seopress_robots_primary_cat":"none","_seopress_titles_title":"","_seopress_titles_desc":"","_seopress_robots_index":"","colormag_page_container_layout":"default_layout","colormag_page_sidebar_layout":"default_layout","footnotes":""},"categories":[20,7],"tags":[],"class_list":["post-43524","post","type-post","status-publish","format-video","has-post-thumbnail","hentry","category-cartelera","category-videos","post_format-post-format-video"],"acf":[],"_links":{"self":[{"href":"https:\/\/vocesparalelas.com.ar\/sitio\/wp-json\/wp\/v2\/posts\/43524","targetHints":{"allow":["GET"]}}],"collection":[{"href":"https:\/\/vocesparalelas.com.ar\/sitio\/wp-json\/wp\/v2\/posts"}],"about":[{"href":"https:\/\/vocesparalelas.com.ar\/sitio\/wp-json\/wp\/v2\/types\/post"}],"author":[{"embeddable":true,"href":"https:\/\/vocesparalelas.com.ar\/sitio\/wp-json\/wp\/v2\/users\/3"}],"replies":[{"embeddable":true,"href":"https:\/\/vocesparalelas.com.ar\/sitio\/wp-json\/wp\/v2\/comments?post=43524"}],"version-history":[{"count":3,"href":"https:\/\/vocesparalelas.com.ar\/sitio\/wp-json\/wp\/v2\/posts\/43524\/revisions"}],"predecessor-version":[{"id":43536,"href":"https:\/\/vocesparalelas.com.ar\/sitio\/wp-json\/wp\/v2\/posts\/43524\/revisions\/43536"}],"wp:featuredmedia":[{"embeddable":true,"href":"https:\/\/vocesparalelas.com.ar\/sitio\/wp-json\/wp\/v2\/media\/43464"}],"wp:attachment":[{"href":"https:\/\/vocesparalelas.com.ar\/sitio\/wp-json\/wp\/v2\/media?parent=43524"}],"wp:term":[{"taxonomy":"category","embeddable":true,"href":"https:\/\/vocesparalelas.com.ar\/sitio\/wp-json\/wp\/v2\/categories?post=43524"},{"taxonomy":"post_tag","embeddable":true,"href":"https:\/\/vocesparalelas.com.ar\/sitio\/wp-json\/wp\/v2\/tags?post=43524"}],"curies":[{"name":"wp","href":"https:\/\/api.w.org\/{rel}","templated":true}]}}