{"id":43520,"date":"2021-11-02T21:01:51","date_gmt":"2021-11-03T00:01:51","guid":{"rendered":"https:\/\/vocesparalelas.com.ar\/sitio\/?p=43520"},"modified":"2021-11-02T21:01:51","modified_gmt":"2021-11-03T00:01:51","slug":"san-juan-sede-del-viii-congreso-argentino-de-cuatrenario-y-geomorfologia-en-el-2022","status":"publish","type":"post","link":"https:\/\/vocesparalelas.com.ar\/sitio\/san-juan-sede-del-viii-congreso-argentino-de-cuatrenario-y-geomorfologia-en-el-2022\/","title":{"rendered":"San Juan sede del VIII Congreso Argentino de Cuatrenario y Geomorfolog\u00eda en el 2022"},"content":{"rendered":"<p>El ministro de Miner\u00eda del Gobierno de San Juan, Ing. Carlos Astudillo, se reuni\u00f3 con el decano de la Facultad de Ciencias Exactas, F\u00edsicas y Naturales de la Universidad Nacional de San Juan, Ing. Rodolfo Bloch, acompa\u00f1ado por el doctor en geolog\u00eda Luis Mart\u00edn Rothis.<\/p>\n<p>El encuentro se produjo con motivo de formalizar la invitaci\u00f3n al\u00a0VIII Congreso Argentino de Cuatrenario y Geomorfolog\u00eda, en el que las autoridades universitarias tuvieron a bien incluir en su consideraci\u00f3n la presencia del Ministerio de Miner\u00eda.<\/p>\n<p>Se trata de una nueva edici\u00f3n del mencionado congreso, cuyo m\u00e1s reciente antecedente se remonta al a\u00f1o 2018. En aquella ocasi\u00f3n, el evento tuvo lugar en la localidad de Puerto Madryn, provincia de Chubut, en el mes de septiembre. Para esta oportunidad,\u00a0la localidad en la que se desarrollar\u00e1 el evento ser\u00e1 ni m\u00e1s ni menos que la provincia de San Juan, y la fecha determinada entre el lunes 19 y el viernes 23 de septiembre de 2022.<\/p>\n<p>La organizaci\u00f3n corre a cuenta del esfuerzo conjunto entre el Instituto de Geolog\u00eda Emiliano Pedro Aparicio &#8211; Ingeo &#8211; y de autoridades, investigadores y docentes de la Facultad de Exactas de la UNSJ, quienes conforman la Comisi\u00f3n Organizadora local. En este caso, el Dr. Rothis quien ocupa el cargo de vicepresidente de dicho congreso, asisti\u00f3 a la reuni\u00f3n en representaci\u00f3n de dicha comisi\u00f3n.<\/p>\n<p>Del simposio participar\u00e1n un gran n\u00famero de cient\u00edficos y expertos tanto del pa\u00eds como del extranjero, en tem\u00e1ticas relacionadas a los proceso geol\u00f3gicos como fluviales, glaciales, neotect\u00f3nicos, remoci\u00f3n en masa, entre otros, actuantes durante el per\u00edodo Cuaternario, como as\u00ed tambi\u00e9n especialistas en geoarqueolog\u00eda y geoturismo.<\/p>\n<p>Este evento se desarrollar\u00e1 de manera bimodal: contar\u00e1 con actividades presenciales y virtuales que ser\u00e1n transmitidas a trav\u00e9s de internet. Incluir\u00e1 no solo conferencias y cursos sino tambi\u00e9n numerosas salidas al campo que enriquecer\u00e1n la experiencia de los y las participantes.<\/p>\n<p>El ministro Astudillo agradeci\u00f3 la invitaci\u00f3n y destac\u00f3 la importancia del Congreso para la provincia, que es considerada a nivel mundial como un verdadero laboratorio geol\u00f3gico natural.\u00a0\u201cEstamos profundamente orgullosos del potencial geol\u00f3gico sanjuanino, por lo que este evento se traduce en una gran oportunidad de promover el inter\u00e9s de la comunidad cient\u00edfica internacional y elevar la consideraci\u00f3n de la provincia en materia de geolog\u00eda, tanto local como globalmente\u201d, cerr\u00f3.<\/p>\n","protected":false},"excerpt":{"rendered":"<p>El ministro de Miner\u00eda del Gobierno de San Juan, Ing. Carlos Astudillo, se reuni\u00f3 con el decano de la Facultad<\/p>\n","protected":false},"author":3,"featured_media":43522,"comment_status":"closed","ping_status":"closed","sticky":false,"template":"","format":"standard","meta":{"_acf_changed":false,"_seopress_robots_primary_cat":"none","_seopress_titles_title":"","_seopress_titles_desc":"","_seopress_robots_index":"","colormag_page_container_layout":"default_layout","colormag_page_sidebar_layout":"default_layout","footnotes":""},"categories":[1],"tags":[],"class_list":["post-43520","post","type-post","status-publish","format-standard","has-post-thumbnail","hentry","category-destacadas"],"acf":[],"_links":{"self":[{"href":"https:\/\/vocesparalelas.com.ar\/sitio\/wp-json\/wp\/v2\/posts\/43520","targetHints":{"allow":["GET"]}}],"collection":[{"href":"https:\/\/vocesparalelas.com.ar\/sitio\/wp-json\/wp\/v2\/posts"}],"about":[{"href":"https:\/\/vocesparalelas.com.ar\/sitio\/wp-json\/wp\/v2\/types\/post"}],"author":[{"embeddable":true,"href":"https:\/\/vocesparalelas.com.ar\/sitio\/wp-json\/wp\/v2\/users\/3"}],"replies":[{"embeddable":true,"href":"https:\/\/vocesparalelas.com.ar\/sitio\/wp-json\/wp\/v2\/comments?post=43520"}],"version-history":[{"count":1,"href":"https:\/\/vocesparalelas.com.ar\/sitio\/wp-json\/wp\/v2\/posts\/43520\/revisions"}],"predecessor-version":[{"id":43523,"href":"https:\/\/vocesparalelas.com.ar\/sitio\/wp-json\/wp\/v2\/posts\/43520\/revisions\/43523"}],"wp:featuredmedia":[{"embeddable":true,"href":"https:\/\/vocesparalelas.com.ar\/sitio\/wp-json\/wp\/v2\/media\/43522"}],"wp:attachment":[{"href":"https:\/\/vocesparalelas.com.ar\/sitio\/wp-json\/wp\/v2\/media?parent=43520"}],"wp:term":[{"taxonomy":"category","embeddable":true,"href":"https:\/\/vocesparalelas.com.ar\/sitio\/wp-json\/wp\/v2\/categories?post=43520"},{"taxonomy":"post_tag","embeddable":true,"href":"https:\/\/vocesparalelas.com.ar\/sitio\/wp-json\/wp\/v2\/tags?post=43520"}],"curies":[{"name":"wp","href":"https:\/\/api.w.org\/{rel}","templated":true}]}}