{"id":43500,"date":"2021-11-01T20:45:53","date_gmt":"2021-11-01T23:45:53","guid":{"rendered":"https:\/\/vocesparalelas.com.ar\/sitio\/?p=43500"},"modified":"2021-11-02T11:28:31","modified_gmt":"2021-11-02T14:28:31","slug":"inauguracion-de-la-exposicion-artistica-estoy-aqui","status":"publish","type":"post","link":"https:\/\/vocesparalelas.com.ar\/sitio\/inauguracion-de-la-exposicion-artistica-estoy-aqui\/","title":{"rendered":"Inauguraci\u00f3n de la exposici\u00f3n art\u00edstica \u00abEstoy Aqu\u00ed\u00bb"},"content":{"rendered":"<p>La Sociedad Franklin Biblioteca Popular invita a la comunidad a participar de la inauguraci\u00f3n de la exposici\u00f3n \u00abEstoy Aqu\u00ed\u00bb de la artista pl\u00e1stica Isabel Fern\u00e1ndez, que hace referencia a paisajes\u00a0 al \u00f3leo, el Martes, 2 de Noviembre, a las 19:30 hs.; en la sala principal\u00a0 de la instituci\u00f3n.<\/p>\n<p>Adem\u00e1s, participa con canciones Mar\u00eda Agustina Cano.<\/p>\n<p><img loading=\"lazy\" decoding=\"async\" class=\"alignnone wp-image-43503 size-large\" src=\"https:\/\/vocesparalelas.com.ar\/sitio\/wp-content\/uploads\/2021\/11\/FERNANDEZ-ISABLE-1-730x800.jpg\" alt=\"\" width=\"730\" height=\"800\" srcset=\"https:\/\/vocesparalelas.com.ar\/sitio\/wp-content\/uploads\/2021\/11\/FERNANDEZ-ISABLE-1-730x800.jpg 730w, https:\/\/vocesparalelas.com.ar\/sitio\/wp-content\/uploads\/2021\/11\/FERNANDEZ-ISABLE-1-274x300.jpg 274w, https:\/\/vocesparalelas.com.ar\/sitio\/wp-content\/uploads\/2021\/11\/FERNANDEZ-ISABLE-1-768x842.jpg 768w, https:\/\/vocesparalelas.com.ar\/sitio\/wp-content\/uploads\/2021\/11\/FERNANDEZ-ISABLE-1.jpg 934w\" sizes=\"auto, (max-width: 730px) 100vw, 730px\" \/><\/p>\n<p><img loading=\"lazy\" decoding=\"async\" class=\"alignnone wp-image-43504 size-large\" src=\"https:\/\/vocesparalelas.com.ar\/sitio\/wp-content\/uploads\/2021\/11\/FERNANDEZ-ISABLE-2-800x369.jpg\" alt=\"\" width=\"800\" height=\"369\" srcset=\"https:\/\/vocesparalelas.com.ar\/sitio\/wp-content\/uploads\/2021\/11\/FERNANDEZ-ISABLE-2-800x369.jpg 800w, https:\/\/vocesparalelas.com.ar\/sitio\/wp-content\/uploads\/2021\/11\/FERNANDEZ-ISABLE-2-300x138.jpg 300w, https:\/\/vocesparalelas.com.ar\/sitio\/wp-content\/uploads\/2021\/11\/FERNANDEZ-ISABLE-2-768x354.jpg 768w, https:\/\/vocesparalelas.com.ar\/sitio\/wp-content\/uploads\/2021\/11\/FERNANDEZ-ISABLE-2.jpg 1024w\" sizes=\"auto, (max-width: 800px) 100vw, 800px\" \/><\/p>\n<p><img loading=\"lazy\" decoding=\"async\" class=\"wp-image-43505 size-full aligncenter\" src=\"https:\/\/vocesparalelas.com.ar\/sitio\/wp-content\/uploads\/2021\/11\/FERNANDEZ-ISABLE-3.jpg\" alt=\"\" width=\"455\" height=\"449\" srcset=\"https:\/\/vocesparalelas.com.ar\/sitio\/wp-content\/uploads\/2021\/11\/FERNANDEZ-ISABLE-3.jpg 455w, https:\/\/vocesparalelas.com.ar\/sitio\/wp-content\/uploads\/2021\/11\/FERNANDEZ-ISABLE-3-300x296.jpg 300w\" sizes=\"auto, (max-width: 455px) 100vw, 455px\" \/><\/p>\n<p><img loading=\"lazy\" decoding=\"async\" class=\"alignnone wp-image-43506 size-full\" src=\"https:\/\/vocesparalelas.com.ar\/sitio\/wp-content\/uploads\/2021\/11\/FERNANDEZ-ISABLE-4.jpg\" alt=\"\" width=\"692\" height=\"1024\" srcset=\"https:\/\/vocesparalelas.com.ar\/sitio\/wp-content\/uploads\/2021\/11\/FERNANDEZ-ISABLE-4.jpg 692w, https:\/\/vocesparalelas.com.ar\/sitio\/wp-content\/uploads\/2021\/11\/FERNANDEZ-ISABLE-4-203x300.jpg 203w, https:\/\/vocesparalelas.com.ar\/sitio\/wp-content\/uploads\/2021\/11\/FERNANDEZ-ISABLE-4-541x800.jpg 541w\" sizes=\"auto, (max-width: 692px) 100vw, 692px\" \/><\/p>\n","protected":false},"excerpt":{"rendered":"<p>La Sociedad Franklin Biblioteca Popular invita a la comunidad a participar de la inauguraci\u00f3n de la exposici\u00f3n \u00abEstoy Aqu\u00ed\u00bb de<\/p>\n","protected":false},"author":3,"featured_media":8876,"comment_status":"closed","ping_status":"closed","sticky":false,"template":"","format":"standard","meta":{"_acf_changed":false,"_seopress_robots_primary_cat":"none","_seopress_titles_title":"","_seopress_titles_desc":"","_seopress_robots_index":"","colormag_page_container_layout":"default_layout","colormag_page_sidebar_layout":"default_layout","footnotes":""},"categories":[1],"tags":[],"class_list":["post-43500","post","type-post","status-publish","format-standard","has-post-thumbnail","hentry","category-destacadas"],"acf":[],"_links":{"self":[{"href":"https:\/\/vocesparalelas.com.ar\/sitio\/wp-json\/wp\/v2\/posts\/43500","targetHints":{"allow":["GET"]}}],"collection":[{"href":"https:\/\/vocesparalelas.com.ar\/sitio\/wp-json\/wp\/v2\/posts"}],"about":[{"href":"https:\/\/vocesparalelas.com.ar\/sitio\/wp-json\/wp\/v2\/types\/post"}],"author":[{"embeddable":true,"href":"https:\/\/vocesparalelas.com.ar\/sitio\/wp-json\/wp\/v2\/users\/3"}],"replies":[{"embeddable":true,"href":"https:\/\/vocesparalelas.com.ar\/sitio\/wp-json\/wp\/v2\/comments?post=43500"}],"version-history":[{"count":3,"href":"https:\/\/vocesparalelas.com.ar\/sitio\/wp-json\/wp\/v2\/posts\/43500\/revisions"}],"predecessor-version":[{"id":43508,"href":"https:\/\/vocesparalelas.com.ar\/sitio\/wp-json\/wp\/v2\/posts\/43500\/revisions\/43508"}],"wp:featuredmedia":[{"embeddable":true,"href":"https:\/\/vocesparalelas.com.ar\/sitio\/wp-json\/wp\/v2\/media\/8876"}],"wp:attachment":[{"href":"https:\/\/vocesparalelas.com.ar\/sitio\/wp-json\/wp\/v2\/media?parent=43500"}],"wp:term":[{"taxonomy":"category","embeddable":true,"href":"https:\/\/vocesparalelas.com.ar\/sitio\/wp-json\/wp\/v2\/categories?post=43500"},{"taxonomy":"post_tag","embeddable":true,"href":"https:\/\/vocesparalelas.com.ar\/sitio\/wp-json\/wp\/v2\/tags?post=43500"}],"curies":[{"name":"wp","href":"https:\/\/api.w.org\/{rel}","templated":true}]}}